
{"id":476,"date":"2017-01-25T21:25:15","date_gmt":"2017-01-25T20:25:15","guid":{"rendered":"http:\/\/scf.se\/trial\/?p=476"},"modified":"2017-01-31T15:29:27","modified_gmt":"2017-01-31T14:29:27","slug":"sm-veckan-vinter-2017","status":"publish","type":"post","link":"https:\/\/scf.se\/trial\/sm-veckan-vinter-2017\/","title":{"rendered":"\u00c5rets f\u00f6rsta Cykel-SM &#8211; nedr\u00e4kningen har b\u00f6rjat&#8230;"},"content":{"rendered":"<h2>Inomhusm\u00e4sterskapet i Trial i S\u00f6derhamn 3-4 februari 2017<\/h2>\n<h2><strong><span style=\"color: #ff0000;\">Update:<\/span> F\u00f6lj resultaten live <a href=\"http:\/\/smveckanvinter.azurewebsites.net\/Sports\/ResultList\/1091\">h\u00e4r!<\/a><\/strong><\/h2>\n<hr \/>\n<p>\u00c5terigen kommer vi att arrangera SM Trial inomhus under <a href=\"http:\/\/www.smveckan.se\/\">SM-veckan vinter<\/a>. Denna g\u00e5ng \u00e4r det S\u00f6derhamn som st\u00e5r f\u00f6r v\u00e4rdskapet. Vi hoppas kunna upprepa eller rent av \u00f6vertr\u00e4ffa oss sj\u00e4lva fr\u00e5n 2016 \u00e5rs STORA succ\u00e9!!!<\/p>\n<p>Vi var mycket stolta d\u00e5 vi fick resultatet fr\u00e5n SVT p\u00e5 tittarsiffrorna &#8211; som var det n\u00e4st h\u00f6gsta av alla idrotter efter damernas skidsprint&#8230;, de ni!!!<\/p>\n<p>Nu hoppas vi p\u00e5 att lika m\u00e5nga tittare vill f\u00f6lja trialt\u00e4vlingarna till helgen.\u00a0Det \u00e4r v\u00e5r fantastiska sport v\u00e4rd. SVT Play svt.se\/sport kommer att s\u00e4nda kvalpassen p\u00e5 fredagen och finalen p\u00e5 l\u00f6rdagen. Kommentator \u00e4r Johan Ejeborg med god hj\u00e4lp av g\u00e4stexperten Bj\u00f6rn Levin.<\/p>\n<p><a href=\"https:\/\/scf.se\/trial\/wp-content\/uploads\/sites\/8\/2016\/10\/Tidschema-2017-ver2-2.pdf\">Tidsschema f\u00f6r deltagare<\/a><\/p>\n<h3>TV-s\u00e4ndning (direkts\u00e4ndning fr\u00e5n ishallen)<\/h3>\n<p><strong>SCF Cykeltrial SM inomhus 2017<\/strong><\/p>\n<p><strong>Fredag 3 februari<\/strong><br \/>\nkl. 19.00-20.00 Kval pass 2 <strong>SVTPlay<\/strong><\/p>\n<p><strong>L\u00f6rdag\u00a0februari<\/strong><br \/>\nkl. 14:45-15:45 Final <strong>SVT1 Vinterstudion<\/strong><br \/>\n<a href=\"http:\/\/www.svt.se\/sport\/sm-veckan\/\">SVT Play\u00a0<\/a><\/p>\n<hr \/>\n<p><a href=\"https:\/\/scf.se\/trial\/wp-content\/uploads\/sites\/8\/2016\/11\/Inbjudan-inomhus-SM-Trial-S\u00f6derhamn.pdf\">Inbjudan<\/a><\/p>\n<p>H\u00e5ll Er uppdaterade <a href=\"http:\/\/www.smveckan.se\/\">h\u00e4r.<br \/>\n<\/a>L\u00e4nk till boende:\u00a0<a href=\"https:\/\/www.visitsoderhamn.se\/sv\">www.visitsoderhamn.se\/sv<br \/>\n<\/a>Mail:\u00a0<a href=\"mailto:info@visitsoderhamn.se\">info@visitsoderhamn.se<\/a><\/p>\n","protected":false},"excerpt":{"rendered":"<p>Inomhusm\u00e4sterskapet i Trial i S\u00f6derhamn 3-4 februari 2017 Update: F\u00f6lj resultaten live h\u00e4r! \u00c5terigen kommer vi att arrangera SM Trial inomhus under SM-veckan vinter. Denna g\u00e5ng \u00e4r det S\u00f6derhamn som st\u00e5r f\u00f6r v\u00e4rdskapet. Vi hoppas kunna upprepa eller rent av \u00f6vertr\u00e4ffa oss sj\u00e4lva fr\u00e5n 2016 \u00e5rs STORA succ\u00e9!!! Vi var mycket stolta d\u00e5 vi<a href=\"https:\/\/scf.se\/trial\/sm-veckan-vinter-2017\/\" class=\"news-card__more\"> &#8230;<\/a><\/p>\n","protected":false},"author":9,"featured_media":0,"comment_status":"open","ping_status":"open","sticky":false,"template":"","format":"standard","meta":{"_acf_changed":false,"footnotes":""},"categories":[1],"tags":[],"class_list":["post-476","post","type-post","status-publish","format-standard","hentry","category-trial"],"acf":[],"_links":{"self":[{"href":"https:\/\/scf.se\/trial\/wp-json\/wp\/v2\/posts\/476","targetHints":{"allow":["GET"]}}],"collection":[{"href":"https:\/\/scf.se\/trial\/wp-json\/wp\/v2\/posts"}],"about":[{"href":"https:\/\/scf.se\/trial\/wp-json\/wp\/v2\/types\/post"}],"author":[{"embeddable":true,"href":"https:\/\/scf.se\/trial\/wp-json\/wp\/v2\/users\/9"}],"replies":[{"embeddable":true,"href":"https:\/\/scf.se\/trial\/wp-json\/wp\/v2\/comments?post=476"}],"version-history":[{"count":0,"href":"https:\/\/scf.se\/trial\/wp-json\/wp\/v2\/posts\/476\/revisions"}],"wp:attachment":[{"href":"https:\/\/scf.se\/trial\/wp-json\/wp\/v2\/media?parent=476"}],"wp:term":[{"taxonomy":"category","embeddable":true,"href":"https:\/\/scf.se\/trial\/wp-json\/wp\/v2\/categories?post=476"},{"taxonomy":"post_tag","embeddable":true,"href":"https:\/\/scf.se\/trial\/wp-json\/wp\/v2\/tags?post=476"}],"curies":[{"name":"wp","href":"https:\/\/api.w.org\/{rel}","templated":true}]}}