
{"id":447,"date":"2016-07-26T14:14:44","date_gmt":"2016-07-26T12:14:44","guid":{"rendered":"http:\/\/scf.se\/trial\/?p=447"},"modified":"2016-07-27T14:15:45","modified_gmt":"2016-07-27T12:15:45","slug":"447-2","status":"publish","type":"post","link":"https:\/\/scf.se\/trial\/447-2\/","title":{"rendered":"EM-brons till Sverige genom Joacim Nymann"},"content":{"rendered":"<p>I helgen blev Joacim Nymann strong bronsmedalj\u00f6r p\u00e5 EM i Le Puy en Velay. Joacim kunde njuta av utsikten fr\u00e5n prispallen efter en sp\u00e4nnande t\u00e4vling p\u00e5 h\u00f6ga, sv\u00e5ra och tuffa sektioner. Det \u00e4r f\u00f6rsta g\u00e5ngen som en svensk tar medalj vid\u00a0ett UEC m\u00e4sterskap. Bredvid Joacim\u00a0stod tv\u00e5 av v\u00e4rldens fr\u00e4msta trialcyklister som redan har flera VM- och cupmedaljer i sina \u00e4gor. Abel Mustieles och Benito Ros fr\u00e5n Spanien tog guld respektive silver.<\/p>\n<div id=\"attachment_449\" class=\"wp-caption alignnone\" ><a href=\"https:\/\/scf.se\/trial\/wp-content\/uploads\/sites\/8\/2016\/07\/Prispallen-Trial-EM-2016_Photo-Marc-Martel_webb.jpg\"><img loading=\"lazy\" decoding=\"async\" class=\"size-post-small wp-image-449\" src=\"https:\/\/scf.se\/trial\/wp-content\/uploads\/sites\/8\/2016\/07\/Prispallen-Trial-EM-2016_Photo-Marc-Martel_webb-740x462.jpg\" alt=\"Abel Mustieles (guld), Benito Ros (silver) och Joacim Nymann (brons)\" width=\"740\" height=\"462\" \/><\/a><p class=\"wp-caption-text\">Abel Mustieles (guld), Benito Ros (silver) och Joacim Nymann (brons). Foto: Marc Martel.<\/p><\/div>\n<p>\u201dDet k\u00e4nns j\u00e4ttebra, jag har hunnit sm\u00e4lta det lite nu, men det \u00e4r f\u00f6rsta g\u00e5ngen jag tar en medalj p\u00e5 ett internationellt m\u00e4sterskap\u00a0och det \u00e4r j\u00e4tteroligt\u201d, s\u00e4ger Joacim Nymann.<\/p>\n<p>&nbsp;<\/p>\n<p>&nbsp;<\/p>\n<div id=\"attachment_448\" class=\"wp-caption alignnone\" ><a href=\"https:\/\/scf.se\/trial\/wp-content\/uploads\/sites\/8\/2016\/07\/Joacim-Nymann_PhotoMarcMartel_webb.jpg\"><img loading=\"lazy\" decoding=\"async\" class=\"size-post-small wp-image-448\" src=\"https:\/\/scf.se\/trial\/wp-content\/uploads\/sites\/8\/2016\/07\/Joacim-Nymann_PhotoMarcMartel_webb-740x462.jpg\" alt=\"Joacim Nymann tar EM-bronset 2016. Photo Marc Martel\" width=\"740\" height=\"462\" \/><\/a><p class=\"wp-caption-text\">Joacim Nymann tar EM-bronset 2016. Foto: Marc Martel<\/p><\/div>\n<p>Stort Grattis Joacim!<\/p>\n<p><a href=\"http:\/\/www.mynewsdesk.com\/se\/svenska_cykelforbundet\/pressreleases\/svenskt-em-brons-i-trial-1491203\">Till pressmeddelande<\/a>\u00a0och <a href=\"http:\/\/uec.ch\/results\/2016\/trial\/TRIALS%20Elite20%20Final.pdf\">resultatlistan<\/a><\/p>\n<p>&nbsp;<\/p>\n","protected":false},"excerpt":{"rendered":"<p>I helgen blev Joacim Nymann strong bronsmedalj\u00f6r p\u00e5 EM i Le Puy en Velay. Joacim kunde njuta av utsikten fr\u00e5n prispallen efter en sp\u00e4nnande t\u00e4vling p\u00e5 h\u00f6ga, sv\u00e5ra och tuffa sektioner. Det \u00e4r f\u00f6rsta g\u00e5ngen som en svensk tar medalj vid\u00a0ett UEC m\u00e4sterskap. Bredvid Joacim\u00a0stod tv\u00e5 av v\u00e4rldens fr\u00e4msta trialcyklister som redan har flera<a href=\"https:\/\/scf.se\/trial\/447-2\/\" class=\"news-card__more\"> &#8230;<\/a><\/p>\n","protected":false},"author":2,"featured_media":0,"comment_status":"open","ping_status":"open","sticky":false,"template":"","format":"standard","meta":{"_acf_changed":false,"footnotes":""},"categories":[1],"tags":[],"class_list":["post-447","post","type-post","status-publish","format-standard","hentry","category-trial"],"acf":[],"_links":{"self":[{"href":"https:\/\/scf.se\/trial\/wp-json\/wp\/v2\/posts\/447","targetHints":{"allow":["GET"]}}],"collection":[{"href":"https:\/\/scf.se\/trial\/wp-json\/wp\/v2\/posts"}],"about":[{"href":"https:\/\/scf.se\/trial\/wp-json\/wp\/v2\/types\/post"}],"author":[{"embeddable":true,"href":"https:\/\/scf.se\/trial\/wp-json\/wp\/v2\/users\/2"}],"replies":[{"embeddable":true,"href":"https:\/\/scf.se\/trial\/wp-json\/wp\/v2\/comments?post=447"}],"version-history":[{"count":0,"href":"https:\/\/scf.se\/trial\/wp-json\/wp\/v2\/posts\/447\/revisions"}],"wp:attachment":[{"href":"https:\/\/scf.se\/trial\/wp-json\/wp\/v2\/media?parent=447"}],"wp:term":[{"taxonomy":"category","embeddable":true,"href":"https:\/\/scf.se\/trial\/wp-json\/wp\/v2\/categories?post=447"},{"taxonomy":"post_tag","embeddable":true,"href":"https:\/\/scf.se\/trial\/wp-json\/wp\/v2\/tags?post=447"}],"curies":[{"name":"wp","href":"https:\/\/api.w.org\/{rel}","templated":true}]}}