
{"id":443,"date":"2016-07-12T16:16:08","date_gmt":"2016-07-12T14:16:08","guid":{"rendered":"http:\/\/scf.se\/trial\/?p=443"},"modified":"2016-07-12T16:16:08","modified_gmt":"2016-07-12T14:16:08","slug":"443-2","status":"publish","type":"post","link":"https:\/\/scf.se\/trial\/443-2\/","title":{"rendered":"Landslaget redo f\u00f6r EM i Frankrike"},"content":{"rendered":"<p>Den 22-24 Juli \u00e4r det dags f\u00f6r EM i Trial i Le Puy-En-Velay i Frankrike. Cirka\u00a0150 t\u00e4vlande fr\u00e5n 20 l\u00e4nder deltar och det svenska trial-landslaget p\u00e5 fem cyklister kan r\u00e4kna med h\u00e5rt motst\u00e5nd\u00a0fr\u00e5n de 20 andra europeiska nationerna. Svenskarna t\u00e4vlar i i tre av klasserna. Alexander Karlsson i elitklassen \u00e4r den enda som k\u00f6r p\u00e5 en 26 tums-cykel. Joacim Nymann och Tobias Hult t\u00e4vlar i 20&#8243; elit. Juniorerna Victor Hedin och Victor Fredriksson k\u00f6r ocks\u00e5 20\u201d i sin klass. I damklassen har Sverige ingen p\u00e5 plats den h\u00e4r g\u00e5ngen.<\/p>\n<div id=\"attachment_444\" class=\"wp-caption alignnone\" ><a href=\"https:\/\/scf.se\/trial\/wp-content\/uploads\/sites\/8\/2016\/07\/Photo-by-Valentin-Baat-MTB-EM-4299.jpg\"><img loading=\"lazy\" decoding=\"async\" class=\"wp-image-444 size-post-small\" src=\"https:\/\/scf.se\/trial\/wp-content\/uploads\/sites\/8\/2016\/07\/Photo-by-Valentin-Baat-MTB-EM-4299-740x462.jpg\" alt=\"Photo by Valentin Baat MTB EM-4299\" width=\"740\" height=\"462\" \/><\/a><p class=\"wp-caption-text\">Joacim Nymann, dubbel svensk m\u00e4stare i Trial 2016 (utomhus och inomhus-Trial)<\/p><\/div>\n<p>Den lokala arrang\u00f6ren lovar en upplevelsesp\u00e4ckad helg med intressanta kringevenemang. Trialt\u00e4vlingarna kommer att h\u00e5llas vid uppbyggda stationer runt om i den gamla stadsdelen av Le Puy-en-Velay. Mer information p\u00e5 <a href=\"http:\/\/european-trial-2016.com\">arrang\u00f6rens hemsida.<\/a><\/p>\n<p>Efter EM drar trialg\u00e4nget vidare p\u00e5 tr\u00e4ningsl\u00e4ger innan det \u00e4r dags f\u00f6r en v\u00e4rldscupt\u00e4vling i V\u00f6cklabruck, \u00d6sterrike den 30-31 juli. Mer om<a href=\"http:\/\/www.trialsworldcup.at\"> v\u00e4rldscupen.<\/a><\/p>\n<p>&nbsp;<\/p>\n","protected":false},"excerpt":{"rendered":"<p>Den 22-24 Juli \u00e4r det dags f\u00f6r EM i Trial i Le Puy-En-Velay i Frankrike. Cirka\u00a0150 t\u00e4vlande fr\u00e5n 20 l\u00e4nder deltar och det svenska trial-landslaget p\u00e5 fem cyklister kan r\u00e4kna med h\u00e5rt motst\u00e5nd\u00a0fr\u00e5n de 20 andra europeiska nationerna. Svenskarna t\u00e4vlar i i tre av klasserna. Alexander Karlsson i elitklassen \u00e4r den enda som k\u00f6r<a href=\"https:\/\/scf.se\/trial\/443-2\/\" class=\"news-card__more\"> &#8230;<\/a><\/p>\n","protected":false},"author":2,"featured_media":0,"comment_status":"open","ping_status":"open","sticky":false,"template":"","format":"standard","meta":{"_acf_changed":false,"footnotes":""},"categories":[1],"tags":[],"class_list":["post-443","post","type-post","status-publish","format-standard","hentry","category-trial"],"acf":[],"_links":{"self":[{"href":"https:\/\/scf.se\/trial\/wp-json\/wp\/v2\/posts\/443","targetHints":{"allow":["GET"]}}],"collection":[{"href":"https:\/\/scf.se\/trial\/wp-json\/wp\/v2\/posts"}],"about":[{"href":"https:\/\/scf.se\/trial\/wp-json\/wp\/v2\/types\/post"}],"author":[{"embeddable":true,"href":"https:\/\/scf.se\/trial\/wp-json\/wp\/v2\/users\/2"}],"replies":[{"embeddable":true,"href":"https:\/\/scf.se\/trial\/wp-json\/wp\/v2\/comments?post=443"}],"version-history":[{"count":0,"href":"https:\/\/scf.se\/trial\/wp-json\/wp\/v2\/posts\/443\/revisions"}],"wp:attachment":[{"href":"https:\/\/scf.se\/trial\/wp-json\/wp\/v2\/media?parent=443"}],"wp:term":[{"taxonomy":"category","embeddable":true,"href":"https:\/\/scf.se\/trial\/wp-json\/wp\/v2\/categories?post=443"},{"taxonomy":"post_tag","embeddable":true,"href":"https:\/\/scf.se\/trial\/wp-json\/wp\/v2\/tags?post=443"}],"curies":[{"name":"wp","href":"https:\/\/api.w.org\/{rel}","templated":true}]}}