
{"id":43,"date":"2015-11-10T14:43:03","date_gmt":"2015-11-10T13:43:03","guid":{"rendered":"http:\/\/svenskcykel.grandpublic.se\/trial\/?p=43"},"modified":"2016-01-14T09:11:37","modified_gmt":"2016-01-14T08:11:37","slug":"sm-trial-inomhus-direktsands-pa-svt","status":"publish","type":"post","link":"https:\/\/scf.se\/trial\/sm-trial-inomhus-direktsands-pa-svt\/","title":{"rendered":"Inbjudan till SM Trial inomhus"},"content":{"rendered":"<p><strong>Den 29 januari 2016 arrangeras\u00a0svenska m\u00e4sterskapen i Trial inomhus. M\u00e4sterskapet arrangeras i samband med SM-veckan vinter som i \u00e5r \u00e4ger rum i Pite\u00e5. \u00a0Missa inte finalen som kommer att direkts\u00e4ndas i SVT. Men framf\u00f6rallt, missa inte att anm\u00e4la dig till t\u00e4vlingen om du vill delta! Sista anm\u00e4lan 19 januari 2016.<\/strong><\/p>\n<p>Svenska m\u00e4sterskapen i Trial inomhus g\u00e5r p\u00e5 Pitem\u00e4ssan vid Pite Havsbad i samband med SM-veckan vinter. Det \u00e4r det andra m\u00e4sterskapet som genomf\u00f6rs p\u00e5 i Svenska Cykelf\u00f6rbundets regi och precis som f\u00f6rra \u00e5ret samarrangeras t\u00e4vlingarna med m\u00e4sterskapen i X-trial. Finalen som kommer att direkts\u00e4ndas i SVT p\u00e5 fredagen den 29 januari kl.17.00-18.00 och f\u00f6rra \u00e5rets duktiga expertkommentator, Bj\u00f6rn Levin, \u00e4r med \u00e4ven denna g\u00e5ng.<\/p>\n<p><strong>Prova-p\u00e5-tillf\u00e4lle!<br \/>\n<\/strong>I samband med t\u00e4vlingarna finns m\u00f6jlighet att prova p\u00e5 Trial. V\u00e4lkommen att b\u00e5de se och testa Trial, den 29 januari i Pite\u00e5!<\/p>\n<p><a href=\"http:\/\/svenskcykel.grandpublic.se\/trial\/wp-content\/uploads\/sites\/8\/2015\/11\/Inbjudan-och-till\u00e4ggsregler-SCF-Svenska-m\u00e4sterskap-Trial-inomhus-160109.pdf\" rel=\"\">Inbjudan och till\u00e4ggsregler<\/a><br \/>\n<a href=\"http:\/\/www.smveckan.se\">F\u00f6lj senaste nytt om SM-veckan<br \/>\n<\/a><a href=\"https:\/\/www.pitea.se\/Invanare\/Fritid-kultur\/Det-hander-i-Pitea\/en-masterlig-folkfest\/\">Sm-veckan i Pite\u00e5<\/a><\/p>\n<p>&nbsp;<\/p>\n","protected":false},"excerpt":{"rendered":"<p>Den 29 januari 2016 arrangeras\u00a0svenska m\u00e4sterskapen i Trial inomhus. M\u00e4sterskapet arrangeras i samband med SM-veckan vinter som i \u00e5r \u00e4ger rum i Pite\u00e5. \u00a0Missa inte finalen som kommer att direkts\u00e4ndas i SVT. Men framf\u00f6rallt, missa inte att anm\u00e4la dig till t\u00e4vlingen om du vill delta! Sista anm\u00e4lan 19 januari 2016. Svenska m\u00e4sterskapen i Trial<a href=\"https:\/\/scf.se\/trial\/sm-trial-inomhus-direktsands-pa-svt\/\" class=\"news-card__more\"> &#8230;<\/a><\/p>\n","protected":false},"author":2,"featured_media":0,"comment_status":"open","ping_status":"open","sticky":false,"template":"","format":"standard","meta":{"_acf_changed":false,"footnotes":""},"categories":[1],"tags":[],"class_list":["post-43","post","type-post","status-publish","format-standard","hentry","category-trial"],"acf":[],"_links":{"self":[{"href":"https:\/\/scf.se\/trial\/wp-json\/wp\/v2\/posts\/43","targetHints":{"allow":["GET"]}}],"collection":[{"href":"https:\/\/scf.se\/trial\/wp-json\/wp\/v2\/posts"}],"about":[{"href":"https:\/\/scf.se\/trial\/wp-json\/wp\/v2\/types\/post"}],"author":[{"embeddable":true,"href":"https:\/\/scf.se\/trial\/wp-json\/wp\/v2\/users\/2"}],"replies":[{"embeddable":true,"href":"https:\/\/scf.se\/trial\/wp-json\/wp\/v2\/comments?post=43"}],"version-history":[{"count":0,"href":"https:\/\/scf.se\/trial\/wp-json\/wp\/v2\/posts\/43\/revisions"}],"wp:attachment":[{"href":"https:\/\/scf.se\/trial\/wp-json\/wp\/v2\/media?parent=43"}],"wp:term":[{"taxonomy":"category","embeddable":true,"href":"https:\/\/scf.se\/trial\/wp-json\/wp\/v2\/categories?post=43"},{"taxonomy":"post_tag","embeddable":true,"href":"https:\/\/scf.se\/trial\/wp-json\/wp\/v2\/tags?post=43"}],"curies":[{"name":"wp","href":"https:\/\/api.w.org\/{rel}","templated":true}]}}