
{"id":375,"date":"2016-04-29T13:05:21","date_gmt":"2016-04-29T11:05:21","guid":{"rendered":"http:\/\/scf.se\/trial\/?p=375"},"modified":"2016-04-29T13:12:10","modified_gmt":"2016-04-29T11:12:10","slug":"svenska-masterskapen-i-trial-utomhus-8-maj","status":"publish","type":"post","link":"https:\/\/scf.se\/trial\/svenska-masterskapen-i-trial-utomhus-8-maj\/","title":{"rendered":"Svenska m\u00e4sterskapen i Trial i samband med MTB-EM"},"content":{"rendered":"<p>Nu n\u00e4rmar sig Svenska m\u00e4sterskapet i Trial och den 8 maj i Huskvarna kommer det f\u00f6rsta allra f\u00f6rsta utomhusm\u00e4sterskapet i Cykelf\u00f6rbundets regi att g\u00e5 av stapeln. T\u00e4vlingen \u00e4ger rum i samband med EM i Mountainbike vilket b\u00e4ddar f\u00f6r en riktig cykelfest av stora m\u00e5tt.<\/p>\n<p>Efter succ\u00e9n under SM-veckan i Pite\u00e5 d\u00e5 inomhus-Trial drog fulla hus och publik ute i landet satt b\u00e4nkade hemma i soffan framf\u00f6r SVT:s s\u00e4ndningar \u00e4r det allts\u00e5 dags igen. Vi kan f\u00f6rv\u00e4nta oss roliga och sp\u00e4nnande t\u00e4vlingar \u00e4ven denna g\u00e5ng. \u00c5terigen f\u00e5 se v\u00e5ra Trialstj\u00e4rnor g\u00f6ra upp om medaljerna genom balanskr\u00e4vande hopp p\u00e5 h\u00f6ga och kniviga hinder. Bland de t\u00e4vlande kommer vi att f\u00e5 se regerande svensk m\u00e4stare Joacim Nymann fr\u00e5n Lerum, rankad 6:a i v\u00e4rlden i sin klass.<\/p>\n<p>\u2014\u00a0\u00a0\u00a0\u00a0 Riktigt h\u00e4rligt att det nu blir ett utomhus SM, det \u00e4r ju just utomhus som Trial-t\u00e4vlingar k\u00f6rs normalt. Att t\u00e4vlingen k\u00f6rs i samband med EM i mountainbike g\u00f6r att det blir extra roligt, s\u00e4ger Jonas Ljungblad, Svenska Cykelf\u00f6rbundets sportchef.<\/p>\n<p>F\u00f6rutom SM \u00e4r det ocks\u00e5 en f\u00f6rsta delt\u00e4vling i SWE Cup samma helg. Den 7 maj g\u00e5r den och blir en bra uppv\u00e4rmning inf\u00f6r SM!<\/p>\n<p>EM-organisationen har skrivit en fin artikel om SM, l\u00e4s den <a href=\"http:\/\/euromtb.com\/swedish-national-trial-champs-euromtb\/\">h\u00e4r<\/a><\/p>\n<p>&nbsp;<\/p>\n","protected":false},"excerpt":{"rendered":"<p>Nu n\u00e4rmar sig Svenska m\u00e4sterskapet i Trial och den 8 maj i Huskvarna kommer det f\u00f6rsta allra f\u00f6rsta utomhusm\u00e4sterskapet i Cykelf\u00f6rbundets regi att g\u00e5 av stapeln. T\u00e4vlingen \u00e4ger rum i samband med EM i Mountainbike vilket b\u00e4ddar f\u00f6r en riktig cykelfest av stora m\u00e5tt. Efter succ\u00e9n under SM-veckan i Pite\u00e5 d\u00e5 inomhus-Trial drog fulla<a href=\"https:\/\/scf.se\/trial\/svenska-masterskapen-i-trial-utomhus-8-maj\/\" class=\"news-card__more\"> &#8230;<\/a><\/p>\n","protected":false},"author":2,"featured_media":0,"comment_status":"open","ping_status":"open","sticky":false,"template":"","format":"standard","meta":{"_acf_changed":false,"footnotes":""},"categories":[1],"tags":[],"class_list":["post-375","post","type-post","status-publish","format-standard","hentry","category-trial"],"acf":[],"_links":{"self":[{"href":"https:\/\/scf.se\/trial\/wp-json\/wp\/v2\/posts\/375","targetHints":{"allow":["GET"]}}],"collection":[{"href":"https:\/\/scf.se\/trial\/wp-json\/wp\/v2\/posts"}],"about":[{"href":"https:\/\/scf.se\/trial\/wp-json\/wp\/v2\/types\/post"}],"author":[{"embeddable":true,"href":"https:\/\/scf.se\/trial\/wp-json\/wp\/v2\/users\/2"}],"replies":[{"embeddable":true,"href":"https:\/\/scf.se\/trial\/wp-json\/wp\/v2\/comments?post=375"}],"version-history":[{"count":0,"href":"https:\/\/scf.se\/trial\/wp-json\/wp\/v2\/posts\/375\/revisions"}],"wp:attachment":[{"href":"https:\/\/scf.se\/trial\/wp-json\/wp\/v2\/media?parent=375"}],"wp:term":[{"taxonomy":"category","embeddable":true,"href":"https:\/\/scf.se\/trial\/wp-json\/wp\/v2\/categories?post=375"},{"taxonomy":"post_tag","embeddable":true,"href":"https:\/\/scf.se\/trial\/wp-json\/wp\/v2\/tags?post=375"}],"curies":[{"name":"wp","href":"https:\/\/api.w.org\/{rel}","templated":true}]}}