
{"id":2104,"date":"2026-03-04T14:20:07","date_gmt":"2026-03-04T13:20:07","guid":{"rendered":"https:\/\/scf.se\/trial\/?p=2104"},"modified":"2026-03-06T16:36:48","modified_gmt":"2026-03-06T15:36:48","slug":"ludvig-andersson-till-start-i-sm-trial-klart-med-startfalt-och-tv-tider","status":"publish","type":"post","link":"https:\/\/scf.se\/trial\/ludvig-andersson-till-start-i-sm-trial-klart-med-startfalt-och-tv-tider\/","title":{"rendered":"Ludvig Andersson till SM-veckans trial \u2013 d\u00e4r startf\u00e4ltet ser ut s\u00e5 h\u00e4r"},"content":{"rendered":"<p><strong>Cykeltrial \u00e4r numera en traditionell attraktion f\u00f6r SVT:s s\u00e4ndningar fr\u00e5n SM-veckan vinter. \u00c5rets inomhus-SM avg\u00f6rs den 28 mars i Nolia eventhall i centrala Ume\u00e5. N\u00e4r anm\u00e4lningstiden nu har g\u00e5tt ut \u00e4r det f\u00f6ljande sex cyklister som g\u00f6r upp om SM-medaljerna.<\/strong><\/p>\n<h2>De g\u00f6r upp om SM-guldet inomhus i Ume\u00e5<\/h2>\n<ul>\n<li><strong data-start=\"0\" data-end=\"20\" data-is-only-node=\"\">Ludvig Andersson<\/strong>, Arvika Idrottss\u00e4llskap<\/li>\n<li><strong data-start=\"47\" data-end=\"67\">Holger Johansson<\/strong>, Tranemo Cykels\u00e4llskap<\/li>\n<li><strong data-start=\"93\" data-end=\"115\">Alexander Karlsson<\/strong>, Hawkhills Trialklubb<\/li>\n<li><strong data-start=\"140\" data-end=\"157\">Jakob Nilsson<\/strong>, Hawkhills Trialklubb<\/li>\n<li><strong data-start=\"182\" data-end=\"208\">Edvin Thorsson<\/strong>, Tranemo Cykels\u00e4llskap<\/li>\n<li><strong data-start=\"234\" data-end=\"254\">Kasper Waldest\u00e5l<\/strong>, Hawkhills Trialklubb<\/li>\n<\/ul>\n<p>P\u00e5 papperet ser det ut som att seniorlandslagscyklisterna Ludvig Andersson och Alexander Karlsson g\u00f6r upp om guldet. De senaste \u00e5rens SM-resultat har n\u00e4mligen sett ut s\u00e5 h\u00e4r. D\u00e5 ska man ocks\u00e5 r\u00e4kna in att Ludvig Andersson missade n\u00e4stan hela f\u00f6rra s\u00e4songen p\u00e5 grund av skador.<\/p>\n<ul>\n<li><strong>2022<\/strong>: Inomhus i Pite\u00e5 vann Ludvig Andersson som junior och utomhus Alexander Karlsson.<\/li>\n<li><strong>2023:<\/strong> Inomhus i Sk\u00f6vde segrade Alexander Karlsson medan Ludvig Andersson bem\u00e4strade en sv\u00e5r SM-bana i centrala Laholm b\u00e4st.<\/li>\n<li><strong>2024:<\/strong> Ludvig Andersson vann b\u00e5de inne i Sunderby ishall mellan Lule\u00e5 och Boden och ute p\u00e5 Hawkhills Trialklubbs anl\u00e4ggning i Laholm.<\/li>\n<li><strong>2025:<\/strong> Inomhus i Bor\u00e5s vann Ludvig Andersson och i v\u00e4rmen utomhus i V\u00e4rnamo segrade Alexander Karlsson.<\/li>\n<\/ul>\n<p>Om vi forts\u00e4tter att analysera hur det ser ut p\u00e5 papperet s\u00e5 vankas en superintressant kamp om\u00a0 dels de tv\u00e5 sista finalplatserna och sedan bronset. Flera unga cyklister har tagit steg.\u00a0Det finns mycket som talar f\u00f6r bra tv-underh\u00e5llning med andra ord.<\/p>\n<p>De flesta grenarna tv-s\u00e4nds och prelimin\u00e4rt ser det ut som att det blir s\u00e4ndningar redan fr\u00e5n kvalet i cykeltrial. Klart \u00e4r att expertkommentatorn Nadine K\u00e5mark, som h\u00f6jer s\u00e4ndningarna med inspiration och kunnande, finns p\u00e5 plats i Ume\u00e5.<\/p>\n<h2>S\u00e5 s\u00e4nder SVT fr\u00e5n cykelgrenarna p\u00e5 SM-veckan<\/h2>\n<h3>Fredag 27 mars:<\/h3>\n<ul>\n<li><strong>10.00\u201310.40:<\/strong> Snowbike, finalpass.<\/li>\n<li><strong>13.40\u201315.25:<\/strong> E-cycling.<\/li>\n<\/ul>\n<h3>L\u00f6rdag 28 mars:<\/h3>\n<ul>\n<li><strong>10.00\u201311.40:<\/strong> Cykeltrial och X-trial, kval (prelimin\u00e4rt).<\/li>\n<li><strong>14.20\u201315.15:<\/strong> Cykeltrial och X-trial, finaler.<\/li>\n<\/ul>\n<p><em>Alla tider \u00e4r prelimin\u00e4ra. S\u00e4ndningarna finns alltid i sin helhet i SVT Play, vissa delar visas \u00e4ven i de linj\u00e4ra SVT-kanalerna.<\/em><\/p>\n<p>\u00c5rets SM-vecka vinter f\u00e5r extra stj\u00e4rnglans med OS-medalj\u00f6rerna fr\u00e5n l\u00e4ngdskid\u00e5kningen p\u00e5 plats, vilket b\u00f6r p\u00e5verka den totala publiktillstr\u00f6mningen positivt.<\/p>\n<p><em>Text: SCF<\/em><\/p>\n<p>&nbsp;<\/p>\n<p>&nbsp;<\/p>\n<p>&nbsp;<\/p>\n<p>&nbsp;<\/p>\n<p>&nbsp;<\/p>\n<p>&nbsp;<\/p>\n<p>&nbsp;<\/p>\n","protected":false},"excerpt":{"rendered":"<p>Cykeltrial \u00e4r numera en traditionell attraktion f\u00f6r SVT:s s\u00e4ndningar fr\u00e5n SM-veckan vinter. \u00c5rets inomhus-SM avg\u00f6rs den 28 mars i Nolia eventhall i centrala Ume\u00e5. N\u00e4r anm\u00e4lningstiden nu har g\u00e5tt ut \u00e4r det f\u00f6ljande sex cyklister som g\u00f6r upp om SM-medaljerna. De g\u00f6r upp om SM-guldet inomhus i Ume\u00e5 Ludvig Andersson, Arvika Idrottss\u00e4llskap Holger Johansson,<a href=\"https:\/\/scf.se\/trial\/ludvig-andersson-till-start-i-sm-trial-klart-med-startfalt-och-tv-tider\/\" class=\"news-card__more\"> &#8230;<\/a><\/p>\n","protected":false},"author":41,"featured_media":1923,"comment_status":"open","ping_status":"open","sticky":true,"template":"","format":"standard","meta":{"_acf_changed":false,"footnotes":""},"categories":[1],"tags":[],"class_list":["post-2104","post","type-post","status-publish","format-standard","hentry","category-trial"],"acf":[],"_links":{"self":[{"href":"https:\/\/scf.se\/trial\/wp-json\/wp\/v2\/posts\/2104","targetHints":{"allow":["GET"]}}],"collection":[{"href":"https:\/\/scf.se\/trial\/wp-json\/wp\/v2\/posts"}],"about":[{"href":"https:\/\/scf.se\/trial\/wp-json\/wp\/v2\/types\/post"}],"author":[{"embeddable":true,"href":"https:\/\/scf.se\/trial\/wp-json\/wp\/v2\/users\/41"}],"replies":[{"embeddable":true,"href":"https:\/\/scf.se\/trial\/wp-json\/wp\/v2\/comments?post=2104"}],"version-history":[{"count":16,"href":"https:\/\/scf.se\/trial\/wp-json\/wp\/v2\/posts\/2104\/revisions"}],"predecessor-version":[{"id":2120,"href":"https:\/\/scf.se\/trial\/wp-json\/wp\/v2\/posts\/2104\/revisions\/2120"}],"wp:featuredmedia":[{"embeddable":true,"href":"https:\/\/scf.se\/trial\/wp-json\/wp\/v2\/media\/1923"}],"wp:attachment":[{"href":"https:\/\/scf.se\/trial\/wp-json\/wp\/v2\/media?parent=2104"}],"wp:term":[{"taxonomy":"category","embeddable":true,"href":"https:\/\/scf.se\/trial\/wp-json\/wp\/v2\/categories?post=2104"},{"taxonomy":"post_tag","embeddable":true,"href":"https:\/\/scf.se\/trial\/wp-json\/wp\/v2\/tags?post=2104"}],"curies":[{"name":"wp","href":"https:\/\/api.w.org\/{rel}","templated":true}]}}