
{"id":2090,"date":"2026-01-22T14:55:45","date_gmt":"2026-01-22T13:55:45","guid":{"rendered":"https:\/\/scf.se\/trial\/?p=2090"},"modified":"2026-01-22T14:56:58","modified_gmt":"2026-01-22T13:56:58","slug":"missa-inte-traningslager-med-trialproffset-jonas-friedrich","status":"publish","type":"post","link":"https:\/\/scf.se\/trial\/missa-inte-traningslager-med-trialproffset-jonas-friedrich\/","title":{"rendered":"Missa inte tr\u00e4ningsl\u00e4ger i mars med trialproffset Jonas Friedrich"},"content":{"rendered":"<p><strong>Grengrupp Trial bjuder in till ett inspirerande tr\u00e4ningsl\u00e4ger l\u00f6rdag och s\u00f6ndag 8\u20139 mars 2026. Vi \u00e4r glada att \u00e5ter igen kunna v\u00e4lkomna den professionella trialcyklisten Jonas Friedrich fr\u00e5n Tyskland, som kommer att leda tr\u00e4ningen och dela med sig av sin expertis. Under l\u00f6rdagen h\u00e5lls parallellt en kommissarieutbildning f\u00f6r att kunna d\u00f6ma i trialt\u00e4vlingar.<\/strong><\/p>\n<h3>Triall\u00e4ger med <strong>Jonas Friedrich <\/strong><\/h3>\n<ul>\n<li><strong>L\u00f6rdag 7 mars:<\/strong> Svenljunga<\/li>\n<li><strong>S\u00f6ndag 8 mars<\/strong>: <span style=\"color: black\">Kungsbacka<\/span><\/li>\n<li><strong>M\u00e5lgrupp:<\/strong> Trialcyklister i alla \u00e5ldrar, p\u00e5 alla niv\u00e5er och fr\u00e5n alla klubbar. Alla ska k\u00e4nna sig varmt v\u00e4lkomna!<\/li>\n<li><strong>Kostnad<\/strong>: 300 kronor per deltagare. Swishas till 0702-420707 (Christian Andersson).<\/li>\n<li><strong>Anm\u00e4lan<\/strong>: Senast 14 februari genom att mejla: <a href=\"mailto:christian.andersson@scf.se\"><strong><em>christian.andersson@scf.se<\/em><\/strong><\/a><\/li>\n<\/ul>\n<h3>Detta ing\u00e5r i l\u00e4gret<\/h3>\n<ul>\n<li>Professionell tr\u00e4ning med Jonas Friedrich.<\/li>\n<li>Lunch och mellanm\u00e5l b\u00e5da dagarna.<\/li>\n<li>Lokalhyra.<\/li>\n<li>Observera att deltagarna sj\u00e4lva ansvarar f\u00f6r transport och boende.<\/li>\n<\/ul>\n<h3>Prelimin\u00e4rt tidsprogram b\u00e5da dagarna<\/h3>\n<ul>\n<li>10.00\u201312.00: Tr\u00e4ningspass 1, alla klasser f\u00f6rutom elit<\/li>\n<li>12.00\u201313.00: Lunch<\/li>\n<li>13.00\u201315.00: Tr\u00e4ningspass 2, alla klasser f\u00f6rutom elit \u2013 avslutas med mellanm\u00e5l.<\/li>\n<li>15.00\u201318.00: Tr\u00e4ningspass 3, endast elit<\/li>\n<\/ul>\n<p>Under l\u00f6rdagens tr\u00e4ning kommer \u00e4ven f\u00f6rbundskaptenen Christian Andersson att h\u00e5lla i en kommissarieutbildning i fikarummet vid cykelhallen f\u00f6r de som \u00e4r intresserade. Det \u00e4r i dagsl\u00e4get f\u00f6r f\u00e5 kommissarier som kan d\u00f6ma p\u00e5 de nationella trialt\u00e4vlingarna, som SWE Cup och SM. Mejla Christian vid intresse eller fr\u00e5gor om kommissarieutbildningen.<\/p>\n<p>Begr\u00e4nsat antal platser! Vid eventuellt \u00e5terbud, mejla: <a href=\"mailto:trial@scf.se\"><em><strong>trial@scf.se<\/strong> <\/em><\/a>och <a href=\"mailto:christian.andersson@scf.se\"><strong><em>christian.andersson@scf.se<\/em><\/strong><\/a><\/p>\n<p>Grengruppen vill skapa en m\u00f6tesplats d\u00e4r Sveriges trialcyklister kan tr\u00e4ffas, tr\u00e4na tillsammans, utvecklas och ha roligt! Detaljer om tr\u00e4ningsl\u00e4gret meddelas till de anm\u00e4lda.<\/p>\n<ul>\n<li><a href=\"http:\/\/www.jofr.academy\"><em><strong>L\u00e4s mer om Jonas Friedrich och hans trialakademi h\u00e4r!\u00a0<\/strong><\/em><\/a><\/li>\n<\/ul>\n<p>Vi ser fram emot att tr\u00e4ffa dig!<\/p>\n<p><em>H\u00e4lsningar,<\/em><br \/>\n<strong><em>Grengrupp Trial<\/em><\/strong><\/p>\n","protected":false},"excerpt":{"rendered":"<p>Grengrupp Trial bjuder in till ett inspirerande tr\u00e4ningsl\u00e4ger l\u00f6rdag och s\u00f6ndag 8\u20139 mars 2026. Vi \u00e4r glada att \u00e5ter igen kunna v\u00e4lkomna den professionella trialcyklisten Jonas Friedrich fr\u00e5n Tyskland, som kommer att leda tr\u00e4ningen och dela med sig av sin expertis. Under l\u00f6rdagen h\u00e5lls parallellt en kommissarieutbildning f\u00f6r att kunna d\u00f6ma i trialt\u00e4vlingar. Triall\u00e4ger<a href=\"https:\/\/scf.se\/trial\/missa-inte-traningslager-med-trialproffset-jonas-friedrich\/\" class=\"news-card__more\"> &#8230;<\/a><\/p>\n","protected":false},"author":41,"featured_media":2095,"comment_status":"open","ping_status":"open","sticky":true,"template":"","format":"standard","meta":{"_acf_changed":false,"footnotes":""},"categories":[1],"tags":[],"class_list":["post-2090","post","type-post","status-publish","format-standard","hentry","category-trial"],"acf":[],"_links":{"self":[{"href":"https:\/\/scf.se\/trial\/wp-json\/wp\/v2\/posts\/2090","targetHints":{"allow":["GET"]}}],"collection":[{"href":"https:\/\/scf.se\/trial\/wp-json\/wp\/v2\/posts"}],"about":[{"href":"https:\/\/scf.se\/trial\/wp-json\/wp\/v2\/types\/post"}],"author":[{"embeddable":true,"href":"https:\/\/scf.se\/trial\/wp-json\/wp\/v2\/users\/41"}],"replies":[{"embeddable":true,"href":"https:\/\/scf.se\/trial\/wp-json\/wp\/v2\/comments?post=2090"}],"version-history":[{"count":6,"href":"https:\/\/scf.se\/trial\/wp-json\/wp\/v2\/posts\/2090\/revisions"}],"predecessor-version":[{"id":2097,"href":"https:\/\/scf.se\/trial\/wp-json\/wp\/v2\/posts\/2090\/revisions\/2097"}],"wp:featuredmedia":[{"embeddable":true,"href":"https:\/\/scf.se\/trial\/wp-json\/wp\/v2\/media\/2095"}],"wp:attachment":[{"href":"https:\/\/scf.se\/trial\/wp-json\/wp\/v2\/media?parent=2090"}],"wp:term":[{"taxonomy":"category","embeddable":true,"href":"https:\/\/scf.se\/trial\/wp-json\/wp\/v2\/categories?post=2090"},{"taxonomy":"post_tag","embeddable":true,"href":"https:\/\/scf.se\/trial\/wp-json\/wp\/v2\/tags?post=2090"}],"curies":[{"name":"wp","href":"https:\/\/api.w.org\/{rel}","templated":true}]}}