
{"id":2061,"date":"2025-11-06T20:57:22","date_gmt":"2025-11-06T19:57:22","guid":{"rendered":"https:\/\/scf.se\/trial\/?p=2061"},"modified":"2025-11-08T18:24:10","modified_gmt":"2025-11-08T17:24:10","slug":"ludvig-andersson-nojd-med-varmt-vm-pa-vag-tillbaka-efter-skadan","status":"publish","type":"post","link":"https:\/\/scf.se\/trial\/ludvig-andersson-nojd-med-varmt-vm-pa-vag-tillbaka-efter-skadan\/","title":{"rendered":"Ludvig \u00e4r n\u00f6jd efter varmt VM \u2013 p\u00e5 v\u00e4g tillbaka efter skadan"},"content":{"rendered":"<p><strong>Det var en extremt l\u00e5ng och tuff bana p\u00e5 VM i Saudiarabiens huvudstad Riyadh. Ludvig Andersson visade att han \u00e4r p\u00e5 helt r\u00e4tt v\u00e4g p\u00e5 v\u00e4g tillbaka efter handledsskada. Han slutade 22:a med 400 ink\u00f6rda po\u00e4ng. Alexander Karlsson hade det innan dess tufft med den extrema v\u00e4rmen, men k\u00f6rde bra stundtals fast han tog slut fysiskt.<\/strong><\/p>\n<p>&#8221;Ludde&#8221; s\u00e4ger sj\u00e4lv s\u00e5 h\u00e4r om VM-t\u00e4vlandet, som blev en ren bonus denna s\u00e4song och en stor boost inf\u00f6r n\u00e4sta.<\/p>\n<a href=\"https:\/\/scf.se\/trial\/wp-content\/uploads\/sites\/8\/2025\/11\/IMG_6137.jpg\"><img loading=\"lazy\" decoding=\"async\" class=\"alignnone size-full wp-image-2054\" src=\"https:\/\/scf.se\/trial\/wp-content\/uploads\/sites\/8\/2025\/11\/IMG_6137.jpg\" alt=\"\" width=\"2200\" height=\"1534\" srcset=\"https:\/\/scf.se\/trial\/wp-content\/uploads\/sites\/8\/2025\/11\/IMG_6137.jpg 2200w, https:\/\/scf.se\/trial\/wp-content\/uploads\/sites\/8\/2025\/11\/IMG_6137-300x209.jpg 300w, https:\/\/scf.se\/trial\/wp-content\/uploads\/sites\/8\/2025\/11\/IMG_6137-1024x714.jpg 1024w, https:\/\/scf.se\/trial\/wp-content\/uploads\/sites\/8\/2025\/11\/IMG_6137-768x536.jpg 768w, https:\/\/scf.se\/trial\/wp-content\/uploads\/sites\/8\/2025\/11\/IMG_6137-1536x1071.jpg 1536w, https:\/\/scf.se\/trial\/wp-content\/uploads\/sites\/8\/2025\/11\/IMG_6137-2048x1428.jpg 2048w\" sizes=\"auto, (max-width: 2200px) 100vw, 2200px\" \/><\/a>\n<blockquote><p>&#8221;All rehab har l\u00f6nat sig och jag \u00e4r v\u00e4ldigt n\u00f6jd med dagens resultat, dock k\u00e4ndes det att jag inte hade t\u00e4vlat sedan p\u00e5skhelgen. Det k\u00e4nns helt r\u00e4tt att vara h\u00e4r f\u00f6r att tr\u00e4na, t\u00e4vla och samla p\u00e5 sig erfarenhet inf\u00f6r VM 2026, som g\u00e5r p\u00e5 samma st\u00e4lle&#8221;, s\u00e4ger Ludvig Andersson.<\/p><\/blockquote>\n<a href=\"https:\/\/scf.se\/trial\/wp-content\/uploads\/sites\/8\/2025\/11\/Ludde-bild-1.jpg\"><img loading=\"lazy\" decoding=\"async\" class=\"alignnone size-full wp-image-2077\" src=\"https:\/\/scf.se\/trial\/wp-content\/uploads\/sites\/8\/2025\/11\/Ludde-bild-1.jpg\" alt=\"\" width=\"968\" height=\"1286\" srcset=\"https:\/\/scf.se\/trial\/wp-content\/uploads\/sites\/8\/2025\/11\/Ludde-bild-1.jpg 968w, https:\/\/scf.se\/trial\/wp-content\/uploads\/sites\/8\/2025\/11\/Ludde-bild-1-226x300.jpg 226w, https:\/\/scf.se\/trial\/wp-content\/uploads\/sites\/8\/2025\/11\/Ludde-bild-1-771x1024.jpg 771w, https:\/\/scf.se\/trial\/wp-content\/uploads\/sites\/8\/2025\/11\/Ludde-bild-1-768x1020.jpg 768w\" sizes=\"auto, (max-width: 968px) 100vw, 968px\" \/><\/a>\n<blockquote><p>&#8221;Jag har haft v\u00e4ldigt bra motivation f\u00f6r att tr\u00e4na inf\u00f6r detta VM och \u00e4r otroligt taggad p\u00e5 att tr\u00e4na mer och komma h\u00f6gre upp i resultatlistan inf\u00f6r n\u00e4sta s\u00e4song!&#8221;<\/p><\/blockquote>\n<p>Regerande svenska m\u00e4staren Alexander Karlsson hade i \u00e5r inte VM som en sj\u00e4lvklar del i planeringen men har h\u00e5llit en bra niv\u00e5. Han \u00e5ngrar inte att han \u00e5kte till VM.<\/p>\n<a href=\"https:\/\/scf.se\/trial\/wp-content\/uploads\/sites\/8\/2025\/11\/IMG_7742-1.jpg\"><img loading=\"lazy\" decoding=\"async\" class=\"alignnone size-full wp-image-2063\" src=\"https:\/\/scf.se\/trial\/wp-content\/uploads\/sites\/8\/2025\/11\/IMG_7742-1.jpg\" alt=\"\" width=\"1170\" height=\"1152\" srcset=\"https:\/\/scf.se\/trial\/wp-content\/uploads\/sites\/8\/2025\/11\/IMG_7742-1.jpg 1170w, https:\/\/scf.se\/trial\/wp-content\/uploads\/sites\/8\/2025\/11\/IMG_7742-1-300x295.jpg 300w, https:\/\/scf.se\/trial\/wp-content\/uploads\/sites\/8\/2025\/11\/IMG_7742-1-1024x1008.jpg 1024w, https:\/\/scf.se\/trial\/wp-content\/uploads\/sites\/8\/2025\/11\/IMG_7742-1-768x756.jpg 768w\" sizes=\"auto, (max-width: 1170px) 100vw, 1170px\" \/><\/a>\n<blockquote><p>&#8221;Tuff dag h\u00e4r i Riyadh. Jag k\u00e4nde mig totalt slut efter f\u00f6rsta varvet. V\u00e4rmen var sv\u00e5r att hantera, \u00e4ven om jag cyklade bra stundtals. Framf\u00f6r allt \u00e4r jag frustrerad \u00f6ver att inte f\u00e5tt ut min kapacitet under t\u00e4vlingen. Men jag \u00e4r samtidigt v\u00e4ldigt glad \u00f6ver att vara h\u00e4r och t\u00e4vla&#8221;, s\u00e4ger Alexander Karlsson.<\/p><\/blockquote>\n<a href=\"https:\/\/scf.se\/trial\/wp-content\/uploads\/sites\/8\/2025\/11\/IMG_6159-scaled.jpeg\"><img loading=\"lazy\" decoding=\"async\" class=\"alignnone size-full wp-image-2064\" src=\"https:\/\/scf.se\/trial\/wp-content\/uploads\/sites\/8\/2025\/11\/IMG_6159-scaled.jpeg\" alt=\"\" width=\"1920\" height=\"2560\" srcset=\"https:\/\/scf.se\/trial\/wp-content\/uploads\/sites\/8\/2025\/11\/IMG_6159-scaled.jpeg 1920w, https:\/\/scf.se\/trial\/wp-content\/uploads\/sites\/8\/2025\/11\/IMG_6159-225x300.jpeg 225w, https:\/\/scf.se\/trial\/wp-content\/uploads\/sites\/8\/2025\/11\/IMG_6159-768x1024.jpeg 768w, https:\/\/scf.se\/trial\/wp-content\/uploads\/sites\/8\/2025\/11\/IMG_6159-1152x1536.jpeg 1152w, https:\/\/scf.se\/trial\/wp-content\/uploads\/sites\/8\/2025\/11\/IMG_6159-1536x2048.jpeg 1536w\" sizes=\"auto, (max-width: 1920px) 100vw, 1920px\" \/><\/a>\n<h3>VM-semifinal trial 2025, herrar 26 tum<\/h3>\n<ul>\n<li>1 <strong data-start=\"2\" data-end=\"19\">Charlie Rolls<\/strong>, Storbritannien \u2013 860 p<\/li>\n<li>2 <strong data-start=\"48\" data-end=\"68\">Oliver Weightman<\/strong>, Storbritannien \u2013 810 p<\/li>\n<li>3 <strong data-start=\"97\" data-end=\"113\">Daniel Baron<\/strong>, Spanien \u2013 790 p<\/li>\n<li>4 <strong data-start=\"135\" data-end=\"152\">Marti Vayreda<\/strong>, Spanien \u2013 790 p<\/li>\n<li>5 <strong data-start=\"174\" data-end=\"189\">Julen Saenz<\/strong>, Spanien \u2013 780 p<\/li>\n<li>6 <strong data-start=\"211\" data-end=\"227\">Toni Guillen<\/strong>, Spanien \u2013 670 p<\/li>\n<li>27 <strong data-start=\"1081\" data-end=\"1103\">Alexander Karlsson<\/strong>, Sverige \u2013 260 p<\/li>\n<\/ul>\n<h3>VM-semifinal trial, herrar 20 tum<\/h3>\n<ul>\n<li>1 <strong>Alejandro Montalvo<\/strong>, Spanien \u2013 900 p<\/li>\n<li>2 <strong>Eloi Palau<\/strong>, Spanien \u2013 870 p<\/li>\n<li>3 <strong>Borja Conejos<\/strong>, Spanien \u2013 850 p<\/li>\n<li>4<strong> Niilo Stenvall<\/strong>, Finland \u2013 810 p<\/li>\n<li>5 <strong>Marco Bonalda<\/strong>, Italien \u2013 760 p<\/li>\n<li>6<strong> Thomas Pechhacker<\/strong>, \u00d6sterrike \u2013 730 p<\/li>\n<li>22 <strong>Ludvig Andersson<\/strong>, Sverige \u2013 400 p<\/li>\n<\/ul>\n<p><em>Text och foto: SCF<\/em><\/p>\n<p>&nbsp;<\/p>\n","protected":false},"excerpt":{"rendered":"<p>Det var en extremt l\u00e5ng och tuff bana p\u00e5 VM i Saudiarabiens huvudstad Riyadh. Ludvig Andersson visade att han \u00e4r p\u00e5 helt r\u00e4tt v\u00e4g p\u00e5 v\u00e4g tillbaka efter handledsskada. Han slutade 22:a med 400 ink\u00f6rda po\u00e4ng. Alexander Karlsson hade det innan dess tufft med den extrema v\u00e4rmen, men k\u00f6rde bra stundtals fast han tog<a href=\"https:\/\/scf.se\/trial\/ludvig-andersson-nojd-med-varmt-vm-pa-vag-tillbaka-efter-skadan\/\" class=\"news-card__more\"> &#8230;<\/a><\/p>\n","protected":false},"author":41,"featured_media":2065,"comment_status":"open","ping_status":"open","sticky":true,"template":"","format":"standard","meta":{"_acf_changed":false,"footnotes":""},"categories":[1],"tags":[],"class_list":["post-2061","post","type-post","status-publish","format-standard","hentry","category-trial"],"acf":[],"_links":{"self":[{"href":"https:\/\/scf.se\/trial\/wp-json\/wp\/v2\/posts\/2061","targetHints":{"allow":["GET"]}}],"collection":[{"href":"https:\/\/scf.se\/trial\/wp-json\/wp\/v2\/posts"}],"about":[{"href":"https:\/\/scf.se\/trial\/wp-json\/wp\/v2\/types\/post"}],"author":[{"embeddable":true,"href":"https:\/\/scf.se\/trial\/wp-json\/wp\/v2\/users\/41"}],"replies":[{"embeddable":true,"href":"https:\/\/scf.se\/trial\/wp-json\/wp\/v2\/comments?post=2061"}],"version-history":[{"count":8,"href":"https:\/\/scf.se\/trial\/wp-json\/wp\/v2\/posts\/2061\/revisions"}],"predecessor-version":[{"id":2080,"href":"https:\/\/scf.se\/trial\/wp-json\/wp\/v2\/posts\/2061\/revisions\/2080"}],"wp:featuredmedia":[{"embeddable":true,"href":"https:\/\/scf.se\/trial\/wp-json\/wp\/v2\/media\/2065"}],"wp:attachment":[{"href":"https:\/\/scf.se\/trial\/wp-json\/wp\/v2\/media?parent=2061"}],"wp:term":[{"taxonomy":"category","embeddable":true,"href":"https:\/\/scf.se\/trial\/wp-json\/wp\/v2\/categories?post=2061"},{"taxonomy":"post_tag","embeddable":true,"href":"https:\/\/scf.se\/trial\/wp-json\/wp\/v2\/tags?post=2061"}],"curies":[{"name":"wp","href":"https:\/\/api.w.org\/{rel}","templated":true}]}}