
{"id":2052,"date":"2025-11-05T14:24:40","date_gmt":"2025-11-05T13:24:40","guid":{"rendered":"https:\/\/scf.se\/trial\/?p=2052"},"modified":"2025-11-05T15:24:42","modified_gmt":"2025-11-05T14:24:42","slug":"alexander-karlsson-och-ludvig-andersson-har-hunnit-kanna-av-vm-hettan","status":"publish","type":"post","link":"https:\/\/scf.se\/trial\/alexander-karlsson-och-ludvig-andersson-har-hunnit-kanna-av-vm-hettan\/","title":{"rendered":"Alexander och Ludvig har k\u00e4nt in hettan p\u00e5 trial-VM i Riyadh"},"content":{"rendered":"<p><strong>Nu har de b\u00e4gge svenska trialcyklisterna Ludvig Andersson och Alexander Karlsson hunnit genomf\u00f6ra bra tr\u00e4ningspass Urban Cycling World Championships i Saudiarabiens huvudstad Riyadh \u2013 inte minst hunnit k\u00e4nna in v\u00e4rmen. <\/strong><strong>Ludvig har ocks\u00e5 f\u00e5tt positiva besked med tanke p\u00e5 den jobbiga handledsskadan.<\/strong><\/p>\n<blockquote><p>&#8221;Resan gick bra. Vi bor i en bra l\u00e4genhet n\u00e4ra t\u00e4vlingsomr\u00e5det. Eget k\u00e4k fixar vi. Och vi har vant oss vid den lilla tidsomst\u00e4llningen. D\u00e4remot \u00e4r v\u00e4rmen en utmaning att bli van med&#8221;, s\u00e4ger f\u00f6rbundskaptenen Christian Andersson.<\/p><\/blockquote>\n<p>Under tisdagen avverkade Alexander och Ludvig ett riktigt bra tr\u00e4ningspass, bra tr\u00e4ningsomr\u00e5de. Blir ett litet l\u00e4tt tr\u00e4ningspass idag. Alexander k\u00f6r i morgon f\u00f6rmiddag och Ludvig i morgon eftermiddag.<\/p>\n<blockquote><p>&#8221;Banorna ser utmanande ut, tekniskt \u00e4r det stor variation, sand, vatten, tr\u00e4, betong, palmer&#8230; Nu g\u00e4ller det att de f\u00e5r ur sig sin kapacitet som de har i morgon under de fyra t\u00e4vlingstimmarna, s\u00e5 de blir n\u00f6jda med sin insats&#8221;, s\u00e4ger Christian Andersson.<\/p><\/blockquote>\n<p>F\u00f6r Ludvig som har haft en tuff handledsskada \u00e4r det en ren bonus att bara vara med och p\u00e5 sina SoMe rapportarerar han om formen n\u00e4rmar sig de skadefria perioderna f\u00f6rra \u00e5ret.<\/p>\n<h3>S\u00e5 k\u00f6r svenskarna i trial-VM<\/h3>\n<ul>\n<li><strong>Torsdag 6 november 11.00\u201315.00:<\/strong> Trial herrar elit 26\u201d \u2013 semifinaler. Svenskt deltagande: Alexander Karlsson, Hawkhills TK.<\/li>\n<li><strong>Torsdag 6 november 16:00\u201320.00<\/strong>: Trial herrar elit 20\u201d \u2013 semifinaler. Svenskt deltagande: Ludvig Andersson, Arvika IS.<\/li>\n<li>Finalerna i alla seniorklasser k\u00f6rs p\u00e5 l\u00f6rdag 8 november.<\/li>\n<\/ul>\n<p>De urbana cykelv\u00e4rldsm\u00e4sterskapen, som lanserades 2017, omfattar nu UCI:s VM f\u00f6r trial och BMX freestyle (park och flatland).<\/p>\n<h3><a href=\"https:\/\/www.uci.org\/race-hub\/2025-uci-urban-cycling-world-championships-trials\/TDVeNk7sPy4rP3tnj5NjT\"><em>H\u00e4r finns liveresultat fr\u00e5n VM i cykeltrial.<\/em><\/a><\/h3>\n<p><em>Text och foto: SCF<\/em><\/p>\n","protected":false},"excerpt":{"rendered":"<p>Nu har de b\u00e4gge svenska trialcyklisterna Ludvig Andersson och Alexander Karlsson hunnit genomf\u00f6ra bra tr\u00e4ningspass Urban Cycling World Championships i Saudiarabiens huvudstad Riyadh \u2013 inte minst hunnit k\u00e4nna in v\u00e4rmen. Ludvig har ocks\u00e5 f\u00e5tt positiva besked med tanke p\u00e5 den jobbiga handledsskadan. &#8221;Resan gick bra. Vi bor i en bra l\u00e4genhet n\u00e4ra t\u00e4vlingsomr\u00e5det. Eget<a href=\"https:\/\/scf.se\/trial\/alexander-karlsson-och-ludvig-andersson-har-hunnit-kanna-av-vm-hettan\/\" class=\"news-card__more\"> &#8230;<\/a><\/p>\n","protected":false},"author":41,"featured_media":2054,"comment_status":"open","ping_status":"open","sticky":false,"template":"","format":"standard","meta":{"_acf_changed":false,"footnotes":""},"categories":[1],"tags":[],"class_list":["post-2052","post","type-post","status-publish","format-standard","hentry","category-trial"],"acf":[],"_links":{"self":[{"href":"https:\/\/scf.se\/trial\/wp-json\/wp\/v2\/posts\/2052","targetHints":{"allow":["GET"]}}],"collection":[{"href":"https:\/\/scf.se\/trial\/wp-json\/wp\/v2\/posts"}],"about":[{"href":"https:\/\/scf.se\/trial\/wp-json\/wp\/v2\/types\/post"}],"author":[{"embeddable":true,"href":"https:\/\/scf.se\/trial\/wp-json\/wp\/v2\/users\/41"}],"replies":[{"embeddable":true,"href":"https:\/\/scf.se\/trial\/wp-json\/wp\/v2\/comments?post=2052"}],"version-history":[{"count":6,"href":"https:\/\/scf.se\/trial\/wp-json\/wp\/v2\/posts\/2052\/revisions"}],"predecessor-version":[{"id":2059,"href":"https:\/\/scf.se\/trial\/wp-json\/wp\/v2\/posts\/2052\/revisions\/2059"}],"wp:featuredmedia":[{"embeddable":true,"href":"https:\/\/scf.se\/trial\/wp-json\/wp\/v2\/media\/2054"}],"wp:attachment":[{"href":"https:\/\/scf.se\/trial\/wp-json\/wp\/v2\/media?parent=2052"}],"wp:term":[{"taxonomy":"category","embeddable":true,"href":"https:\/\/scf.se\/trial\/wp-json\/wp\/v2\/categories?post=2052"},{"taxonomy":"post_tag","embeddable":true,"href":"https:\/\/scf.se\/trial\/wp-json\/wp\/v2\/tags?post=2052"}],"curies":[{"name":"wp","href":"https:\/\/api.w.org\/{rel}","templated":true}]}}