
{"id":2032,"date":"2025-09-10T15:47:50","date_gmt":"2025-09-10T13:47:50","guid":{"rendered":"https:\/\/scf.se\/trial\/?p=2032"},"modified":"2025-09-10T17:29:23","modified_gmt":"2025-09-10T15:29:23","slug":"manga-nya-erfarenheter-for-unga-em-cyklister-pa-tuffa-sektioner-i-arhus","status":"publish","type":"post","link":"https:\/\/scf.se\/trial\/manga-nya-erfarenheter-for-unga-em-cyklister-pa-tuffa-sektioner-i-arhus\/","title":{"rendered":"Fina erfarenheter f\u00f6r tv\u00e5 unga EM-cyklister och Karlsson 19:e"},"content":{"rendered":"<p><strong>Trial-EM i \u00c5rhus, Danmark, kan nu sammanfattas. Svenska m\u00e4staren fr\u00e5n V\u00e4rnamo, Alexander Karlsson, var den klart mest rutinerade cyklisten. Han k\u00f6rde allt b\u00e4ttre och slutade p\u00e5 plats 19. <\/strong><strong>Junioren Holger Johansson och unga senioren Kasper Waldest\u00e5l fick massor av nya erfarenheter och placeringarna 23 respektive 25 med sig hem.\u00a0<\/strong><\/p>\n<p>Det b\u00f6rjade med att Holger Johansson, som i \u00e5r har hunnit med att vinna junior-SM, k\u00f6ra ung och visa upp sina f\u00e4rdigheter i samband med ungdoms-EM i J\u00f6nk\u00f6ping, genomf\u00f6rde sitt f\u00f6rsta EM. F\u00f6rbundskaptenen Christian Andersson var n\u00f6jd med det han fick se i \u00c5rhus.<\/p>\n<a href=\"https:\/\/scf.se\/trial\/wp-content\/uploads\/sites\/8\/2025\/09\/IMG_5815-scaled.jpeg\"><img loading=\"lazy\" decoding=\"async\" class=\"alignnone size-full wp-image-2034\" src=\"https:\/\/scf.se\/trial\/wp-content\/uploads\/sites\/8\/2025\/09\/IMG_5815-scaled.jpeg\" alt=\"\" width=\"1920\" height=\"2560\" srcset=\"https:\/\/scf.se\/trial\/wp-content\/uploads\/sites\/8\/2025\/09\/IMG_5815-scaled.jpeg 1920w, https:\/\/scf.se\/trial\/wp-content\/uploads\/sites\/8\/2025\/09\/IMG_5815-225x300.jpeg 225w, https:\/\/scf.se\/trial\/wp-content\/uploads\/sites\/8\/2025\/09\/IMG_5815-768x1024.jpeg 768w, https:\/\/scf.se\/trial\/wp-content\/uploads\/sites\/8\/2025\/09\/IMG_5815-1152x1536.jpeg 1152w, https:\/\/scf.se\/trial\/wp-content\/uploads\/sites\/8\/2025\/09\/IMG_5815-1536x2048.jpeg 1536w\" sizes=\"auto, (max-width: 1920px) 100vw, 1920px\" \/><\/a>\n<blockquote><p>&#8221;H\u00f6g niv\u00e5 p\u00e5 banorna och ett rej\u00e4lt regnov\u00e4der innan start gjorde sektionerna \u00e4n mer utmanande. Men jag tycker han gjorde en bra t\u00e4vling, lite nerv\u00f6s, lite otur men han visar att han har en bra kapacitet, g\u00e4ller bara forts\u00e4tta tr\u00e4na som han g\u00f6r och f\u00e5 mer t\u00e4vlingserfarenhet. Sedan har han ju tv\u00e5 \u00e5r kvar i juniorklassen!<\/p><\/blockquote>\n<ul>\n<li><a href=\"https:\/\/www.facebook.com\/swecycling\/videos\/24593822203604985\"><em><strong>Filmklipp fr\u00e5n EM med Holger Johansson, se SWE Cycling p\u00e5 Facebook!<\/strong><\/em><\/a><\/li>\n<\/ul>\n<p>Det slutade med plats 23. Holger sj\u00e4lv var ganska n\u00f6jd, tyckte det var v\u00e4ldigt kul \u2013 och tr\u00e5kigt att t\u00e4vlingen var \u00f6ver.<\/p>\n<h3>EM trial herrjunior 20&#8243;<\/h3>\n<ul>\n<li>1 <strong>Guillaume Camus<\/strong>, Frankrike<\/li>\n<li>2 <strong>Travis Asenjo<\/strong>, Spanien<\/li>\n<li>3 <strong>Guillem Montoya<\/strong>, Spanien<\/li>\n<li>4 <strong>Louis Chasseuil<\/strong>, Frankrike<\/li>\n<li>5<strong> Dennis Arnold,<\/strong> Tyskland<\/li>\n<li>6 <strong>Ugo Theunissen<\/strong>, Belgien<\/li>\n<li>23<strong> Holger Johansson<\/strong>, Sverige<\/li>\n<\/ul>\n<a href=\"https:\/\/scf.se\/trial\/wp-content\/uploads\/sites\/8\/2025\/09\/IMG_5819.jpg\"><img loading=\"lazy\" decoding=\"async\" class=\"alignnone size-full wp-image-2035\" src=\"https:\/\/scf.se\/trial\/wp-content\/uploads\/sites\/8\/2025\/09\/IMG_5819.jpg\" alt=\"\" width=\"2000\" height=\"2140\" srcset=\"https:\/\/scf.se\/trial\/wp-content\/uploads\/sites\/8\/2025\/09\/IMG_5819.jpg 2000w, https:\/\/scf.se\/trial\/wp-content\/uploads\/sites\/8\/2025\/09\/IMG_5819-280x300.jpg 280w, https:\/\/scf.se\/trial\/wp-content\/uploads\/sites\/8\/2025\/09\/IMG_5819-957x1024.jpg 957w, https:\/\/scf.se\/trial\/wp-content\/uploads\/sites\/8\/2025\/09\/IMG_5819-768x822.jpg 768w, https:\/\/scf.se\/trial\/wp-content\/uploads\/sites\/8\/2025\/09\/IMG_5819-1436x1536.jpg 1436w, https:\/\/scf.se\/trial\/wp-content\/uploads\/sites\/8\/2025\/09\/IMG_5819-1914x2048.jpg 1914w\" sizes=\"auto, (max-width: 2000px) 100vw, 2000px\" \/><\/a>\n<p>Alexander Karlsson k\u00e4nde sig i fin form inf\u00f6r t\u00e4vlingen. Starten blev lite skakig men sedan kom jag ig\u00e5ng bra, 19:e plats. Vi kan notera att britterna dominerade stort och att Spaniens stolta landslag fick \u00e5ka hem utan medalj i herrelitens 26-tumsklass.<\/p>\n<h3>EM trial herrsenior 26&#8243;<\/h3>\n<ul>\n<li>1 <strong>Charlie Rolls<\/strong>, Storbritannien<\/li>\n<li>2 <strong>Jack Carthy<\/strong>, Storbritannien<\/li>\n<li>3<strong> Oliver Weightman<\/strong>, Storbritannien<\/li>\n<li>4 <strong>Marti Vayreda<\/strong>, Spanien<\/li>\n<li>5 <strong>Daniel Baron<\/strong>, Spanien<\/li>\n<li>6<strong> Julen Saenz,<\/strong> Spanien<\/li>\n<li>19<strong> Alexander Karlsson,<\/strong> Sverige<\/li>\n<\/ul>\n<p>Yngre klubbkompisen i Hawkhills TK, Kasper Waldest\u00e5l (\u00f6versta bilden), tyckte det var kul att delta i sitt f\u00f6rsta EM. Seniorelit<\/p>\n<blockquote><p>&#8221;L\u00e4rorikt, utmanande och kul.&#8221;<\/p><\/blockquote>\n<p>Det blev en 25:e plats samt gott om nya erfarenheter.<\/p>\n<h3>EM trial herrsenior 20&#8243;<\/h3>\n<ul>\n<li>1 <strong>Alejandro Montalvo<\/strong>, Spanien<\/li>\n<li>2<strong> Robin Berchiatti<\/strong>, Frankrike<\/li>\n<li>3<strong> Borja Conejos<\/strong>, Spanien<\/li>\n<li>4 <strong>Niilo Stenvall,<\/strong> Finland<\/li>\n<li>5 <strong>Eloi Palau<\/strong>, Spanien<\/li>\n<li>6 <strong>Thomas Pechhacker<\/strong>, \u00d6sterrike<\/li>\n<li>25 <strong>Kasper Waldest\u00e5l<\/strong>, Sverige<\/li>\n<\/ul>\n<a href=\"https:\/\/scf.se\/trial\/wp-content\/uploads\/sites\/8\/2025\/09\/IMG_5806-scaled.jpeg\"><img loading=\"lazy\" decoding=\"async\" class=\"alignnone size-full wp-image-2033\" src=\"https:\/\/scf.se\/trial\/wp-content\/uploads\/sites\/8\/2025\/09\/IMG_5806-scaled.jpeg\" alt=\"\" width=\"1920\" height=\"2560\" srcset=\"https:\/\/scf.se\/trial\/wp-content\/uploads\/sites\/8\/2025\/09\/IMG_5806-scaled.jpeg 1920w, https:\/\/scf.se\/trial\/wp-content\/uploads\/sites\/8\/2025\/09\/IMG_5806-225x300.jpeg 225w, https:\/\/scf.se\/trial\/wp-content\/uploads\/sites\/8\/2025\/09\/IMG_5806-768x1024.jpeg 768w, https:\/\/scf.se\/trial\/wp-content\/uploads\/sites\/8\/2025\/09\/IMG_5806-1152x1536.jpeg 1152w, https:\/\/scf.se\/trial\/wp-content\/uploads\/sites\/8\/2025\/09\/IMG_5806-1536x2048.jpeg 1536w\" sizes=\"auto, (max-width: 1920px) 100vw, 1920px\" \/><\/a>\n<p>S\u00e5 h\u00e4r sammanfattar Christian Andersson EM-t\u00e4vlingarna i Danmark.<\/p>\n<blockquote><p>De yngre killarna som gjorde sitt f\u00f6rsta EM har gjort sitt b\u00e4sta. Nu vet de vilken niv\u00e5 det \u00e4r p\u00e5 banor och motst\u00e5nd, s\u00e5 det g\u00e4ller bara att tr\u00e4na p\u00e5. De har visat att de inte ger upp. Det \u00e4r bra! Alexander som \u00e4r den rutinerade i g\u00e4nget har gjort en riktigt bra f\u00f6rb\u00e4ttring fr\u00e5n f\u00f6rra EM, bra gjort!&#8221;<\/p><\/blockquote>\n<p>P\u00e5 skadelistan finns Ludvig Andersson, som var coach p\u00e5 plats (bilden med Holger), och Hilda Andersson som har brons p\u00e5 s\u00e5v\u00e4l VM och v\u00e4rldscuptotalen p\u00e5\u00e5 meritlistan.<\/p>\n<p><em>Text och foto: SCF<\/em><\/p>\n<p>&nbsp;<\/p>\n<p>&nbsp;<\/p>\n<p>&nbsp;<\/p>\n<p>&nbsp;<\/p>\n<p>&nbsp;<\/p>\n","protected":false},"excerpt":{"rendered":"<p>Trial-EM i \u00c5rhus, Danmark, kan nu sammanfattas. Svenska m\u00e4staren fr\u00e5n V\u00e4rnamo, Alexander Karlsson, var den klart mest rutinerade cyklisten. Han k\u00f6rde allt b\u00e4ttre och slutade p\u00e5 plats 19. Junioren Holger Johansson och unga senioren Kasper Waldest\u00e5l fick massor av nya erfarenheter och placeringarna 23 respektive 25 med sig hem.\u00a0 Det b\u00f6rjade med att Holger<a href=\"https:\/\/scf.se\/trial\/manga-nya-erfarenheter-for-unga-em-cyklister-pa-tuffa-sektioner-i-arhus\/\" class=\"news-card__more\"> &#8230;<\/a><\/p>\n","protected":false},"author":41,"featured_media":2036,"comment_status":"open","ping_status":"open","sticky":false,"template":"","format":"standard","meta":{"_acf_changed":false,"footnotes":""},"categories":[1],"tags":[],"class_list":["post-2032","post","type-post","status-publish","format-standard","hentry","category-trial"],"acf":[],"_links":{"self":[{"href":"https:\/\/scf.se\/trial\/wp-json\/wp\/v2\/posts\/2032","targetHints":{"allow":["GET"]}}],"collection":[{"href":"https:\/\/scf.se\/trial\/wp-json\/wp\/v2\/posts"}],"about":[{"href":"https:\/\/scf.se\/trial\/wp-json\/wp\/v2\/types\/post"}],"author":[{"embeddable":true,"href":"https:\/\/scf.se\/trial\/wp-json\/wp\/v2\/users\/41"}],"replies":[{"embeddable":true,"href":"https:\/\/scf.se\/trial\/wp-json\/wp\/v2\/comments?post=2032"}],"version-history":[{"count":8,"href":"https:\/\/scf.se\/trial\/wp-json\/wp\/v2\/posts\/2032\/revisions"}],"predecessor-version":[{"id":2044,"href":"https:\/\/scf.se\/trial\/wp-json\/wp\/v2\/posts\/2032\/revisions\/2044"}],"wp:featuredmedia":[{"embeddable":true,"href":"https:\/\/scf.se\/trial\/wp-json\/wp\/v2\/media\/2036"}],"wp:attachment":[{"href":"https:\/\/scf.se\/trial\/wp-json\/wp\/v2\/media?parent=2032"}],"wp:term":[{"taxonomy":"category","embeddable":true,"href":"https:\/\/scf.se\/trial\/wp-json\/wp\/v2\/categories?post=2032"},{"taxonomy":"post_tag","embeddable":true,"href":"https:\/\/scf.se\/trial\/wp-json\/wp\/v2\/tags?post=2032"}],"curies":[{"name":"wp","href":"https:\/\/api.w.org\/{rel}","templated":true}]}}