
{"id":1981,"date":"2025-05-17T10:51:06","date_gmt":"2025-05-17T08:51:06","guid":{"rendered":"https:\/\/scf.se\/trial\/?p=1981"},"modified":"2025-05-17T10:54:51","modified_gmt":"2025-05-17T08:54:51","slug":"missa-inte-att-anmala-intresse-till-trial-vm-som-gar-i-spanska-vic","status":"publish","type":"post","link":"https:\/\/scf.se\/trial\/missa-inte-att-anmala-intresse-till-trial-vm-som-gar-i-spanska-vic\/","title":{"rendered":"Missa inte att anm\u00e4la intresse till ungdoms-VM som g\u00e5r i spanska Vic"},"content":{"rendered":"<p><strong>World Youth Games i trial kan bli ett minne f\u00f6r livet \u2013 missa inte att anm\u00e4l intresse NU! \u00c5rets ungdoms VM avg\u00f6rs 25\u201327 juli i Vic, Spanien.<\/strong><\/p>\n<p>De \u00e4r sv\u00e5rt att hitta platser p\u00e5 jorden d\u00e4r trial \u00e4r st\u00f6rre. Det \u00e4r kultur och de spanska cyklisterna \u00e4r som bekant v\u00e4rldsledande inom trial.<\/p>\n<h3>S\u00e5 anm\u00e4ler du intresse f\u00f6r ungdoms-VM<\/h3>\n<ul>\n<li>Vi beh\u00f6ver din intresseanm\u00e4lan allra senast 1 juni, men skicka den s\u00e5 snart som m\u00f6jligt.<\/li>\n<li>Skicka ditt namn, \u00e5lder och klubb till: <a href=\"mailto:trial@scf.se\">trial@scf.se<\/a><\/li>\n<\/ul>\n<h3><em><a href=\"https:\/\/www.uci.org\/competition-hub\/2025-uci-trials-world-youth-games\/36vjcxRYAXYeqyETqAgcB5\">L\u00e4s mycket mer h\u00e4r: <\/a><a href=\"https:\/\/www.uci.org\/competition-hub\/2025-uci-trials-world-youth-games\/36vjcxRYAXYeqyETqAgcB5\">UCI Trials World Youth Games<\/a><br \/>\n<\/em><\/h3>\n<p><em>Text: UCI<\/em><\/p>\n<p>&nbsp;<\/p>\n<h3><\/h3>\n","protected":false},"excerpt":{"rendered":"<p>World Youth Games i trial kan bli ett minne f\u00f6r livet \u2013 missa inte att anm\u00e4l intresse NU! \u00c5rets ungdoms VM avg\u00f6rs 25\u201327 juli i Vic, Spanien. De \u00e4r sv\u00e5rt att hitta platser p\u00e5 jorden d\u00e4r trial \u00e4r st\u00f6rre. Det \u00e4r kultur och de spanska cyklisterna \u00e4r som bekant v\u00e4rldsledande inom trial. S\u00e5 anm\u00e4ler<a href=\"https:\/\/scf.se\/trial\/missa-inte-att-anmala-intresse-till-trial-vm-som-gar-i-spanska-vic\/\" class=\"news-card__more\"> &#8230;<\/a><\/p>\n","protected":false},"author":41,"featured_media":1832,"comment_status":"open","ping_status":"open","sticky":false,"template":"","format":"standard","meta":{"_acf_changed":false,"footnotes":""},"categories":[1],"tags":[],"class_list":["post-1981","post","type-post","status-publish","format-standard","hentry","category-trial"],"acf":[],"_links":{"self":[{"href":"https:\/\/scf.se\/trial\/wp-json\/wp\/v2\/posts\/1981","targetHints":{"allow":["GET"]}}],"collection":[{"href":"https:\/\/scf.se\/trial\/wp-json\/wp\/v2\/posts"}],"about":[{"href":"https:\/\/scf.se\/trial\/wp-json\/wp\/v2\/types\/post"}],"author":[{"embeddable":true,"href":"https:\/\/scf.se\/trial\/wp-json\/wp\/v2\/users\/41"}],"replies":[{"embeddable":true,"href":"https:\/\/scf.se\/trial\/wp-json\/wp\/v2\/comments?post=1981"}],"version-history":[{"count":5,"href":"https:\/\/scf.se\/trial\/wp-json\/wp\/v2\/posts\/1981\/revisions"}],"predecessor-version":[{"id":1986,"href":"https:\/\/scf.se\/trial\/wp-json\/wp\/v2\/posts\/1981\/revisions\/1986"}],"wp:featuredmedia":[{"embeddable":true,"href":"https:\/\/scf.se\/trial\/wp-json\/wp\/v2\/media\/1832"}],"wp:attachment":[{"href":"https:\/\/scf.se\/trial\/wp-json\/wp\/v2\/media?parent=1981"}],"wp:term":[{"taxonomy":"category","embeddable":true,"href":"https:\/\/scf.se\/trial\/wp-json\/wp\/v2\/categories?post=1981"},{"taxonomy":"post_tag","embeddable":true,"href":"https:\/\/scf.se\/trial\/wp-json\/wp\/v2\/tags?post=1981"}],"curies":[{"name":"wp","href":"https:\/\/api.w.org\/{rel}","templated":true}]}}