
{"id":1960,"date":"2025-04-17T17:48:34","date_gmt":"2025-04-17T15:48:34","guid":{"rendered":"https:\/\/scf.se\/trial\/?p=1960"},"modified":"2025-04-17T17:50:36","modified_gmt":"2025-04-17T15:50:36","slug":"christian-andersson-ar-klar-som-ny-forbundskapten-i-trial","status":"publish","type":"post","link":"https:\/\/scf.se\/trial\/christian-andersson-ar-klar-som-ny-forbundskapten-i-trial\/","title":{"rendered":"Christian Andersson \u00e4r klar som ny f\u00f6rbundskapten f\u00f6r trial-landslaget"},"content":{"rendered":"<p><strong>Nu \u00e4r det \u00e4ntligen dags att presentera en ny f\u00f6rbundskapten f\u00f6r triallandslaget. Och det \u00e4r en trialledare med minst sagt gott om ledarerfarenheter b\u00e5de fr\u00e5n internationella t\u00e4vlingar och arrang\u00f6r f\u00f6r nationella t\u00e4vlingar. Christian Andersson har nu tackat ja till FK-jobbet, har redan en fullsp\u00e4ckad t\u00e4vlingskalender f\u00f6r landslaget \u2013 och planer f\u00f6r en ny utvecklingsgrupp med unga framtidsnamn.<\/strong><\/p>\n<p>Christian Andersson\u00a0bor i lilla v\u00e4rml\u00e4ndska Kl\u00e4ssbol \u2013 med Arvika som n\u00e4rmaste t\u00e4tort. Han har varit varit aktiv inom cykeltrial sen 2015. Har innan dess sj\u00e4lv k\u00f6rt mc-trial. Har varit med i Grengrupp trial sedan 2017. Varit ledare i landslaget under n\u00e5gra \u00e5r.<\/p>\n<blockquote><p>&#8221;Gl\u00e4djande att Christian Andersson har tackat ja till v\u00e5r f\u00f6rfr\u00e5gan om att bli ny f\u00f6rbundskapten trial. Christian har en l\u00e5ng och bred erfarenhet inom trial b\u00e5de som f\u00f6r\u00e4lder, kommissarie, arrang\u00f6r och grengruppsmedlem och ett starkt st\u00f6d bland de aktiva. Vi \u00f6nskar Christian lycka till i sin nya roll som f\u00f6rbundskapten trial och ser fram emot att f\u00f6lja landslagets fortsatta utveckling&#8221;, \u00e4ger Svenska Cykelf\u00f6rbundets generalsekreterare Leif Karlsson.<\/p><\/blockquote>\n<p>Det svenska triallandslaget har varit framg\u00e5ngsrikt uppe p\u00e5 h\u00f6gsta VM-niv\u00e5 med cyklister som Joacim Lundgren, Nadine K\u00e5mark och den nu l\u00e5ngtidsskadade Hilda Andersson (p\u00e5 bilden nedan har hon just tagit VM-brons).<\/p>\n<a href=\"https:\/\/scf.se\/trial\/wp-content\/uploads\/sites\/8\/2025\/04\/Hilda-i-gruppen.jpg\"><img loading=\"lazy\" decoding=\"async\" class=\"alignnone size-full wp-image-1962\" src=\"https:\/\/scf.se\/trial\/wp-content\/uploads\/sites\/8\/2025\/04\/Hilda-i-gruppen.jpg\" alt=\"\" width=\"2450\" height=\"2315\" srcset=\"https:\/\/scf.se\/trial\/wp-content\/uploads\/sites\/8\/2025\/04\/Hilda-i-gruppen.jpg 2450w, https:\/\/scf.se\/trial\/wp-content\/uploads\/sites\/8\/2025\/04\/Hilda-i-gruppen-300x283.jpg 300w, https:\/\/scf.se\/trial\/wp-content\/uploads\/sites\/8\/2025\/04\/Hilda-i-gruppen-1024x968.jpg 1024w, https:\/\/scf.se\/trial\/wp-content\/uploads\/sites\/8\/2025\/04\/Hilda-i-gruppen-768x726.jpg 768w, https:\/\/scf.se\/trial\/wp-content\/uploads\/sites\/8\/2025\/04\/Hilda-i-gruppen-1536x1451.jpg 1536w, https:\/\/scf.se\/trial\/wp-content\/uploads\/sites\/8\/2025\/04\/Hilda-i-gruppen-2048x1935.jpg 2048w\" sizes=\"auto, (max-width: 2450px) 100vw, 2450px\" \/><\/a>\n<p>Ett par cyklister har slutat med sin elitsatsning. S\u00e5 n\u00e4r f\u00f6rra s\u00e4songen avslutades var det ett f\u00f6rvisso bra men sett till antalet cyklister tunt landslag med Alexander Karlsson och Ludvig Andersson. De b\u00e4gge utk\u00e4mpade ocks\u00e5 en j\u00e4mn kamp om SM-guldet nu senast i Bor\u00e5s. Gl\u00e4djande d\u00e5 att det \u00e4nd\u00e5 var nio anm\u00e4lda i herrklassen och \u00e5tta till start.<\/p>\n<blockquote><p>&#8221;Vi kommer att bygga vidare med det befintliga landslaget och hj\u00e4lpa dem att utvecklas. Sedan kommer det att satsas p\u00e5 en ny utvecklingsgrupp d\u00e4r yngre f\u00f6rm\u00e5gor kommer f\u00e5 hj\u00e4lp att utvecklas&#8221;, s\u00e4ger Christian Andersson.<\/p><\/blockquote>\n<p><strong>Hur ser s\u00e4songsplaneringen ut?<\/strong><\/p>\n<blockquote><p>&#8221;T\u00e4vlingskalender \u00e4r fullbokad i juli till september med tre v\u00e4rldscupt\u00e4vlingar, SM, EM i Danmark och s\u00e4songen avslutas med VM i Saudiarabien&#8221;, s\u00e4ger Christian Andersson.<\/p>\n<p>&#8221;D\u00e4remellan ska vi ha lite fysiska tr\u00e4ningsl\u00e4ger och n\u00e5gra digitala tr\u00e4ffar d\u00e4r \u00e4ven idrottspsykologen Annie S\u00f6derberg medverkar.&#8221;<\/p><\/blockquote>\n<h2>Internationella trials\u00e4songen 2025<\/h2>\n<h3>V\u00e4rldscupen<\/h3>\n<ul>\n<li><strong>5 juli:<\/strong> Valbirse, Schweiz<\/li>\n<li><strong>1 augusti:<\/strong> Krynica, Polen<\/li>\n<li><strong>12 september:<\/strong> Cordon, Frankrike<\/li>\n<\/ul>\n<h3>UCI World Youth Games<\/h3>\n<ul>\n<li><strong>25 juli:<\/strong> Vic-Catalonien, Spanien<\/li>\n<\/ul>\n<h3>Europam\u00e4sterskap<\/h3>\n<ul>\n<li><strong>5 september:<\/strong> Aarhus, Danmark<\/li>\n<\/ul>\n<h3>V\u00e4rldsm\u00e4sterskap<\/h3>\n<ul>\n<li><strong>4<\/strong> <strong>november:<\/strong> Riyadh, Saudiarabien<\/li>\n<\/ul>\n<p><em>Text: Tomas Larsson\/SCF<br \/>\nFoto: Privat och SCF<\/em><\/p>\n<p>&nbsp;<\/p>\n<p>&nbsp;<\/p>\n<p>&nbsp;<\/p>\n<p>&nbsp;<\/p>\n<p>&nbsp;<\/p>\n","protected":false},"excerpt":{"rendered":"<p>Nu \u00e4r det \u00e4ntligen dags att presentera en ny f\u00f6rbundskapten f\u00f6r triallandslaget. Och det \u00e4r en trialledare med minst sagt gott om ledarerfarenheter b\u00e5de fr\u00e5n internationella t\u00e4vlingar och arrang\u00f6r f\u00f6r nationella t\u00e4vlingar. Christian Andersson har nu tackat ja till FK-jobbet, har redan en fullsp\u00e4ckad t\u00e4vlingskalender f\u00f6r landslaget \u2013 och planer f\u00f6r en ny utvecklingsgrupp<a href=\"https:\/\/scf.se\/trial\/christian-andersson-ar-klar-som-ny-forbundskapten-i-trial\/\" class=\"news-card__more\"> &#8230;<\/a><\/p>\n","protected":false},"author":41,"featured_media":1961,"comment_status":"open","ping_status":"open","sticky":false,"template":"","format":"standard","meta":{"_acf_changed":false,"footnotes":""},"categories":[1],"tags":[],"class_list":["post-1960","post","type-post","status-publish","format-standard","hentry","category-trial"],"acf":[],"_links":{"self":[{"href":"https:\/\/scf.se\/trial\/wp-json\/wp\/v2\/posts\/1960","targetHints":{"allow":["GET"]}}],"collection":[{"href":"https:\/\/scf.se\/trial\/wp-json\/wp\/v2\/posts"}],"about":[{"href":"https:\/\/scf.se\/trial\/wp-json\/wp\/v2\/types\/post"}],"author":[{"embeddable":true,"href":"https:\/\/scf.se\/trial\/wp-json\/wp\/v2\/users\/41"}],"replies":[{"embeddable":true,"href":"https:\/\/scf.se\/trial\/wp-json\/wp\/v2\/comments?post=1960"}],"version-history":[{"count":8,"href":"https:\/\/scf.se\/trial\/wp-json\/wp\/v2\/posts\/1960\/revisions"}],"predecessor-version":[{"id":1973,"href":"https:\/\/scf.se\/trial\/wp-json\/wp\/v2\/posts\/1960\/revisions\/1973"}],"wp:featuredmedia":[{"embeddable":true,"href":"https:\/\/scf.se\/trial\/wp-json\/wp\/v2\/media\/1961"}],"wp:attachment":[{"href":"https:\/\/scf.se\/trial\/wp-json\/wp\/v2\/media?parent=1960"}],"wp:term":[{"taxonomy":"category","embeddable":true,"href":"https:\/\/scf.se\/trial\/wp-json\/wp\/v2\/categories?post=1960"},{"taxonomy":"post_tag","embeddable":true,"href":"https:\/\/scf.se\/trial\/wp-json\/wp\/v2\/tags?post=1960"}],"curies":[{"name":"wp","href":"https:\/\/api.w.org\/{rel}","templated":true}]}}