
{"id":1844,"date":"2025-01-04T10:01:34","date_gmt":"2025-01-04T09:01:34","guid":{"rendered":"https:\/\/scf.se\/trial\/?p=1844"},"modified":"2025-01-04T10:08:07","modified_gmt":"2025-01-04T09:08:07","slug":"valkommen-pa-traningslager-med-tysk-professionell-trialcyklist","status":"publish","type":"post","link":"https:\/\/scf.se\/trial\/valkommen-pa-traningslager-med-tysk-professionell-trialcyklist\/","title":{"rendered":"V\u00e4lkommen p\u00e5 grymt tr\u00e4ningsl\u00e4ger med tysk professionell trialcyklist!"},"content":{"rendered":"<p><strong>Grengruppen Trial bjuder in till ett inspirerande tr\u00e4ningsl\u00e4ger l\u00f6rdagen den 15 februari och s\u00f6ndagen den 16 februari 2025. I \u00e5r har vi \u00e4ran att v\u00e4lkomna den professionella trialcyklisten Jonas Friedrich fr\u00e5n Tyskland, som kommer att leda tr\u00e4ningen och dela med sig av sin expertis.<\/strong><\/p>\n<h2><a href=\"https:\/\/forms.office.com\/e\/TD7yCBdTjd\"><em>Anm\u00e4l dig till l\u00e4gret h\u00e4r!<\/em><\/a><\/h2>\n<a href=\"https:\/\/scf.se\/trial\/wp-content\/uploads\/sites\/8\/2025\/01\/Bild1-1.png\"><img loading=\"lazy\" decoding=\"async\" class=\"alignnone size-full wp-image-1846\" src=\"https:\/\/scf.se\/trial\/wp-content\/uploads\/sites\/8\/2025\/01\/Bild1-1.png\" alt=\"\" width=\"1467\" height=\"1368\" srcset=\"https:\/\/scf.se\/trial\/wp-content\/uploads\/sites\/8\/2025\/01\/Bild1-1.png 1467w, https:\/\/scf.se\/trial\/wp-content\/uploads\/sites\/8\/2025\/01\/Bild1-1-300x280.png 300w, https:\/\/scf.se\/trial\/wp-content\/uploads\/sites\/8\/2025\/01\/Bild1-1-1024x955.png 1024w, https:\/\/scf.se\/trial\/wp-content\/uploads\/sites\/8\/2025\/01\/Bild1-1-768x716.png 768w\" sizes=\"auto, (max-width: 1467px) 100vw, 1467px\" \/><\/a>\n<h3>Plats:<\/h3>\n<ul>\n<li>L\u00f6rdag: Svenljunga<\/li>\n<li>S\u00f6ndag: G\u00f6teborg<\/li>\n<\/ul>\n<h3>M\u00e5lgrupp:<\/h3>\n<ul>\n<li>Trialcyklister i alla \u00e5ldrar, p\u00e5 alla niv\u00e5er och fr\u00e5n alla klubbar.<\/li>\n<\/ul>\n<h3>Kostnad:<\/h3>\n<ul>\n<li>300 kronor per deltagare.<\/li>\n<\/ul>\n<h3>Vad ing\u00e5r?<\/h3>\n<ul>\n<li>Professionell tr\u00e4ning med Jonas Friedrich<\/li>\n<li>Lunch och mellanm\u00e5l b\u00e5da dagarna<\/li>\n<li>Intr\u00e4de\/lokalhyra<\/li>\n<li>Observera att deltagarna sj\u00e4lva ansvarar f\u00f6r transport och boende.<br \/>\nPrelimin\u00e4rt schema<\/li>\n<\/ul>\n<h2>Tidsschema<\/h2>\n<h3>Fredag 14 februari \u2013 G\u00f6teborg (Bunkeberget)<\/h3>\n<ul>\n<li>Eftermiddag\/kv\u00e4ll: Fri gemensam tr\u00e4ning i Bunkeberget i G\u00f6teborg.<\/li>\n<\/ul>\n<h3>L\u00f6rdag 15 februari \u2013 Svenljunga<\/h3>\n<ul>\n<li>10.00\u201312.00: Tr\u00e4ningspass 1 \u2013 Alla klasser f\u00f6rutom elit<\/li>\n<li>12.00\u201313.00: Lunch<\/li>\n<li>13.00\u201314.30: Tr\u00e4ningspass 2 \u2013 Alla klasser f\u00f6rutom elit<\/li>\n<li>14.30\u201315.00: Mellanm\u00e5l<\/li>\n<li>15.00\u201318.00: Tr\u00e4ningspass 3 \u2013 Endast elit<\/li>\n<\/ul>\n<h3>S\u00f6ndag 16 februari \u2013 G\u00f6teborg (Bunkeberget)<\/h3>\n<ul>\n<li>10.00\u201312.00: Tr\u00e4ningspass 4 \u2013 Alla klasser f\u00f6rutom elit<\/li>\n<li>12.00\u201313.00: Lunch<\/li>\n<li>13.00\u201314.30: Tr\u00e4ningspass 5 \u2013 Alla klasser f\u00f6rutom elit<\/li>\n<li>14.30\u201315.00: Mellanm\u00e5l<\/li>\n<li>15.00\u201318.00: Tr\u00e4ningspass 6 \u2013 Endast elit<\/li>\n<\/ul>\n<h3>Anm\u00e4lan och betalning<\/h3>\n<ul>\n<li>Anm\u00e4lningsavgiften p\u00e5 300 kronor per deltagare swishas till 0702-420707 (Christian Andersson) senast den 7 februari 2025. M\u00e4rk betalningen med cyklistens namn och klubb.<\/li>\n<li>Anm\u00e4lningsl\u00e4nk: https:\/\/forms.office.com\/e\/TD7yCBdTjd<\/li>\n<li>Sista anm\u00e4lningsdag: 7 februari 2025<\/li>\n<li>Begr\u00e4nsat antal platser! Anm\u00e4lan kan redigeras fram till och med sista anm\u00e4lningsdag.<\/li>\n<li>Vid \u00e5terbud, mejla: trial@scf.se<\/li>\n<\/ul>\n<p>Vi vill skapa en m\u00f6tesplats d\u00e4r Sveriges trialcyklister kan tr\u00e4ffas, tr\u00e4na tillsammans, utvecklas och ha roligt! Detaljer om tr\u00e4ningsl\u00e4gret meddelas senast den 10 februari 2025 beroende p\u00e5 antal anm\u00e4lda.<\/p>\n<ul>\n<li><strong><a href=\"https:\/\/scf.se\/trial\/wp-content\/uploads\/sites\/8\/2025\/01\/Bild-lager-1.jpg\"><em>L\u00e4s allt om adresser och f\u00f6rh\u00e5llanden i hallarna h\u00e4r!<\/em><\/a><\/strong><\/li>\n<li><a href=\"http:\/\/www.jofr.academy\"><em><strong>L\u00e4s mer om Jonas Friedrich och hans trialakademi h\u00e4r!\u00a0<\/strong><\/em><\/a><\/li>\n<\/ul>\n<p>Vi ser fram emot att tr\u00e4ffa dig!<\/p>\n<p><em>H\u00e4lsningar,<\/em><br \/>\n<strong><em>Grengruppen Trial<\/em><\/strong><\/p>\n<p>&nbsp;<\/p>\n<h3><\/h3>\n","protected":false},"excerpt":{"rendered":"<p>Grengruppen Trial bjuder in till ett inspirerande tr\u00e4ningsl\u00e4ger l\u00f6rdagen den 15 februari och s\u00f6ndagen den 16 februari 2025. I \u00e5r har vi \u00e4ran att v\u00e4lkomna den professionella trialcyklisten Jonas Friedrich fr\u00e5n Tyskland, som kommer att leda tr\u00e4ningen och dela med sig av sin expertis. Anm\u00e4l dig till l\u00e4gret h\u00e4r! Plats: L\u00f6rdag: Svenljunga S\u00f6ndag: G\u00f6teborg<a href=\"https:\/\/scf.se\/trial\/valkommen-pa-traningslager-med-tysk-professionell-trialcyklist\/\" class=\"news-card__more\"> &#8230;<\/a><\/p>\n","protected":false},"author":41,"featured_media":1845,"comment_status":"open","ping_status":"open","sticky":false,"template":"","format":"standard","meta":{"_acf_changed":false,"footnotes":""},"categories":[1],"tags":[],"class_list":["post-1844","post","type-post","status-publish","format-standard","hentry","category-trial"],"acf":[],"_links":{"self":[{"href":"https:\/\/scf.se\/trial\/wp-json\/wp\/v2\/posts\/1844","targetHints":{"allow":["GET"]}}],"collection":[{"href":"https:\/\/scf.se\/trial\/wp-json\/wp\/v2\/posts"}],"about":[{"href":"https:\/\/scf.se\/trial\/wp-json\/wp\/v2\/types\/post"}],"author":[{"embeddable":true,"href":"https:\/\/scf.se\/trial\/wp-json\/wp\/v2\/users\/41"}],"replies":[{"embeddable":true,"href":"https:\/\/scf.se\/trial\/wp-json\/wp\/v2\/comments?post=1844"}],"version-history":[{"count":7,"href":"https:\/\/scf.se\/trial\/wp-json\/wp\/v2\/posts\/1844\/revisions"}],"predecessor-version":[{"id":1854,"href":"https:\/\/scf.se\/trial\/wp-json\/wp\/v2\/posts\/1844\/revisions\/1854"}],"wp:featuredmedia":[{"embeddable":true,"href":"https:\/\/scf.se\/trial\/wp-json\/wp\/v2\/media\/1845"}],"wp:attachment":[{"href":"https:\/\/scf.se\/trial\/wp-json\/wp\/v2\/media?parent=1844"}],"wp:term":[{"taxonomy":"category","embeddable":true,"href":"https:\/\/scf.se\/trial\/wp-json\/wp\/v2\/categories?post=1844"},{"taxonomy":"post_tag","embeddable":true,"href":"https:\/\/scf.se\/trial\/wp-json\/wp\/v2\/tags?post=1844"}],"curies":[{"name":"wp","href":"https:\/\/api.w.org\/{rel}","templated":true}]}}