
{"id":1828,"date":"2024-12-19T17:07:13","date_gmt":"2024-12-19T16:07:13","guid":{"rendered":"https:\/\/scf.se\/trial\/?p=1828"},"modified":"2024-12-20T12:11:59","modified_gmt":"2024-12-20T11:11:59","slug":"ludvig-andersson-avslutade-tuff-sasong-med-fint-genomfort-vm","status":"publish","type":"post","link":"https:\/\/scf.se\/trial\/ludvig-andersson-avslutade-tuff-sasong-med-fint-genomfort-vm\/","title":{"rendered":"Ludvig Andersson avslutade tuff s\u00e4song med fint genomf\u00f6rt VM"},"content":{"rendered":"<p><strong>Ludvig Andersson kom till \u00e5rets trial-VM efter en tuff s\u00e4song d\u00e4r han inte har kunnat tr\u00e4na som han vill. Han gladde sig mest \u00f6ver att inte ha ont i ryggen n\u00e4r tr\u00e4ningarna p\u00e5 banan inleddes i Abu Dhabi. D\u00e4rf\u00f6r var 18:e plats p\u00e5 \u00e5rets sena VM ett fint besked inf\u00f6r n\u00e4sta s\u00e4song.<\/strong><\/p>\n<p>VM i trial inneb\u00e4r allt som oftast l\u00e5ngresor och nu var m\u00e4sterskapen tillbaka i F\u00f6renade Arabemiratens huvudstad efter ett mellanspel i Glasgow. \u00c4ven s\u00e4songen har varit l\u00e5ng d\u00e4r den numera G\u00f6teborgsboende v\u00e4rml\u00e4nningen Ludvig VM-genrepade i SWE Cup h\u00e4rom veckan.<\/p>\n<p>Nu var det en helt annan niv\u00e5 p\u00e5 sektionernas sv\u00e5righetgrad.<\/p>\n<blockquote><p>&#8221;Ja, d\u00e5 har jag k\u00f6rt klart s\u00e4songen. Jag \u00e4r mycket n\u00f6jd med cyklingen, har klarat m\u00e5nga grymma hinder vilket jag ocks\u00e5 \u00e4r v\u00e4ldigt n\u00f6jd med&#8221;, s\u00e4ger Ludvig Andersson.<\/p>\n<p>&#8221;Sektionerna var tekniska och v\u00e4ldigt fysiskt kr\u00e4vande. De hade varierade hinder med vatten, sand med mera. Det k\u00e4nns oerh\u00f6rt sk\u00f6nt att avsluta s\u00e4songen med en 18:e plats p\u00e5 VM med tanke p\u00e5 att jag varit borta fr\u00e5n t\u00e4vling och h\u00e5rd tr\u00e4ning mellan juli och november.&#8221;<\/p><\/blockquote>\n<p>Ludvig gjorde tv\u00e5 stabila varv och inledde sedan det tredje med 50 po\u00e4ng, bara 10 fr\u00e5n max.<\/p>\n<h3>VM-semi seniorelit 20 tum<\/h3>\n<ul>\n<li>1. Borja Conejos Vazquez, Spanien, 880<\/li>\n<li>2. Alejandro Montalvo Milla, Spanien, 850<\/li>\n<li>3. Eloi Palau Pinyana, Spanien, 770<\/li>\n<li>4. Dominik Oswald, Tyskland, 700<\/li>\n<li>5. Thomas Pechhacker, \u00d6sterrike, 680<\/li>\n<li>6. Niilo Stenvall, Finland, 680<\/li>\n<li>7. Robin Berchiatti, Frankrike, 640<\/li>\n<li>8. Diego Crescenzi, Italien, 640<\/li>\n<li>9. Marti Riera Roura, Spanien, 640<\/li>\n<li>18 Ludvig Andersson, Sverige, 350<\/li>\n<\/ul>\n<p>N\u00e4sta t\u00e4vling f\u00f6r Ludvig Andersson blir SM-veckan vinter i Bor\u00e5s.<\/p>\n<blockquote><p>&#8221;Ja, nu blir det lite vila, sen tr\u00e4ning inf\u00f6r SM-veckan. Jag vet vad jag beh\u00f6ver fila p\u00e5 inf\u00f6r n\u00e4sta s\u00e4song!&#8221;<\/p><\/blockquote>\n<h3><a href=\"https:\/\/www.youtube.com\/watch?v=0xXKv2lQ_b8\"><em>Kolla in n\u00e4r Cykelstudion by SCF bes\u00f6kte Ludvig p\u00e5 ett tr\u00e4ningspass i ett bergrum i G\u00f6teborg!<\/em><\/a><\/h3>\n<p><div class=\"video-wrapper\"><iframe loading=\"lazy\" title=\"Cykelsportens galnaste gren - Trial! \/ Cykelstudion by SCF\" width=\"500\" height=\"281\" src=\"https:\/\/www.youtube.com\/embed\/0xXKv2lQ_b8?feature=oembed\" frameborder=\"0\" allow=\"accelerometer; autoplay; clipboard-write; encrypted-media; gyroscope; picture-in-picture; web-share\" referrerpolicy=\"strict-origin-when-cross-origin\" allowfullscreen><\/iframe><\/div><\/p>\n<p><em><strong>Kolla ocks\u00e5 in @swecycling_trial p\u00e5 Instagram f\u00f6r r\u00f6rliga bilder fr\u00e5n VM!<\/strong><\/em><\/p>\n<p><em>Text SCF<\/em><br \/>\n<em>Foto; Privat<\/em><\/p>\n","protected":false},"excerpt":{"rendered":"<p>Ludvig Andersson kom till \u00e5rets trial-VM efter en tuff s\u00e4song d\u00e4r han inte har kunnat tr\u00e4na som han vill. Han gladde sig mest \u00f6ver att inte ha ont i ryggen n\u00e4r tr\u00e4ningarna p\u00e5 banan inleddes i Abu Dhabi. D\u00e4rf\u00f6r var 18:e plats p\u00e5 \u00e5rets sena VM ett fint besked inf\u00f6r n\u00e4sta s\u00e4song. VM i<a href=\"https:\/\/scf.se\/trial\/ludvig-andersson-avslutade-tuff-sasong-med-fint-genomfort-vm\/\" class=\"news-card__more\"> &#8230;<\/a><\/p>\n","protected":false},"author":41,"featured_media":1832,"comment_status":"open","ping_status":"open","sticky":false,"template":"","format":"standard","meta":{"_acf_changed":false,"footnotes":""},"categories":[1],"tags":[],"class_list":["post-1828","post","type-post","status-publish","format-standard","hentry","category-trial"],"acf":[],"_links":{"self":[{"href":"https:\/\/scf.se\/trial\/wp-json\/wp\/v2\/posts\/1828","targetHints":{"allow":["GET"]}}],"collection":[{"href":"https:\/\/scf.se\/trial\/wp-json\/wp\/v2\/posts"}],"about":[{"href":"https:\/\/scf.se\/trial\/wp-json\/wp\/v2\/types\/post"}],"author":[{"embeddable":true,"href":"https:\/\/scf.se\/trial\/wp-json\/wp\/v2\/users\/41"}],"replies":[{"embeddable":true,"href":"https:\/\/scf.se\/trial\/wp-json\/wp\/v2\/comments?post=1828"}],"version-history":[{"count":8,"href":"https:\/\/scf.se\/trial\/wp-json\/wp\/v2\/posts\/1828\/revisions"}],"predecessor-version":[{"id":1838,"href":"https:\/\/scf.se\/trial\/wp-json\/wp\/v2\/posts\/1828\/revisions\/1838"}],"wp:featuredmedia":[{"embeddable":true,"href":"https:\/\/scf.se\/trial\/wp-json\/wp\/v2\/media\/1832"}],"wp:attachment":[{"href":"https:\/\/scf.se\/trial\/wp-json\/wp\/v2\/media?parent=1828"}],"wp:term":[{"taxonomy":"category","embeddable":true,"href":"https:\/\/scf.se\/trial\/wp-json\/wp\/v2\/categories?post=1828"},{"taxonomy":"post_tag","embeddable":true,"href":"https:\/\/scf.se\/trial\/wp-json\/wp\/v2\/tags?post=1828"}],"curies":[{"name":"wp","href":"https:\/\/api.w.org\/{rel}","templated":true}]}}