
{"id":1805,"date":"2024-11-26T14:48:00","date_gmt":"2024-11-26T13:48:00","guid":{"rendered":"https:\/\/scf.se\/trial\/?p=1805"},"modified":"2024-11-26T14:48:21","modified_gmt":"2024-11-26T13:48:21","slug":"bra-varldscupstavling-och-klart-for-swe-cup-3-i-ny-inomhushall","status":"publish","type":"post","link":"https:\/\/scf.se\/trial\/bra-varldscupstavling-och-klart-for-swe-cup-3-i-ny-inomhushall\/","title":{"rendered":"Bra v\u00e4rldscupst\u00e4vling och klart f\u00f6r SWE Cup #3 i ny inomhushall"},"content":{"rendered":"<p><strong>Alexander Karlsson avslutade sin s\u00e4song med att g\u00f6ra sin b\u00e4sta t\u00e4vling p\u00e5 v\u00e4ldigt l\u00e4nge n\u00e4r det var dags f\u00f6r v\u00e4rldscupen i La Roche-sur-yon. Med i Frankrike var \u00e4ven de senaste \u00e5rens svenska utomhusm\u00e4stare Ludvig Andersson, som nu tar sikte p\u00e5 VM.<\/strong><\/p>\n<p>Alexander var 25:a medan Ludvig Andersson hamnade p\u00e5 plats 30 i sin klass.<\/p>\n<blockquote>\n<p style=\"text-align: left\">&#8221;Jag \u00e4r mycket n\u00f6jd. Jag tog mig till semifinal till semi p\u00e5 tredje plats i min grupp, vilket k\u00e4nns fantastiskt! Och jag har har k\u00f6rt b\u00e4ttre i helgen \u00e4n jag gjort p\u00e5 internationella t\u00e4vlingar senaste tv\u00e5 \u00e5ren&#8221;, sammanfattar Alexander Karlsson.<\/p>\n<\/blockquote>\n<p>Ludvig Andersson, som ni tr\u00e4ffade i ett <a href=\"https:\/\/www.youtube.com\/watch?v=0xXKv2lQ_b8\"><em><strong>reportage i Cykelstudion by SCF h\u00e4rom veckan.<\/strong><\/em><\/a> Ludvig som k\u00f6r i klassen med den mindre hjulstorleken, 20 tum, slutade p\u00e5 plats 30 i v\u00e4rldscupen som slutade s\u00e5 h\u00e4r:<\/p>\n<h3>V\u00e4rldscupen trial herrar 26 tum<\/h3>\n<ul>\n<li>1 <strong>Charlie Rolls<\/strong>, Storbritannien<\/li>\n<li>2 <strong>Julen Saenz de Ormijana Llano<\/strong>, Spanien<\/li>\n<li>3 <strong>Daniel Baron Rodriguez<\/strong>, Spanien<\/li>\n<li>4 <strong>Marti Vayreda Vendrell<\/strong>, Spanien<\/li>\n<li>5<strong> Vincent Hermance<\/strong>, Frankrike<\/li>\n<li>6<strong> Jack Carthy<\/strong>, Storbritannien<\/li>\n<li>25 <strong>Alexander Karlsson<\/strong>, Sverige<\/li>\n<\/ul>\n<h3>V\u00e4rldscupen trial herrar 20 tum<\/h3>\n<ul>\n<li>1 <strong>Borja Conejos Vazquez<\/strong>, Spanien<\/li>\n<li>2 <strong>Robin Berchiatti,<\/strong> Frankrike<\/li>\n<li>3 <strong>Thomas Pechhacker<\/strong>, \u00d6sterrike<\/li>\n<li>4 <strong>Alejandro Montalvo<\/strong> Milla, Spanien<\/li>\n<li>5 <strong>Diego Crescenzi<\/strong>, Italien<\/li>\n<li>6 <strong>Marti Riera Roura<\/strong>, Spanien<\/li>\n<li>30 <strong>Ludvig Andersson<\/strong>, Sverige<\/li>\n<\/ul>\n<p>Nu \u00e4r Alexander Karlssons internationella s\u00e4song \u00e4ver. Men Ludvig Anderssons anm\u00e4lan till VM som avg\u00f6rs s\u00e5 sent som 17 december i Abu Dhabi, l\u00e4mnades in under tisdagen.<\/p>\n<p>Yngre syster Hilda Andersson, som trots att hon \u00e4r s\u00e5 ung redan har ett stort antal stora finaler p\u00e5 meritlistan med ett VM-brons som absoluta topp, har varit kn\u00e4skadad sedan snart ett \u00e5r och med ny operation f\u00e5r vi \u00e5terkomma om comebackl\u00e4get.<\/p>\n<p>Kul med i alla fall en svensk VM-deltagare detta p\u00e5tagligt besv\u00e4rliga \u00e5r f\u00f6r trialgrenen d\u00e5 det har avverkats utan f\u00f6rbundskapten. Finns det n\u00e5gon som \u00e4r intresserad av ett intressant jobb inom svensk cykelsport 2025 \u00e4r det bara att mejla en intresseanm\u00e4lan till kansli@scf.se s\u00e5 tar vi det fr\u00e5n d\u00e4r!<\/p>\n<p>Men det finns ljuspunkter \u00e4ven p\u00e5 den nationella fonten f\u00f6r svensk cykeltrial. Det \u00e4r klart att det blir\u00a0 en SWE Cup #3 i Tranemos nya inomhus hall i Svenljunga. <a href=\"https:\/\/swecyclingonline.se\/tavling\/88353\"><em><strong>Inbjudan och anm\u00e4lan till SWE Cup #3 hittar ni h\u00e4r!<\/strong><\/em><\/a><\/p>\n<p><em>Text: SCF<\/em><br \/>\n<em>Foto: Privat<\/em><\/p>\n","protected":false},"excerpt":{"rendered":"<p>Alexander Karlsson avslutade sin s\u00e4song med att g\u00f6ra sin b\u00e4sta t\u00e4vling p\u00e5 v\u00e4ldigt l\u00e4nge n\u00e4r det var dags f\u00f6r v\u00e4rldscupen i La Roche-sur-yon. Med i Frankrike var \u00e4ven de senaste \u00e5rens svenska utomhusm\u00e4stare Ludvig Andersson, som nu tar sikte p\u00e5 VM. Alexander var 25:a medan Ludvig Andersson hamnade p\u00e5 plats 30 i sin klass.<a href=\"https:\/\/scf.se\/trial\/bra-varldscupstavling-och-klart-for-swe-cup-3-i-ny-inomhushall\/\" class=\"news-card__more\"> &#8230;<\/a><\/p>\n","protected":false},"author":41,"featured_media":1816,"comment_status":"open","ping_status":"open","sticky":false,"template":"","format":"standard","meta":{"_acf_changed":false,"footnotes":""},"categories":[1],"tags":[],"class_list":["post-1805","post","type-post","status-publish","format-standard","hentry","category-trial"],"acf":[],"_links":{"self":[{"href":"https:\/\/scf.se\/trial\/wp-json\/wp\/v2\/posts\/1805","targetHints":{"allow":["GET"]}}],"collection":[{"href":"https:\/\/scf.se\/trial\/wp-json\/wp\/v2\/posts"}],"about":[{"href":"https:\/\/scf.se\/trial\/wp-json\/wp\/v2\/types\/post"}],"author":[{"embeddable":true,"href":"https:\/\/scf.se\/trial\/wp-json\/wp\/v2\/users\/41"}],"replies":[{"embeddable":true,"href":"https:\/\/scf.se\/trial\/wp-json\/wp\/v2\/comments?post=1805"}],"version-history":[{"count":10,"href":"https:\/\/scf.se\/trial\/wp-json\/wp\/v2\/posts\/1805\/revisions"}],"predecessor-version":[{"id":1817,"href":"https:\/\/scf.se\/trial\/wp-json\/wp\/v2\/posts\/1805\/revisions\/1817"}],"wp:featuredmedia":[{"embeddable":true,"href":"https:\/\/scf.se\/trial\/wp-json\/wp\/v2\/media\/1816"}],"wp:attachment":[{"href":"https:\/\/scf.se\/trial\/wp-json\/wp\/v2\/media?parent=1805"}],"wp:term":[{"taxonomy":"category","embeddable":true,"href":"https:\/\/scf.se\/trial\/wp-json\/wp\/v2\/categories?post=1805"},{"taxonomy":"post_tag","embeddable":true,"href":"https:\/\/scf.se\/trial\/wp-json\/wp\/v2\/tags?post=1805"}],"curies":[{"name":"wp","href":"https:\/\/api.w.org\/{rel}","templated":true}]}}