
{"id":1731,"date":"2024-03-22T20:06:47","date_gmt":"2024-03-22T19:06:47","guid":{"rendered":"https:\/\/scf.se\/trial\/?p=1731"},"modified":"2024-03-22T20:47:50","modified_gmt":"2024-03-22T19:47:50","slug":"adrenalinkick-nar-ludvig-andersson-klarade-vaggen-och-vann-sm-guld","status":"publish","type":"post","link":"https:\/\/scf.se\/trial\/adrenalinkick-nar-ludvig-andersson-klarade-vaggen-och-vann-sm-guld\/","title":{"rendered":"Adrenalinkick n\u00e4r Ludvig Andersson klarade v\u00e4ggen och vann SM-guld"},"content":{"rendered":"<p><strong>Ludvig Andersson, tog sitt f\u00f6rsta SM-guld inomhus redan som junior i Pite\u00e5 efter ett n\u00e4ra nog optimalt finalpass f\u00f6r hans del. F\u00f6rra \u00e5ret segrade Alexander Karlsson i Sk\u00f6vde.\u00a0<\/strong><strong>N\u00e4r SM var tillbaka norrut, i Sunderby ishall mellan Lule\u00e5 och Boden, <\/strong><strong>bj\u00f6d Alexander Karlsson p\u00e5 chansen till ett ryck i andra sektionen av finalen \u2013 och det greppet sl\u00e4ppte aldrig Ludvig. Dessutom klarade v\u00e4rml\u00e4nningen den mytomspunna avslutande v\u00e4ggen!<\/strong><\/p>\n<a href=\"https:\/\/scf.se\/trial\/wp-content\/uploads\/sites\/8\/2024\/03\/AK.jpg\"><img loading=\"lazy\" decoding=\"async\" class=\"alignnone size-full wp-image-1739\" src=\"https:\/\/scf.se\/trial\/wp-content\/uploads\/sites\/8\/2024\/03\/AK.jpg\" alt=\"\" width=\"1260\" height=\"1136\" srcset=\"https:\/\/scf.se\/trial\/wp-content\/uploads\/sites\/8\/2024\/03\/AK.jpg 1260w, https:\/\/scf.se\/trial\/wp-content\/uploads\/sites\/8\/2024\/03\/AK-300x270.jpg 300w, https:\/\/scf.se\/trial\/wp-content\/uploads\/sites\/8\/2024\/03\/AK-1024x923.jpg 1024w, https:\/\/scf.se\/trial\/wp-content\/uploads\/sites\/8\/2024\/03\/AK-768x692.jpg 768w\" sizes=\"auto, (max-width: 1260px) 100vw, 1260px\" \/><\/a>\n<blockquote><p>&#8221;Det var bara oerh\u00f6rt slarvigt n\u00e4r jag korsade en port \u00e5t fel h\u00e5ll. Ludvig var v\u00e4ldigt v\u00e4rd att vinna men det \u00e4r klart att det k\u00e4nns surt att ge bort s\u00e5 m\u00e5nga po\u00e4ng&#8221;, sa fjol\u00e5rsm\u00e4staren till SVT efter\u00e5t.<\/p><\/blockquote>\n<p>SM-fredagen b\u00f6rjade annars med ett superj\u00e4mnt kval som Ludvig Andersson vann med tio po\u00e4ng efter att k\u00f6rt fullt p\u00e5 andra varvet. Kl\u00e4ssbolkillen som har flyttat till G\u00f6teborg och fick d\u00e4rmed f\u00f6rdelen att starta sist i finalen.<\/p>\n<a href=\"https:\/\/scf.se\/trial\/wp-content\/uploads\/sites\/8\/2024\/03\/Weide.jpg\"><img loading=\"lazy\" decoding=\"async\" class=\"alignnone size-full wp-image-1740\" src=\"https:\/\/scf.se\/trial\/wp-content\/uploads\/sites\/8\/2024\/03\/Weide.jpg\" alt=\"\" width=\"1309\" height=\"1106\" srcset=\"https:\/\/scf.se\/trial\/wp-content\/uploads\/sites\/8\/2024\/03\/Weide.jpg 1309w, https:\/\/scf.se\/trial\/wp-content\/uploads\/sites\/8\/2024\/03\/Weide-300x253.jpg 300w, https:\/\/scf.se\/trial\/wp-content\/uploads\/sites\/8\/2024\/03\/Weide-1024x865.jpg 1024w, https:\/\/scf.se\/trial\/wp-content\/uploads\/sites\/8\/2024\/03\/Weide-768x649.jpg 768w\" sizes=\"auto, (max-width: 1309px) 100vw, 1309px\" \/><\/a>\n<p>Av de unga framtidscyklisterna p\u00e5 plats k\u00f6rde Kasper Waldest\u00e5l v\u00e4ldigt stabilt och fint utan n\u00e5gon egentlig dipp i kvalet: J\u00e4ttekul att se, \u00e4ven om finalen var mest f\u00f6r att se och l\u00e4ra \u2013 plus att framgaffeln inte m\u00e5dde helt bra d\u00e4r. Av de unga framtidsl\u00f6ftena i \u00f6vrigt visade \u00e4ven Holger Johansson gott gry i kvalet.<\/p>\n<p>V\u00e4l i finalen var sektionerna sv\u00e5rare och h\u00f6gre och mera i v\u00e4rldscupklass d\u00e4r Alexander och Ludvig \u00f6r. Ludvig Andersson f\u00f6ljde upp med en snygg 40-po\u00e4ngare p\u00e5 tredje sektionen och avslutade med maximala 50. Det var st\u00e4ngt.<\/p>\n<a href=\"https:\/\/scf.se\/trial\/wp-content\/uploads\/sites\/8\/2024\/03\/Ludvig111.jpg\"><img loading=\"lazy\" decoding=\"async\" class=\"alignnone size-full wp-image-1738\" src=\"https:\/\/scf.se\/trial\/wp-content\/uploads\/sites\/8\/2024\/03\/Ludvig111.jpg\" alt=\"\" width=\"2048\" height=\"2048\" srcset=\"https:\/\/scf.se\/trial\/wp-content\/uploads\/sites\/8\/2024\/03\/Ludvig111.jpg 2048w, https:\/\/scf.se\/trial\/wp-content\/uploads\/sites\/8\/2024\/03\/Ludvig111-300x300.jpg 300w, https:\/\/scf.se\/trial\/wp-content\/uploads\/sites\/8\/2024\/03\/Ludvig111-1024x1024.jpg 1024w, https:\/\/scf.se\/trial\/wp-content\/uploads\/sites\/8\/2024\/03\/Ludvig111-150x150.jpg 150w, https:\/\/scf.se\/trial\/wp-content\/uploads\/sites\/8\/2024\/03\/Ludvig111-768x768.jpg 768w, https:\/\/scf.se\/trial\/wp-content\/uploads\/sites\/8\/2024\/03\/Ludvig111-1536x1536.jpg 1536w\" sizes=\"auto, (max-width: 2048px) 100vw, 2048px\" \/><\/a>\n<p>Karlsson avslutade med en stabil 40 medan Ludvig Andersson f\u00f6r f\u00f6rsta g\u00e5ngen \u00e4ven klarade den mytomspunna v\u00e4ggen! Han var s\u00e5 n\u00e4ra i Pite\u00e5 f\u00f6r tv\u00e5 \u00e5r sedan och nu v\u00e5gade han massor i en liten &#8221;kick&#8221; som fanns innan den extremt h\u00f6ga v\u00e4ggen.<\/p>\n<blockquote><p>&#8221;Nu \u00e4r Ludde RIKTIGT, RIKTIGT taggad sa SVT:s expertkommentator Nadine K\u00e5mark efter att han var s\u00e5 n\u00e4ra i andra f\u00f6rs\u00f6ket men studsade tillbaka uppr\u00e4tt och fick ett sista.<\/p>\n<p>&#8221;Jag \u00e4r v\u00e4ldigt imponerad. Det \u00e4r extremt h\u00f6gt. Jag \u00e4r helt m\u00e5ll\u00f6s.&#8221;<\/p><\/blockquote>\n<a href=\"https:\/\/scf.se\/trial\/wp-content\/uploads\/sites\/8\/2024\/03\/SWE-Cycling1.jpg\"><img loading=\"lazy\" decoding=\"async\" class=\"alignnone size-full wp-image-1737\" src=\"https:\/\/scf.se\/trial\/wp-content\/uploads\/sites\/8\/2024\/03\/SWE-Cycling1.jpg\" alt=\"\" width=\"2200\" height=\"1723\" srcset=\"https:\/\/scf.se\/trial\/wp-content\/uploads\/sites\/8\/2024\/03\/SWE-Cycling1.jpg 2200w, https:\/\/scf.se\/trial\/wp-content\/uploads\/sites\/8\/2024\/03\/SWE-Cycling1-300x235.jpg 300w, https:\/\/scf.se\/trial\/wp-content\/uploads\/sites\/8\/2024\/03\/SWE-Cycling1-1024x802.jpg 1024w, https:\/\/scf.se\/trial\/wp-content\/uploads\/sites\/8\/2024\/03\/SWE-Cycling1-768x601.jpg 768w, https:\/\/scf.se\/trial\/wp-content\/uploads\/sites\/8\/2024\/03\/SWE-Cycling1-1536x1203.jpg 1536w, https:\/\/scf.se\/trial\/wp-content\/uploads\/sites\/8\/2024\/03\/SWE-Cycling1-2048x1604.jpg 2048w\" sizes=\"auto, (max-width: 2200px) 100vw, 2200px\" \/><\/a>\n<p>S\u00e5 h\u00e4r kommenterade en extremt bel\u00e5ten Ludvig Andersson.<\/p>\n<blockquote><p>&#8221;Jag hade som m\u00e5l att ta den d\u00e4r v\u00e4ggen efter tv\u00e5 \u00e5r. Det h\u00e4r betyder j\u00e4ttemycket. Det var en bra t\u00e4vling och det h\u00e4r blev en bra start p\u00e5 s\u00e4songen. J\u00e4ttesk\u00f6nt.&#8221;<\/p><\/blockquote>\n<a href=\"https:\/\/scf.se\/trial\/wp-content\/uploads\/sites\/8\/2024\/03\/Trial-PRIS-scaled.jpg\"><img loading=\"lazy\" decoding=\"async\" class=\"alignnone size-full wp-image-1736\" src=\"https:\/\/scf.se\/trial\/wp-content\/uploads\/sites\/8\/2024\/03\/Trial-PRIS-scaled.jpg\" alt=\"\" width=\"2120\" height=\"2560\" srcset=\"https:\/\/scf.se\/trial\/wp-content\/uploads\/sites\/8\/2024\/03\/Trial-PRIS-scaled.jpg 2120w, https:\/\/scf.se\/trial\/wp-content\/uploads\/sites\/8\/2024\/03\/Trial-PRIS-248x300.jpg 248w, https:\/\/scf.se\/trial\/wp-content\/uploads\/sites\/8\/2024\/03\/Trial-PRIS-848x1024.jpg 848w, https:\/\/scf.se\/trial\/wp-content\/uploads\/sites\/8\/2024\/03\/Trial-PRIS-768x928.jpg 768w, https:\/\/scf.se\/trial\/wp-content\/uploads\/sites\/8\/2024\/03\/Trial-PRIS-1272x1536.jpg 1272w, https:\/\/scf.se\/trial\/wp-content\/uploads\/sites\/8\/2024\/03\/Trial-PRIS-1696x2048.jpg 1696w\" sizes=\"auto, (max-width: 2120px) 100vw, 2120px\" \/><\/a>\n<h3>SM-final trial inomhus<\/h3>\n<ol>\n<li><strong>Ludvig Andersson<\/strong>, Arvika IS 40+40+40+50 = 170 po\u00e4ng<\/li>\n<li><strong>Alexander Karlsson<\/strong>, Hawkhills TK 40+20+30+40 = 130 po\u00e4ng<\/li>\n<li><strong>Kasper Waldest\u00e5l<\/strong>, Hawkhills TK 0+10+20+0 = 30 po\u00e4ng<\/li>\n<\/ol>\n<h3>SM-kval trial inomhus<\/h3>\n<ol>\n<li><strong>Ludvig Andersson<\/strong>, Arvika IS 170+200+90 = 460 po\u00e4ng<\/li>\n<li><strong>Alexander Karlsson<\/strong>, Hawkhills TK 170+180+100 = 450 po\u00e4ng<\/li>\n<li><strong>Kasper Waldest\u00e5l<\/strong>, Hawkhills TK 100+100+60 = 260 po\u00e4ng<\/li>\n<li><strong>Holger Johansson<\/strong>, Tranemo CS 60+80+50 = 190 po\u00e4ng<\/li>\n<li><strong>Jonathan Bylund<\/strong>, Hawkhills TK 40+40+20 = 100 po\u00e4ng<\/li>\n<li><strong>Jakob Nilsson<\/strong>, Hawkhills TK 10+20+10 = 40 po\u00e4ng<\/li>\n<\/ol>\n<h3><a href=\"https:\/\/www.svtplay.se\/video\/j1qn4JY\/sm-veckan\/brottning\"><em>H\u00e4r kan ni se finalpasset i cykeltrial\u00a0 p\u00e5 SVT Play i efterhand, \u00e4ven den halva omg\u00e5ngen 3 finns\u00a0 p\u00e5 SVT Play<\/em><\/a><\/h3>\n<p><em>Text: Tomas Larsson\/SCF<br \/>\nFoto: Jonas Haglund och Fredrik Kessiakoff\/SCF<\/em><\/p>\n<hr \/>\n<p><em><strong>Svenska Cykelf\u00f6rbundet \u00e4r stolta \u00f6ver att presentera v\u00e5ra samarbetspartners. Tack vare dessa fantastiska f\u00f6retag kan v\u00e5ra cyklister oftare ta sig l\u00e4ngre ut i v\u00e4rlden.<\/strong><\/em><\/p>\n<h2><a href=\"https:\/\/scf.se\/forbundet\/sponsorer\/\"><img loading=\"lazy\" decoding=\"async\" class=\"alignnone size-full wp-image-3872\" src=\"https:\/\/scf.se\/landsvag\/wp-content\/uploads\/sites\/5\/2023\/02\/LiggandeBannerNyheterHemsida2023.png\" alt=\"\" width=\"1200\" height=\"200\" \/><\/a><\/h2>\n","protected":false},"excerpt":{"rendered":"<p>Ludvig Andersson, tog sitt f\u00f6rsta SM-guld inomhus redan som junior i Pite\u00e5 efter ett n\u00e4ra nog optimalt finalpass f\u00f6r hans del. F\u00f6rra \u00e5ret segrade Alexander Karlsson i Sk\u00f6vde.\u00a0N\u00e4r SM var tillbaka norrut, i Sunderby ishall mellan Lule\u00e5 och Boden, bj\u00f6d Alexander Karlsson p\u00e5 chansen till ett ryck i andra sektionen av finalen \u2013 och<a href=\"https:\/\/scf.se\/trial\/adrenalinkick-nar-ludvig-andersson-klarade-vaggen-och-vann-sm-guld\/\" class=\"news-card__more\"> &#8230;<\/a><\/p>\n","protected":false},"author":41,"featured_media":1741,"comment_status":"open","ping_status":"open","sticky":false,"template":"","format":"standard","meta":{"_acf_changed":false,"footnotes":""},"categories":[1],"tags":[],"class_list":["post-1731","post","type-post","status-publish","format-standard","hentry","category-trial"],"acf":[],"_links":{"self":[{"href":"https:\/\/scf.se\/trial\/wp-json\/wp\/v2\/posts\/1731","targetHints":{"allow":["GET"]}}],"collection":[{"href":"https:\/\/scf.se\/trial\/wp-json\/wp\/v2\/posts"}],"about":[{"href":"https:\/\/scf.se\/trial\/wp-json\/wp\/v2\/types\/post"}],"author":[{"embeddable":true,"href":"https:\/\/scf.se\/trial\/wp-json\/wp\/v2\/users\/41"}],"replies":[{"embeddable":true,"href":"https:\/\/scf.se\/trial\/wp-json\/wp\/v2\/comments?post=1731"}],"version-history":[{"count":0,"href":"https:\/\/scf.se\/trial\/wp-json\/wp\/v2\/posts\/1731\/revisions"}],"wp:featuredmedia":[{"embeddable":true,"href":"https:\/\/scf.se\/trial\/wp-json\/wp\/v2\/media\/1741"}],"wp:attachment":[{"href":"https:\/\/scf.se\/trial\/wp-json\/wp\/v2\/media?parent=1731"}],"wp:term":[{"taxonomy":"category","embeddable":true,"href":"https:\/\/scf.se\/trial\/wp-json\/wp\/v2\/categories?post=1731"},{"taxonomy":"post_tag","embeddable":true,"href":"https:\/\/scf.se\/trial\/wp-json\/wp\/v2\/tags?post=1731"}],"curies":[{"name":"wp","href":"https:\/\/api.w.org\/{rel}","templated":true}]}}