
{"id":1717,"date":"2024-03-22T11:00:14","date_gmt":"2024-03-22T10:00:14","guid":{"rendered":"https:\/\/scf.se\/trial\/?p=1717"},"modified":"2024-03-22T12:26:32","modified_gmt":"2024-03-22T11:26:32","slug":"ludvig-andersson-ar-laddad-infor-sevard-guldduell-pa-trial-sm","status":"publish","type":"post","link":"https:\/\/scf.se\/trial\/ludvig-andersson-ar-laddad-infor-sevard-guldduell-pa-trial-sm\/","title":{"rendered":"Ludvig Andersson \u00e4r laddad inf\u00f6r sev\u00e4rd guldduell p\u00e5 inomhus-SM"},"content":{"rendered":"<p><strong>En av svensk trials stora framtidsnamn, Ludvig Andersson, tog SM-guld redan som junior i Pite\u00e5 efter ett n\u00e4ra nog optimalt finalpass f\u00f6r hans del. N\u00e4r SM-veckan vinter \u00e4r tillbaka i Norrbotten p\u00e5 fredag \u00e4r han f\u00f6rhandsfavorit i Sunderby<\/strong><strong> ishall mellan Lule\u00e5 och Boden, men utmanas minst sagt av rutinerade fjol\u00e5rsm\u00e4staren Alexander Karlsson.<\/strong><\/p>\n<h3><a href=\"https:\/\/www.svtplay.se\/video\/j1qn4JY\/sm-veckan\/brottning\"><em>H\u00e4r kan ni se finalpasset i cykeltrial fredag 22 mars fr\u00e5n 18.00 p\u00e5 SVT Play, dyker \u00e4ven upp p\u00e5 SVT 2!<\/em><\/a><\/h3>\n<p>Det har h\u00e4nt mycket n\u00e4r det g\u00e4ller sparring p\u00e5 tr\u00e4ning f\u00f6r Ludvig Andersson sedan f\u00f6rra s\u00e4songen; dels har syster Hilda Andersson som \u00e4r ung v\u00e4rldsstj\u00e4rna p\u00e5 damsidan tyv\u00e4rr \u00e5kt p\u00e5 en blytung kn\u00e4skada i samband med innebandyspel och dels har Ludvig flyttat till G\u00f6teborg.<\/p>\n<blockquote><p>&#8221;J\u00e4ttetr\u00e5kigt med syrrans skada men just tr\u00e4ningsm\u00e4ssigt har flytten till G\u00f6teborg har varit bra f\u00f6r mig. Jag har 20 minuter till deras fina inomhushall \u2013 perfekt! \u2013\u00a0 och har tr\u00e4nat med ungdomarna d\u00e4r men s\u00e5 dyker Nadine (K\u00e5mark) och Jocke Lundgren upp ibland. Det har varit kul med lite mera folk, mer tr\u00e4ningskompisar s\u00e5&#8230;&#8221;, s\u00e4ger Ludvig Andersson p\u00e5 bred v\u00e4rml\u00e4ndska rotat fr\u00e5n Kl\u00e4ssbol utanf\u00f6r Arvika.<\/p><\/blockquote>\n<a href=\"https:\/\/scf.se\/trial\/wp-content\/uploads\/sites\/8\/2023\/08\/LudvigVM.jpg\"><img loading=\"lazy\" decoding=\"async\" class=\"alignnone size-full wp-image-1576\" src=\"https:\/\/scf.se\/trial\/wp-content\/uploads\/sites\/8\/2023\/08\/LudvigVM.jpg\" alt=\"\" width=\"1127\" height=\"780\" srcset=\"https:\/\/scf.se\/trial\/wp-content\/uploads\/sites\/8\/2023\/08\/LudvigVM.jpg 1127w, https:\/\/scf.se\/trial\/wp-content\/uploads\/sites\/8\/2023\/08\/LudvigVM-300x208.jpg 300w, https:\/\/scf.se\/trial\/wp-content\/uploads\/sites\/8\/2023\/08\/LudvigVM-1024x709.jpg 1024w, https:\/\/scf.se\/trial\/wp-content\/uploads\/sites\/8\/2023\/08\/LudvigVM-768x532.jpg 768w\" sizes=\"auto, (max-width: 1127px) 100vw, 1127px\" \/><\/a>\n<a href=\"https:\/\/scf.se\/trial\/wp-content\/uploads\/sites\/8\/2023\/07\/VCtrial5.jpg\"><img loading=\"lazy\" decoding=\"async\" class=\"alignnone size-full wp-image-1562\" src=\"https:\/\/scf.se\/trial\/wp-content\/uploads\/sites\/8\/2023\/07\/VCtrial5.jpg\" alt=\"\" width=\"1280\" height=\"970\" srcset=\"https:\/\/scf.se\/trial\/wp-content\/uploads\/sites\/8\/2023\/07\/VCtrial5.jpg 1280w, https:\/\/scf.se\/trial\/wp-content\/uploads\/sites\/8\/2023\/07\/VCtrial5-300x227.jpg 300w, https:\/\/scf.se\/trial\/wp-content\/uploads\/sites\/8\/2023\/07\/VCtrial5-1024x776.jpg 1024w, https:\/\/scf.se\/trial\/wp-content\/uploads\/sites\/8\/2023\/07\/VCtrial5-768x582.jpg 768w\" sizes=\"auto, (max-width: 1280px) 100vw, 1280px\" \/><\/a>\n<p>Ludvig Andersson fanns med i den absolut v\u00e4rldstoppen som junior med en sjundeplats med bara tio po\u00e4ng fr\u00e5n final p\u00e5 sitt sista JVM, i Abu Dhabi i november 2022. F\u00f6rra \u00e5ret var det dags att matcha mot hela v\u00e4rldseliten som f\u00f6rsta\u00e5rssenior. Det \u00e4r en brutal skillnad.<\/p>\n<blockquote><p>&#8221;Ja, och med tanke p\u00e5 det \u00e4r jag ganska n\u00f6jd med s\u00e4songen totalt sett.\u00a0Vissa t\u00e4vlingar k\u00e4ndes till och med RIKTIGT bra. Den totala v\u00e4rldscupen och EM \u00e4r jag n\u00f6jd med och \u00e4ven VM \u2013 trots f\u00f6ruts\u00e4ttningarna d\u00e4r vi tappade en massa s\u00f6mn n\u00e4r vi fick utrymma boendet med en j\u00e4ttestor vattenl\u00e4cka&#8221;.<\/p><\/blockquote>\n<p>\u00c5rets s\u00e4song f\u00e5r en rivstart med SM p\u00e5 fredag och s\u00e5 en internationell t\u00e4vling i Danmark. D\u00e4r m\u00e4rks det att jakten efter en ny f\u00f6rbundskapten i den lilla men framg\u00e5ngsrika grenen trial tyv\u00e4rr inte har lyckats. Alla med intresse kan h\u00f6ra av sig till Svenska Cykelf\u00f6rbundet.<\/p>\n<blockquote><p>&#8221;T\u00e4vlingen i Danmark verkar bli helt i egen regi. Synd. Men jag k\u00f6r p\u00e5 och har som m\u00e5l att k\u00f6ra hela v\u00e4rldscupen plus EM och VM \u00e4ven i \u00e5r. Danmark blir den f\u00f6rsta internationella t\u00e4vlingen och det brukar vara tuff konkurrens d\u00e4r.&#8221;<\/p><\/blockquote>\n<a href=\"https:\/\/scf.se\/trial\/wp-content\/uploads\/sites\/8\/2023\/02\/FINALENludde.jpg\"><img loading=\"lazy\" decoding=\"async\" class=\"alignnone size-full wp-image-1471\" src=\"https:\/\/scf.se\/trial\/wp-content\/uploads\/sites\/8\/2023\/02\/FINALENludde.jpg\" alt=\"\" width=\"1846\" height=\"1400\" srcset=\"https:\/\/scf.se\/trial\/wp-content\/uploads\/sites\/8\/2023\/02\/FINALENludde.jpg 1846w, https:\/\/scf.se\/trial\/wp-content\/uploads\/sites\/8\/2023\/02\/FINALENludde-300x228.jpg 300w, https:\/\/scf.se\/trial\/wp-content\/uploads\/sites\/8\/2023\/02\/FINALENludde-1024x777.jpg 1024w, https:\/\/scf.se\/trial\/wp-content\/uploads\/sites\/8\/2023\/02\/FINALENludde-768x582.jpg 768w, https:\/\/scf.se\/trial\/wp-content\/uploads\/sites\/8\/2023\/02\/FINALENludde-1536x1165.jpg 1536w\" sizes=\"auto, (max-width: 1846px) 100vw, 1846px\" \/><\/a>\n<p><strong>Vad siktar du framf\u00f6r allt p\u00e5 att f\u00f6rb\u00e4ttra under din andra s\u00e4song som seniorcyklist?<\/strong><\/p>\n<blockquote><p>&#8221;Jag har satt som m\u00e5l att kl\u00e4ttra p\u00e5 internationella rankingslistan. Men sedan k\u00e4nde jag hela tiden f\u00f6rra s\u00e4songen n\u00e4r jag stod bredvid och kikade att jag i ett perfekt \u00e5k kan klara alla grejor som de b\u00e4sta i v\u00e4rlden g\u00f6r p\u00e5 t\u00e4vlingarna. Kan jag bara f\u00e5 ihop ett bra \u00e5k s\u00e5 \u00e4r jag d\u00e4r redan nu. Men det handlar mycket om erfarenhet&#8230;&#8221;<\/p><\/blockquote>\n<p><strong>Har du n\u00e5gra st\u00f6rre nyheter p\u00e5 materialfronten?<\/strong><\/p>\n<blockquote><p>&#8221;Nej, faktiskt inte. Jag har ju en ny cykel inf\u00f6r s\u00e4songen, men inget nytt m\u00e4rke. Jag var n\u00f6jd med min cykel f\u00f6rra \u00e5ret s\u00e5 det fanns ingen anledning att byta&#8221;, s\u00e4ger Ludvig som k\u00f6r 20-tumsklassen internationellt medan man p\u00e5 SM sl\u00e5r ihop den med 26-tumscyklar som \u00e4r SM-guldkonkurrenten Alexander Karlssons klass.<\/p><\/blockquote>\n<p>Cykeltrial drar ofta p\u00e5tagligt bra tittarsiffror p\u00e5 SVT. F\u00f6rra \u00e5ret marknadsf\u00f6rde Ludvig ocks\u00e5 sporten p\u00e5 b\u00e4sta s\u00e4tt i s\u00e5v\u00e4l TV4:s <em>Talang<\/em> och SVT:s stj\u00e4rnsp\u00e4ckade underh\u00e5llningsprogram\u00a0<em>P\u00e5 Riktigt?!<\/em><\/p>\n<a href=\"https:\/\/scf.se\/trial\/wp-content\/uploads\/sites\/8\/2023\/06\/pgm1020199085301_mez_6489d0620838a.jpg\"><img loading=\"lazy\" decoding=\"async\" class=\"alignnone size-full wp-image-1514\" src=\"https:\/\/scf.se\/trial\/wp-content\/uploads\/sites\/8\/2023\/06\/pgm1020199085301_mez_6489d0620838a.jpg\" alt=\"\" width=\"1920\" height=\"1080\" srcset=\"https:\/\/scf.se\/trial\/wp-content\/uploads\/sites\/8\/2023\/06\/pgm1020199085301_mez_6489d0620838a.jpg 1920w, https:\/\/scf.se\/trial\/wp-content\/uploads\/sites\/8\/2023\/06\/pgm1020199085301_mez_6489d0620838a-300x169.jpg 300w, https:\/\/scf.se\/trial\/wp-content\/uploads\/sites\/8\/2023\/06\/pgm1020199085301_mez_6489d0620838a-1024x576.jpg 1024w, https:\/\/scf.se\/trial\/wp-content\/uploads\/sites\/8\/2023\/06\/pgm1020199085301_mez_6489d0620838a-768x432.jpg 768w, https:\/\/scf.se\/trial\/wp-content\/uploads\/sites\/8\/2023\/06\/pgm1020199085301_mez_6489d0620838a-1536x864.jpg 1536w\" sizes=\"auto, (max-width: 1920px) 100vw, 1920px\" \/><\/a>\n<a href=\"https:\/\/scf.se\/trial\/wp-content\/uploads\/sites\/8\/2023\/06\/pgm1020199085301_mez_6489d02d28ad7.jpg\"><img loading=\"lazy\" decoding=\"async\" class=\"alignnone size-full wp-image-1512\" src=\"https:\/\/scf.se\/trial\/wp-content\/uploads\/sites\/8\/2023\/06\/pgm1020199085301_mez_6489d02d28ad7.jpg\" alt=\"\" width=\"1920\" height=\"1080\" srcset=\"https:\/\/scf.se\/trial\/wp-content\/uploads\/sites\/8\/2023\/06\/pgm1020199085301_mez_6489d02d28ad7.jpg 1920w, https:\/\/scf.se\/trial\/wp-content\/uploads\/sites\/8\/2023\/06\/pgm1020199085301_mez_6489d02d28ad7-300x169.jpg 300w, https:\/\/scf.se\/trial\/wp-content\/uploads\/sites\/8\/2023\/06\/pgm1020199085301_mez_6489d02d28ad7-1024x576.jpg 1024w, https:\/\/scf.se\/trial\/wp-content\/uploads\/sites\/8\/2023\/06\/pgm1020199085301_mez_6489d02d28ad7-768x432.jpg 768w, https:\/\/scf.se\/trial\/wp-content\/uploads\/sites\/8\/2023\/06\/pgm1020199085301_mez_6489d02d28ad7-1536x864.jpg 1536w\" sizes=\"auto, (max-width: 1920px) 100vw, 1920px\" \/><\/a>\n<blockquote><p>&#8221;Det var kul, kul med tv! Talang var roligt ihop med Rasmus (Lid\u00e9n, som har lagt av med elitsatsningen i trial till denna s\u00e4song, v\u00e5r anm\u00e4rkning). Det var faktiskt inspirenade att g\u00f6ra tv\u00e5, imponerade vilka produktioner som de har. Ska jag plocka fram ett enda minne fr\u00e5n de d\u00e4r inspelningarna var det n\u00e4r vi tvingade P\u00e4r Lernstr\u00f6m att ligga p\u00e5 golvet n\u00e4r vi skulle landa fr\u00e5n ett h\u00f6gt hinder. Han blev lite skraj men tyckte att det var lika kul som vi&#8230;&#8221;<\/p><\/blockquote>\n<p>Ludvig rekommenderar verkligen att sl\u00e5 p\u00e5 TV2 eller \u00e4nnu s\u00e4krare SVT Play 18.00 p\u00e5 fredag. Det blir minst sagt initierad expertkommentator i form av Nadine K\u00e5mark.<\/p>\n<blockquote><p>&#8221;Det kommer att bli en bra show. H\u00e4ftigt. Jag vet egentligen inget om banan, utan har bara h\u00f6rt lite rykten. En sak som jag verkligen hoppas p\u00e5 \u00e4r att i alla fall f\u00e5 chansen att klara den avslutande v\u00e4ggen. F\u00f6rra \u00e5ret var den fj\u00e4rde sektionen s\u00e5 sv\u00e5r att jag r\u00f6k p\u00e5 den. Det var fruktansv\u00e4rt frustrerande att inte f\u00e5 chansen att utmana v\u00e4ggen i Sk\u00f6vde. Men det \u00e4r \u00f6verhuvudtaget v\u00e4ldigt kul att titta p\u00e5 cykeltrial \u2013\u00a0om man vill se n\u00e5gon annat \u00e4n all vanlig sport p\u00e5 tv. Vi svenska cyklister h\u00e5ller i n\u00e5gon m\u00e5n v\u00e4rldsklass, men de har mera koll p\u00e5 oss n\u00e4r man kommer till t\u00e4vlingar utomlands.&#8221;<\/p><\/blockquote>\n<a href=\"https:\/\/scf.se\/trial\/wp-content\/uploads\/sites\/8\/2022\/03\/LuddeVAGGEN.jpg\"><img loading=\"lazy\" decoding=\"async\" class=\"alignnone size-full wp-image-1271\" src=\"https:\/\/scf.se\/trial\/wp-content\/uploads\/sites\/8\/2022\/03\/LuddeVAGGEN.jpg\" alt=\"\" width=\"1221\" height=\"1874\" srcset=\"https:\/\/scf.se\/trial\/wp-content\/uploads\/sites\/8\/2022\/03\/LuddeVAGGEN.jpg 1221w, https:\/\/scf.se\/trial\/wp-content\/uploads\/sites\/8\/2022\/03\/LuddeVAGGEN-195x300.jpg 195w, https:\/\/scf.se\/trial\/wp-content\/uploads\/sites\/8\/2022\/03\/LuddeVAGGEN-667x1024.jpg 667w, https:\/\/scf.se\/trial\/wp-content\/uploads\/sites\/8\/2022\/03\/LuddeVAGGEN-768x1179.jpg 768w, https:\/\/scf.se\/trial\/wp-content\/uploads\/sites\/8\/2022\/03\/LuddeVAGGEN-1001x1536.jpg 1001w\" sizes=\"auto, (max-width: 1221px) 100vw, 1221px\" \/><\/a>\n<p>Uppe i Pite\u00e5 \u00e5ret innan var Ludvig millimetrar fr\u00e5n att klara den mytomspunna v\u00e4ggen, som logiskt sett k\u00e4nns om\u00f6jlig f\u00f6r cykeltrial och mera gjord f\u00f6r X-trial.<\/p>\n<blockquote><p>&#8221;Det var bra gjort den g\u00e5ngen. S\u00e5 bra \u00e5k som jag gjorde d\u00e5 n\u00e4r jag fick ut precis allt jag hade i mig den dagen \u00e4r sv\u00e5rt f\u00e5 att f\u00e5 till. Men f\u00e5r jag chansen p\u00e5 v\u00e4ggen i \u00e5r ska jag g\u00f6ra ett nytt f\u00f6rs\u00f6k&#8221;, utlovar Ludvig Andersson.<\/p><\/blockquote>\n<a href=\"https:\/\/scf.se\/trial\/wp-content\/uploads\/sites\/8\/2023\/02\/Alexander2.jpg\"><img loading=\"lazy\" decoding=\"async\" class=\"alignnone size-full wp-image-1458\" src=\"https:\/\/scf.se\/trial\/wp-content\/uploads\/sites\/8\/2023\/02\/Alexander2.jpg\" alt=\"\" width=\"1406\" height=\"1395\" srcset=\"https:\/\/scf.se\/trial\/wp-content\/uploads\/sites\/8\/2023\/02\/Alexander2.jpg 1406w, https:\/\/scf.se\/trial\/wp-content\/uploads\/sites\/8\/2023\/02\/Alexander2-300x298.jpg 300w, https:\/\/scf.se\/trial\/wp-content\/uploads\/sites\/8\/2023\/02\/Alexander2-1024x1016.jpg 1024w, https:\/\/scf.se\/trial\/wp-content\/uploads\/sites\/8\/2023\/02\/Alexander2-150x150.jpg 150w, https:\/\/scf.se\/trial\/wp-content\/uploads\/sites\/8\/2023\/02\/Alexander2-768x762.jpg 768w\" sizes=\"auto, (max-width: 1406px) 100vw, 1406px\" \/><\/a>\n<p>Regerande m\u00e4staren Alexander Karlsson ser fram emot att f\u00f6rs\u00f6ka f\u00f6rsvara fjol\u00e5rstiteln d\u00e5 han gjorde en fantastiskt stark t\u00e4vling i Sk\u00f6vde.<\/p>\n<blockquote><p>\u201dJa, inomhus-SM \u00e4r en v\u00e4ldigt rolig t\u00e4vling. Hela grejen med arrangemanget under SM-veckan och att det tv-s\u00e4nds g\u00f6r att det absolut \u00e4r en av \u00e5rets h\u00f6jdpunkter f\u00f6r mig\u201d, s\u00e4ger Alexander Karlsson.<\/p><\/blockquote>\n<p>Vid f\u00f6rra \u00e5rets inomhus-SM var det t\u00e4t kamp mellan Alexander och Ludvig som levde \u00e4nd\u00e5 tills den fj\u00e4rde sektionen av sista stationen. S\u00e5 h\u00e4r s\u00e4ger han Alexander Karlsson om den f\u00f6rmodade guldkampen:<\/p>\n<blockquote><p>\u201dVi var v\u00e4ldigt j\u00e4mna; avslutades p\u00e5 en ren teknisk grej som han lika v\u00e4l kunde s\u00e4tta som jag. S\u00e5 tajt \u00e4r det ibland i elitdrott. Den g\u00e5ngen var det min tur att vinna. Jag ser fram emot en ny kamp i Lule\u00e5.\u201d<\/p><\/blockquote>\n<p>Ludvig Andersson inst\u00e4mmer:<\/p>\n<a href=\"https:\/\/scf.se\/trial\/wp-content\/uploads\/sites\/8\/2023\/02\/FINALENludde3.jpg\"><img loading=\"lazy\" decoding=\"async\" class=\"alignnone size-full wp-image-1468\" src=\"https:\/\/scf.se\/trial\/wp-content\/uploads\/sites\/8\/2023\/02\/FINALENludde3.jpg\" alt=\"\" width=\"2016\" height=\"1512\" srcset=\"https:\/\/scf.se\/trial\/wp-content\/uploads\/sites\/8\/2023\/02\/FINALENludde3.jpg 2016w, https:\/\/scf.se\/trial\/wp-content\/uploads\/sites\/8\/2023\/02\/FINALENludde3-300x225.jpg 300w, https:\/\/scf.se\/trial\/wp-content\/uploads\/sites\/8\/2023\/02\/FINALENludde3-1024x768.jpg 1024w, https:\/\/scf.se\/trial\/wp-content\/uploads\/sites\/8\/2023\/02\/FINALENludde3-768x576.jpg 768w, https:\/\/scf.se\/trial\/wp-content\/uploads\/sites\/8\/2023\/02\/FINALENludde3-1536x1152.jpg 1536w\" sizes=\"auto, (max-width: 2016px) 100vw, 2016px\" \/><\/a>\n<blockquote><p>&#8221;Det ska bli roligt! Och det kommer att bli en j\u00e4mn fajt. Det \u00e4r dessutom bara fyra sektioner i finalen. Sv\u00e5rt att f\u00e5 till alla fyra perfekt. Det \u00e4r den som \u00e4r b\u00e4st d\u00e4r och d\u00e5 som vinner. Och det \u00e4r lite tur som spelar in ocks\u00e5&#8230;&#8221;<\/p><\/blockquote>\n<p>Riktigt kul ocks\u00e5 att det ansl\u00f6t flera duktiga unga cyklister under de sista dagarna innan anm\u00e4lningstiden gick ut. P\u00e5 utomhus-SM i Laholm var det Alexanders klubbkompis fr\u00e5n Hawkhills Trialklubb, Kasper Waldest\u00e5l, som segrade bland juniorerna. Nu blir det en mycket intressant fajt om SM-bronset inomhus som ni kan f\u00f6lja som fin tidig fredagskv\u00e4llsunderh\u00e5llning p\u00e5 SVT.<\/p>\n<h2>SM-startf\u00e4ltet i cykeltrial<\/h2>\n<ul>\n<li><strong>Alexander Karlsson<\/strong>, Hawkhills Trialklubb<\/li>\n<li><strong>Ludvig Andersson<\/strong>, Arvika Idrottss\u00e4llskap<\/li>\n<li><strong>Kasper Waldest\u00e5l<\/strong>, Hawkhills Trialklubb<\/li>\n<li><strong>Holger Johansson<\/strong>, Tranemo Cykels\u00e4llskap<\/li>\n<li><strong>Jakob Nilsson<\/strong>, Hawkhills Trialklubb<\/li>\n<li><strong>Jonathan Bylund<\/strong>, Hawkhills Trialklubb<\/li>\n<\/ul>\n<h3>Tidsprogram SM-trial fredag 22 mars<\/h3>\n<ul>\n<li><strong>12.00\u201315.20:<\/strong> Kval (samk\u00f6rs med x-trial)<\/li>\n<li><strong>17.50\u201318.40:<\/strong> Det tv-s\u00e4nda finalpasset dit fyra cyklister kvalar in till.<\/li>\n<\/ul>\n<p><em>Text och foto: Tomas Larsson\/SCF<\/em><\/p>\n<hr \/>\n<p><em><strong>Svenska Cykelf\u00f6rbundet \u00e4r stolta \u00f6ver att presentera v\u00e5ra samarbetspartners. Tack vare dessa fantastiska f\u00f6retag kan v\u00e5ra cyklister oftare ta sig l\u00e4ngre ut i v\u00e4rlden.<\/strong><\/em><\/p>\n<h2><a href=\"https:\/\/scf.se\/forbundet\/sponsorer\/\"><img loading=\"lazy\" decoding=\"async\" class=\"alignnone size-full wp-image-3872\" src=\"https:\/\/scf.se\/landsvag\/wp-content\/uploads\/sites\/5\/2023\/02\/LiggandeBannerNyheterHemsida2023.png\" alt=\"\" width=\"1200\" height=\"200\" \/><\/a><\/h2>\n","protected":false},"excerpt":{"rendered":"<p>En av svensk trials stora framtidsnamn, Ludvig Andersson, tog SM-guld redan som junior i Pite\u00e5 efter ett n\u00e4ra nog optimalt finalpass f\u00f6r hans del. N\u00e4r SM-veckan vinter \u00e4r tillbaka i Norrbotten p\u00e5 fredag \u00e4r han f\u00f6rhandsfavorit i Sunderby ishall mellan Lule\u00e5 och Boden, men utmanas minst sagt av rutinerade fjol\u00e5rsm\u00e4staren Alexander Karlsson. H\u00e4r kan<a href=\"https:\/\/scf.se\/trial\/ludvig-andersson-ar-laddad-infor-sevard-guldduell-pa-trial-sm\/\" class=\"news-card__more\"> &#8230;<\/a><\/p>\n","protected":false},"author":41,"featured_media":1549,"comment_status":"open","ping_status":"open","sticky":false,"template":"","format":"standard","meta":{"_acf_changed":false,"footnotes":""},"categories":[1],"tags":[],"class_list":["post-1717","post","type-post","status-publish","format-standard","hentry","category-trial"],"acf":[],"_links":{"self":[{"href":"https:\/\/scf.se\/trial\/wp-json\/wp\/v2\/posts\/1717","targetHints":{"allow":["GET"]}}],"collection":[{"href":"https:\/\/scf.se\/trial\/wp-json\/wp\/v2\/posts"}],"about":[{"href":"https:\/\/scf.se\/trial\/wp-json\/wp\/v2\/types\/post"}],"author":[{"embeddable":true,"href":"https:\/\/scf.se\/trial\/wp-json\/wp\/v2\/users\/41"}],"replies":[{"embeddable":true,"href":"https:\/\/scf.se\/trial\/wp-json\/wp\/v2\/comments?post=1717"}],"version-history":[{"count":0,"href":"https:\/\/scf.se\/trial\/wp-json\/wp\/v2\/posts\/1717\/revisions"}],"wp:featuredmedia":[{"embeddable":true,"href":"https:\/\/scf.se\/trial\/wp-json\/wp\/v2\/media\/1549"}],"wp:attachment":[{"href":"https:\/\/scf.se\/trial\/wp-json\/wp\/v2\/media?parent=1717"}],"wp:term":[{"taxonomy":"category","embeddable":true,"href":"https:\/\/scf.se\/trial\/wp-json\/wp\/v2\/categories?post=1717"},{"taxonomy":"post_tag","embeddable":true,"href":"https:\/\/scf.se\/trial\/wp-json\/wp\/v2\/tags?post=1717"}],"curies":[{"name":"wp","href":"https:\/\/api.w.org\/{rel}","templated":true}]}}