
{"id":1700,"date":"2024-02-27T12:31:02","date_gmt":"2024-02-27T11:31:02","guid":{"rendered":"https:\/\/scf.se\/trial\/?p=1700"},"modified":"2024-02-27T14:41:35","modified_gmt":"2024-02-27T13:41:35","slug":"inomhus-sm-ar-en-hojdare-for-alexander-missa-inte-att-soka-resebidrag","status":"publish","type":"post","link":"https:\/\/scf.se\/trial\/inomhus-sm-ar-en-hojdare-for-alexander-missa-inte-att-soka-resebidrag\/","title":{"rendered":"Alexander ser fram emot Inomhus-SM \u2013 missa inte att s\u00f6ka resebidrag"},"content":{"rendered":"<p><strong>&#8221;Inomhus-SM \u00e4r en av \u00e5rets absoluta h\u00f6jdpunkter f\u00f6r mig.&#8221; Det s\u00e4ger regerande svenska inomhusm\u00e4stare Alexander Karlsson, Hawkhills TK, som har faktiskt redan b\u00f6rjat tr\u00e4na utomhus. D\u00e5 SM-veckan vinter, d\u00e4r b\u00e4gge cykelgrenarna arrangeras fredag 22 mars, g\u00e5r i Lule\u00e5 kan alla aktiva s\u00f6ka resebidrag p\u00e5 max 3000 kronor, se nedan!<\/strong><\/p>\n<p>F\u00f6r Alexander Karlssons var det en sj\u00e4lvklarhet att f\u00f6rs\u00f6ka f\u00f6rsvara fjol\u00e5rstiteln d\u00e5 han gjorde en fantastiskt stark t\u00e4vling i Sk\u00f6vde.<\/p>\n<a href=\"https:\/\/scf.se\/trial\/wp-content\/uploads\/sites\/8\/2023\/02\/FINALENalexander1.jpg\"><img loading=\"lazy\" decoding=\"async\" class=\"alignnone size-full wp-image-1467\" src=\"https:\/\/scf.se\/trial\/wp-content\/uploads\/sites\/8\/2023\/02\/FINALENalexander1.jpg\" alt=\"\" width=\"1704\" height=\"1259\" srcset=\"https:\/\/scf.se\/trial\/wp-content\/uploads\/sites\/8\/2023\/02\/FINALENalexander1.jpg 1704w, https:\/\/scf.se\/trial\/wp-content\/uploads\/sites\/8\/2023\/02\/FINALENalexander1-300x222.jpg 300w, https:\/\/scf.se\/trial\/wp-content\/uploads\/sites\/8\/2023\/02\/FINALENalexander1-1024x757.jpg 1024w, https:\/\/scf.se\/trial\/wp-content\/uploads\/sites\/8\/2023\/02\/FINALENalexander1-768x567.jpg 768w, https:\/\/scf.se\/trial\/wp-content\/uploads\/sites\/8\/2023\/02\/FINALENalexander1-1536x1135.jpg 1536w\" sizes=\"auto, (max-width: 1704px) 100vw, 1704px\" \/><\/a>\n<blockquote><p>&#8221;Ja, inomhus-SM \u00e4r en v\u00e4ldigt rolig t\u00e4vling. Hela grejen med arrangemanget under SM-veckan och att det tv-s\u00e4nds g\u00f6r att det absolut \u00e4r en av \u00e5rets h\u00f6jdpunkter f\u00f6r mig&#8221;, s\u00e4ger Alexander Karlsson.<\/p><\/blockquote>\n<p>Medan cyklisterna i toppnationer som Spanien just nu har perfekta f\u00f6rh\u00e5llanden utomhus har Alexander h\u00e5llit till en hel del i en r\u00e4tt tr\u00e5ng ladug\u00e5rd i lilla K\u00f6inge.<\/p>\n<blockquote><p>&#8221;Vi har en klubblokal i Laholm ocks\u00e5 men det blir s\u00e4llan att jag \u00e5ker dit. I K\u00f6inge \u00e4r det l\u00e5gt till tak och smutsigt, men det \u00e4r n\u00e4ra och inomhus s\u00e5 det \u00e4r jag tacksam f\u00f6r. Sedan har jag k\u00f6rt utomhus ett par g\u00e5nger, senast i onsdags. Det var sju grader och vindstilla, mjukt underlag och halt \u2013 men det gick. Jag hoppas att v\u00e4dret h\u00e5ller i sig s\u00e5 jag kan stanna utomhus&#8221;, s\u00e4ger Alexander luttrat.<\/p><\/blockquote>\n<p><strong>Hur har f\u00f6rberedelserna varit j\u00e4mf\u00f6rt med n\u00e4r du vann i Sk\u00f6vde?<\/strong><\/p>\n<blockquote><p>&#8221;Det funkar v\u00e4l ganska bra. Jag g\u00e5r just nu fr\u00e5n styrkeperioden till cykelperioden. Det ska bli ett f\u00f6rbannat sk\u00f6nt avbrott med att t\u00e4vla p\u00e5 SM. Sedan k\u00f6r jag inte lika mycket som de senaste \u00e5ren. Vi f\u00e5r se hur det p\u00e5verkar. M\u00e5let \u00e4r fortfarande att k\u00f6ra internationellt med ett par v\u00e4rldscupt\u00e4vlingar till att b\u00f6rja med, men det beror ocks\u00e5 p\u00e5 st\u00f6det fr\u00e5n sponsorer och f\u00f6rbundet&#8221;, s\u00e4ger Alexander.<\/p><\/blockquote>\n<a href=\"https:\/\/scf.se\/trial\/wp-content\/uploads\/sites\/8\/2023\/02\/FINALENludde.jpg\"><img loading=\"lazy\" decoding=\"async\" class=\"alignnone size-full wp-image-1471\" src=\"https:\/\/scf.se\/trial\/wp-content\/uploads\/sites\/8\/2023\/02\/FINALENludde.jpg\" alt=\"\" width=\"1846\" height=\"1400\" srcset=\"https:\/\/scf.se\/trial\/wp-content\/uploads\/sites\/8\/2023\/02\/FINALENludde.jpg 1846w, https:\/\/scf.se\/trial\/wp-content\/uploads\/sites\/8\/2023\/02\/FINALENludde-300x228.jpg 300w, https:\/\/scf.se\/trial\/wp-content\/uploads\/sites\/8\/2023\/02\/FINALENludde-1024x777.jpg 1024w, https:\/\/scf.se\/trial\/wp-content\/uploads\/sites\/8\/2023\/02\/FINALENludde-768x582.jpg 768w, https:\/\/scf.se\/trial\/wp-content\/uploads\/sites\/8\/2023\/02\/FINALENludde-1536x1165.jpg 1536w\" sizes=\"auto, (max-width: 1846px) 100vw, 1846px\" \/><\/a> <a href=\"https:\/\/scf.se\/trial\/wp-content\/uploads\/sites\/8\/2023\/02\/TRIALalexander-1.jpg\"><img loading=\"lazy\" decoding=\"async\" class=\"alignnone size-full wp-image-1446\" src=\"https:\/\/scf.se\/trial\/wp-content\/uploads\/sites\/8\/2023\/02\/TRIALalexander-1.jpg\" alt=\"\" width=\"1857\" height=\"2300\" srcset=\"https:\/\/scf.se\/trial\/wp-content\/uploads\/sites\/8\/2023\/02\/TRIALalexander-1.jpg 1857w, https:\/\/scf.se\/trial\/wp-content\/uploads\/sites\/8\/2023\/02\/TRIALalexander-1-242x300.jpg 242w, https:\/\/scf.se\/trial\/wp-content\/uploads\/sites\/8\/2023\/02\/TRIALalexander-1-827x1024.jpg 827w, https:\/\/scf.se\/trial\/wp-content\/uploads\/sites\/8\/2023\/02\/TRIALalexander-1-768x951.jpg 768w, https:\/\/scf.se\/trial\/wp-content\/uploads\/sites\/8\/2023\/02\/TRIALalexander-1-1240x1536.jpg 1240w, https:\/\/scf.se\/trial\/wp-content\/uploads\/sites\/8\/2023\/02\/TRIALalexander-1-1654x2048.jpg 1654w\" sizes=\"auto, (max-width: 1857px) 100vw, 1857px\" \/><\/a> <a href=\"https:\/\/scf.se\/trial\/wp-content\/uploads\/sites\/8\/2023\/02\/FINALENludde3.jpg\"><img loading=\"lazy\" decoding=\"async\" class=\"alignnone size-full wp-image-1468\" src=\"https:\/\/scf.se\/trial\/wp-content\/uploads\/sites\/8\/2023\/02\/FINALENludde3.jpg\" alt=\"\" width=\"2016\" height=\"1512\" srcset=\"https:\/\/scf.se\/trial\/wp-content\/uploads\/sites\/8\/2023\/02\/FINALENludde3.jpg 2016w, https:\/\/scf.se\/trial\/wp-content\/uploads\/sites\/8\/2023\/02\/FINALENludde3-300x225.jpg 300w, https:\/\/scf.se\/trial\/wp-content\/uploads\/sites\/8\/2023\/02\/FINALENludde3-1024x768.jpg 1024w, https:\/\/scf.se\/trial\/wp-content\/uploads\/sites\/8\/2023\/02\/FINALENludde3-768x576.jpg 768w, https:\/\/scf.se\/trial\/wp-content\/uploads\/sites\/8\/2023\/02\/FINALENludde3-1536x1152.jpg 1536w\" sizes=\"auto, (max-width: 2016px) 100vw, 2016px\" \/><\/a>\n<p>Vid f\u00f6rra \u00e5rets inomhus-SM var det t\u00e4t kamp mellan Alexander Karlsson och Ludvig Andersson fr\u00e5n Arvika IS d\u00e4r avg\u00f6randet kom sent i finalen. Ludvig, som har gjort sporten mera k\u00e4nd f\u00f6r den breda publiken genom att showat i flera tv-framtr\u00e4danden f\u00f6rra \u00e5ret, vann utomhus-SM.<\/p>\n<blockquote><p>&#8221;Vi var v\u00e4ldigt j\u00e4mna, avslutades p\u00e5 en ren teknisk grej som han lika v\u00e4l kunde s\u00e4tta som jag, s\u00e5 tajt \u00e4r det ibland i elitdrott. Den g\u00e5ngen var det min tur att vinna. Jag ser fram emot en ny kamp i Lule\u00e5&#8221;, s\u00e4ger Alexander Karlsson.<\/p><\/blockquote>\n<a href=\"https:\/\/scf.se\/trial\/wp-content\/uploads\/sites\/8\/2023\/02\/FINALENalexander4.jpg\"><img loading=\"lazy\" decoding=\"async\" class=\"alignnone size-full wp-image-1464\" src=\"https:\/\/scf.se\/trial\/wp-content\/uploads\/sites\/8\/2023\/02\/FINALENalexander4.jpg\" alt=\"\" width=\"1174\" height=\"1343\" srcset=\"https:\/\/scf.se\/trial\/wp-content\/uploads\/sites\/8\/2023\/02\/FINALENalexander4.jpg 1174w, https:\/\/scf.se\/trial\/wp-content\/uploads\/sites\/8\/2023\/02\/FINALENalexander4-262x300.jpg 262w, https:\/\/scf.se\/trial\/wp-content\/uploads\/sites\/8\/2023\/02\/FINALENalexander4-895x1024.jpg 895w, https:\/\/scf.se\/trial\/wp-content\/uploads\/sites\/8\/2023\/02\/FINALENalexander4-768x879.jpg 768w\" sizes=\"auto, (max-width: 1174px) 100vw, 1174px\" \/><\/a>\n<p><strong>K\u00f6r du vidare p\u00e5 f\u00f6rra s\u00e4songens cykel eller finns det n\u00e5gra st\u00f6rre nyheter till i \u00e5r?<\/strong><\/p>\n<blockquote><p>&#8221;Ja, jag skaffade en kolfiberhoj i december, som jag fortfarande h\u00e5ller p\u00e5 att v\u00e4nja mig med. Det ska bli kul att se n\u00e4rmast p\u00e5 SM hur den p\u00e5verkar. K\u00e4nslan \u00e4r lite komplicerad att beskriva; kolfibret g\u00f6r ramen generellt sett styvare men den flexar p\u00e5 ett annat s\u00e4tt men framf\u00f6r allt k\u00e4nns cykeln l\u00e4ttare fast det inte skiljer s\u00e5 mycket i vikt.&#8221;<\/p><\/blockquote>\n<h2>H\u00e5lltider f\u00f6r cykeltrial p\u00e5 SM-veckan<\/h2>\n<ul>\n<li><strong>Fredag 22 februari, 12.00: <\/strong>Kvalpass, Sunderby sporthall<\/li>\n<li><strong>Fredag 22 februari, 18.00:<\/strong> Finalpass, Sunderby sporthall, SVT Play s\u00e4nder direkt till 19.15 och s\u00e4ndningen kan \u00e4ven g\u00e5 \u00f6ver till SVT2.<\/li>\n<\/ul>\n<h3><a href=\"https:\/\/www.swecyclingonline.se\/tavling\/75842\"><em><strong>Mera info och anm\u00e4lan till inomhus-SM h\u00e4r, senast 29 februari!<\/strong><\/em><\/a><\/h3>\n<p>Missar inomhus-SM g\u00f6r f\u00f6rst\u00e5s den unga v\u00e4rldselitcyklisten p\u00e5 damsidan, Hilda Andersson, som bland annat slet av korsbandet vid en innebandymatch i vintras.<\/p>\n<p>Inf\u00f6r \u00e5rets trials\u00e4song har det dessutom f\u00f6rsvunnit tv\u00e5 vassa herrcyklister. F\u00f6rst lade Joacim Lundgren, Partille TK-\u00e5karen som har varit topp fem i v\u00e4rlden, ner en skadefylld comeback efter VM i Glasgow. Och s\u00e5 har Rasmus Lid\u00e9n, Tranemo CS-cyklisten som var tv\u00e5a senast p\u00e5 utomhus-SM i Laholm, lagt av.<\/p>\n<p>Fr\u00e5n Tranemo Cykels\u00e4llskap kommer nu i st\u00e4llet JSM-tv\u00e5an Holger Johansson till SM. Det fanns fler som k\u00f6rde bra i juniorklassen senast p\u00e5 SM i Laholm \u2013 men \u00e4nnu ingen mera anm\u00e4ld till SM.<\/p>\n<h2>Alla SM-cyklister kan s\u00f6ka resebidrag p\u00e5 max 3000 kronor<\/h2>\n<div>\n<p>Vi hoppas p\u00e5 ytterligare n\u00e5gon SM-cyklist som hittills har tvekat p\u00e5 grund av stora kostnader f\u00f6r resan n\u00e4r m\u00e4sterskapet avg\u00f6rs en vardag uppe i Lule\u00e5. Alla SM-cyklister i SCF-anslutna f\u00f6reningar har r\u00e4tt till en viss reseers\u00e4ttning. Man ger kvitton och annan redovisning av resan (se nedan) till ordf\u00f6randen eller kass\u00f6ren i klubben som sedan kan s\u00f6ka \u00e5terstartsst\u00f6d f\u00f6r kostnader upp till 3000 kronor.<\/p>\n<p>Reseers\u00e4ttning f\u00f6r deltagare i SM-veckan vinter 2024 ges mot faktisk resekostnad (bil\/t\u00e5g\/flyg) med ett maximalt s\u00f6kbart belopp p\u00e5 3 000 kronor deltagare. Observera att det \u00e4r den SCF-anslutna f\u00f6reningen som s\u00f6ker st\u00f6det men att det inte finns n\u00e5gra restriktioner f\u00f6r antal st\u00f6d per klubb just n\u00e4r det g\u00e4ller SM-resa Lule\u00e5. T\u00e5g och flyg m\u00e5ste redovisas med kvitto. Bilers\u00e4ttning g\u00e4ller det skattefria beloppet p\u00e5 25 kronor per mil.<\/p>\n<\/div>\n<div class=\"single-card__content\">\n<h3><strong>S\u00e5 ans\u00f6ker Din f\u00f6rening om f\u00f6reningsst\u00f6d till SM-deltagare i Lule\u00e5<\/strong><\/h3>\n<ul>\n<li>Skicka in en ans\u00f6kan via <a href=\"https:\/\/login.idrottonline.se\/authn\/authenticate?serviceProviderId=nav-bar\"><strong><em>IdrottOnline<\/em><\/strong><\/a>, ett formul\u00e4r under <em>Idrottsmedel <\/em>som heter <strong><em>\u00c5terstartsst\u00f6d IF 2024\/2025<\/em><\/strong><em>.<\/em> Notera tydligt vilket av\u00a0 kategori av st\u00f6d ovan som din f\u00f6rening s\u00f6ker.<\/li>\n<li>V\u00e4l inne i <em><strong>IdrottOnline <\/strong><\/em>beskrivs bara aktiviteten som &#8221;deltagande p\u00e5 SM-vecka vinter trial&#8221;.<\/li>\n<li>Alla SCF-anslutna f\u00f6reningars ordf\u00f6rande eller kass\u00f6r \u00e4r beh\u00f6riga att skicka in ans\u00f6kan.<\/li>\n<li>Samtliga klubbar som beviljas st\u00f6d m\u00e5ste rapportera tillbaka till SCF och redovisa med kvitton eller motsvarande. Bilers\u00e4ttning redovisas genom beskrivning av resan, m\u00e4tarst\u00e4llning och registreringsnummer p\u00e5 bil som anv\u00e4nts.<\/li>\n<li>Om ans\u00f6kan om resebidrag \u00e4r korrekt redovisat och l\u00e4mnas in kort efter SM-veckan vinter garanteras ers\u00e4ttning.<\/li>\n<\/ul>\n<p><a href=\"https:\/\/scf.se\/forbundet\/fyra-olika-foreningsstod-blir-sokbara-den-19-februari-kolla-in-dem-har\/\"><em><strong>L\u00e4s mera om samtliga st\u00f6d i \u00c5terstartsst\u00f6d IF 2024\/2025, f\u00f6reningsdelen!<\/strong><\/em><\/a><\/p>\n<p><a href=\"https:\/\/scf.se\/e-cycling\/2024\/02\/20\/anmal-intresse-for-att-kora-sm-i-e-cycling-i-lulea-och-sok-stod-till-resan\/\"><em><strong>SM-uppl\u00e4gget f\u00f6r E-cycling d\u00e4r andra och tredje omg\u00e5ngen avg\u00f6rs mellan cykeltrialpassen h\u00e4r!<\/strong><\/em><\/a><\/p>\n<\/div>\n<div class=\"single-card__content\">\n<p><em>Text och foto: Tomas Larsson\/SCF<\/em><\/p>\n<hr \/>\n<\/div>\n<p><em><strong>Svenska Cykelf\u00f6rbundet \u00e4r stolta \u00f6ver att presentera v\u00e5ra samarbetspartners. Tack vare dessa fantastiska f\u00f6retag kan v\u00e5ra cyklister oftare ta sig l\u00e4ngre ut i v\u00e4rlden.<\/strong><\/em><\/p>\n<h2><a href=\"https:\/\/scf.se\/forbundet\/sponsorer\/\"><img loading=\"lazy\" decoding=\"async\" class=\"alignnone size-full wp-image-3872\" src=\"https:\/\/scf.se\/landsvag\/wp-content\/uploads\/sites\/5\/2023\/02\/LiggandeBannerNyheterHemsida2023.png\" alt=\"\" width=\"1200\" height=\"200\" \/><\/a><\/h2>\n<p>&nbsp;<\/p>\n<p>&nbsp;<\/p>\n","protected":false},"excerpt":{"rendered":"<p>&#8221;Inomhus-SM \u00e4r en av \u00e5rets absoluta h\u00f6jdpunkter f\u00f6r mig.&#8221; Det s\u00e4ger regerande svenska inomhusm\u00e4stare Alexander Karlsson, Hawkhills TK, som har faktiskt redan b\u00f6rjat tr\u00e4na utomhus. D\u00e5 SM-veckan vinter, d\u00e4r b\u00e4gge cykelgrenarna arrangeras fredag 22 mars, g\u00e5r i Lule\u00e5 kan alla aktiva s\u00f6ka resebidrag p\u00e5 max 3000 kronor, se nedan! F\u00f6r Alexander Karlssons var det<a href=\"https:\/\/scf.se\/trial\/inomhus-sm-ar-en-hojdare-for-alexander-missa-inte-att-soka-resebidrag\/\" class=\"news-card__more\"> &#8230;<\/a><\/p>\n","protected":false},"author":41,"featured_media":1459,"comment_status":"open","ping_status":"open","sticky":false,"template":"","format":"standard","meta":{"_acf_changed":false,"footnotes":""},"categories":[1],"tags":[],"class_list":["post-1700","post","type-post","status-publish","format-standard","hentry","category-trial"],"acf":[],"_links":{"self":[{"href":"https:\/\/scf.se\/trial\/wp-json\/wp\/v2\/posts\/1700","targetHints":{"allow":["GET"]}}],"collection":[{"href":"https:\/\/scf.se\/trial\/wp-json\/wp\/v2\/posts"}],"about":[{"href":"https:\/\/scf.se\/trial\/wp-json\/wp\/v2\/types\/post"}],"author":[{"embeddable":true,"href":"https:\/\/scf.se\/trial\/wp-json\/wp\/v2\/users\/41"}],"replies":[{"embeddable":true,"href":"https:\/\/scf.se\/trial\/wp-json\/wp\/v2\/comments?post=1700"}],"version-history":[{"count":0,"href":"https:\/\/scf.se\/trial\/wp-json\/wp\/v2\/posts\/1700\/revisions"}],"wp:featuredmedia":[{"embeddable":true,"href":"https:\/\/scf.se\/trial\/wp-json\/wp\/v2\/media\/1459"}],"wp:attachment":[{"href":"https:\/\/scf.se\/trial\/wp-json\/wp\/v2\/media?parent=1700"}],"wp:term":[{"taxonomy":"category","embeddable":true,"href":"https:\/\/scf.se\/trial\/wp-json\/wp\/v2\/categories?post=1700"},{"taxonomy":"post_tag","embeddable":true,"href":"https:\/\/scf.se\/trial\/wp-json\/wp\/v2\/tags?post=1700"}],"curies":[{"name":"wp","href":"https:\/\/api.w.org\/{rel}","templated":true}]}}