
{"id":1685,"date":"2024-01-16T09:49:21","date_gmt":"2024-01-16T08:49:21","guid":{"rendered":"http:\/\/scf.se\/trial\/?p=1685"},"modified":"2024-01-16T10:10:58","modified_gmt":"2024-01-16T09:10:58","slug":"hilda-andersson-korsbandsskadad-men-hoppas-anda-pa-vm-i-december","status":"publish","type":"post","link":"https:\/\/scf.se\/trial\/hilda-andersson-korsbandsskadad-men-hoppas-anda-pa-vm-i-december\/","title":{"rendered":"Hilda Andersson korsbandsskadad men hoppas \u00e4nd\u00e5 p\u00e5 VM i december"},"content":{"rendered":"<p><strong>Hilda Andersson tog VM-brons i november 2022 och var i final s\u00e5v\u00e4l p\u00e5 VM som EM under 2023. Men 2024 kommer mestadels best\u00e5 av rehabilitering efter en v\u00e4ldigt jobbig kn\u00e4skada vid en innebandymatch d\u00e4r bland annat korsbandet gick av. Hilda har \u00e4nd\u00e5 ett litet hopp om att kunna starta p\u00e5 VM i december.<\/strong><\/p>\n<p>Hilda Andersson ber\u00e4ttar<a href=\"https:\/\/www.svt.se\/sport\/cykel\/hilda-andersson-om-korsbandsskadan-minns-att-det-blir-svart\"><strong><em> i en SVT-intervju<\/em><\/strong><\/a> om hur hon fastnade med foten och vred till kn\u00e4et. F\u00f6ljden blev en korsbandsskada som kr\u00e4ver operation. Hon upplevde h\u00e4ndelsen som fick s\u00e5 jobbiga f\u00f6ljder s\u00e5 h\u00e4r:<\/p>\n<blockquote><p>&#8221;Jag minns bara att det blev svart och sedan minns jag att sjukv\u00e5rdaren tog i mitt ben, och d\u00e5 vet jag att jag vaknade. Det gjorde s\u00e5 sjukt ont. Helt galet&#8221;, s\u00e4ger hon till SVT Sport.<\/p><\/blockquote>\n<p>F\u00f6rutom att korsbandet gick av skadades dessutom ledband och menisk, uppger SVT. Den 25 januari \u00e4r det operation och sedan en l\u00e5ng rehabilitering.<\/p>\n<p>Men Hilda har faktiskt inte gett upp tanken om att kunna starta VM i december, \u00e4ven om rehabtr\u00e4ningen f\u00e5r ta den tid det tar n\u00e4r den v\u00e4l kan komma ig\u00e5ng p\u00e5 allvar efter operationen.<\/p>\n<blockquote><p>&#8221;Min sjukgymnast har sagt att om allt flyter p\u00e5 som det ska efter operationen s\u00e5 kan jag n\u00e5 dit. S\u00e5 jag hoppas. Jag \u00e4r mest orolig \u00f6ver att det aldrig ska bli helt bra och att jag kommer ha ont eller n\u00e5gon typ av begr\u00e4nsning&#8221;, s\u00e4ger Hilda till SVT.<\/p><\/blockquote>\n<p>Den stora trialtalangen fr\u00e5n Kl\u00e4ssbol utanf\u00f6r Arvika till\u00e4gger:<\/p>\n<blockquote><p>&#8221;Jag hoppas ocks\u00e5 komma ut starkare ur det h\u00e4r och att det ska hj\u00e4lpa mig b\u00e5de fysiskt och mentalt och att jag ska st\u00e4rkas som m\u00e4nniska.&#8221;<\/p><\/blockquote>\n<p><em>Text och foto: SCF<\/em><\/p>\n","protected":false},"excerpt":{"rendered":"<p>Hilda Andersson tog VM-brons i november 2022 och var i final s\u00e5v\u00e4l p\u00e5 VM som EM under 2023. Men 2024 kommer mestadels best\u00e5 av rehabilitering efter en v\u00e4ldigt jobbig kn\u00e4skada vid en innebandymatch d\u00e4r bland annat korsbandet gick av. Hilda har \u00e4nd\u00e5 ett litet hopp om att kunna starta p\u00e5 VM i december. Hilda<a href=\"https:\/\/scf.se\/trial\/hilda-andersson-korsbandsskadad-men-hoppas-anda-pa-vm-i-december\/\" class=\"news-card__more\"> &#8230;<\/a><\/p>\n","protected":false},"author":41,"featured_media":1551,"comment_status":"open","ping_status":"open","sticky":false,"template":"","format":"standard","meta":{"_acf_changed":false,"footnotes":""},"categories":[1],"tags":[],"class_list":["post-1685","post","type-post","status-publish","format-standard","hentry","category-trial"],"acf":[],"_links":{"self":[{"href":"https:\/\/scf.se\/trial\/wp-json\/wp\/v2\/posts\/1685","targetHints":{"allow":["GET"]}}],"collection":[{"href":"https:\/\/scf.se\/trial\/wp-json\/wp\/v2\/posts"}],"about":[{"href":"https:\/\/scf.se\/trial\/wp-json\/wp\/v2\/types\/post"}],"author":[{"embeddable":true,"href":"https:\/\/scf.se\/trial\/wp-json\/wp\/v2\/users\/41"}],"replies":[{"embeddable":true,"href":"https:\/\/scf.se\/trial\/wp-json\/wp\/v2\/comments?post=1685"}],"version-history":[{"count":0,"href":"https:\/\/scf.se\/trial\/wp-json\/wp\/v2\/posts\/1685\/revisions"}],"wp:featuredmedia":[{"embeddable":true,"href":"https:\/\/scf.se\/trial\/wp-json\/wp\/v2\/media\/1551"}],"wp:attachment":[{"href":"https:\/\/scf.se\/trial\/wp-json\/wp\/v2\/media?parent=1685"}],"wp:term":[{"taxonomy":"category","embeddable":true,"href":"https:\/\/scf.se\/trial\/wp-json\/wp\/v2\/categories?post=1685"},{"taxonomy":"post_tag","embeddable":true,"href":"https:\/\/scf.se\/trial\/wp-json\/wp\/v2\/tags?post=1685"}],"curies":[{"name":"wp","href":"https:\/\/api.w.org\/{rel}","templated":true}]}}