
{"id":1656,"date":"2023-11-22T16:25:42","date_gmt":"2023-11-22T15:25:42","guid":{"rendered":"http:\/\/scf.se\/trial\/?p=1656"},"modified":"2023-11-22T16:27:35","modified_gmt":"2023-11-22T15:27:35","slug":"glad-over-ar-som-forbundskapten-men-lamnar-stafettpinnen-vidare","status":"publish","type":"post","link":"https:\/\/scf.se\/trial\/glad-over-ar-som-forbundskapten-men-lamnar-stafettpinnen-vidare\/","title":{"rendered":"Glad \u00f6ver \u00e5r som f\u00f6rbundskapten men l\u00e4mnar stafettpinnen vidare"},"content":{"rendered":"<p><strong>Lena Alfv\u00e9n \u00e4r glad \u00f6ver att ha hoppat in ett \u00e5r som f\u00f6rbundskapten f\u00f6r landslaget i trial. Hon har imponerats \u00f6ver b\u00e5de den h\u00f6ga niv\u00e5n n\u00e4r det g\u00e4ller landslagets prestationer och den fina gruppdynamiken. Alfv\u00e9n kommer \u00e4nd\u00e5 avs\u00e4ga sig en forts\u00e4ttning.<\/strong><\/p>\n<blockquote><p>&#8221;Tanken n\u00e4r jag hoppade in var att fylla luckan efter Mats Hult. Det har varit en fantastisk grupp att jobba med, men mitt civila arbete har kraftigt \u00e4ndrats det senaste \u00e5ret och det \u00e4r sv\u00e5rt att f\u00e5 ihop med all den tid som kr\u00e4vs f\u00f6r att g\u00f6ra ett bra jobb som f\u00f6rbundskapten&#8221;, s\u00e4ger Lena Alfv\u00e9n.<\/p><\/blockquote>\n<p>Alfv\u00e9n var som generalsekreterare i Svenska Cykelf\u00f6rbundet med och introducerade trial som en egen gren inom SCF. Nu har hon gjort en s\u00e4song p\u00e5 f\u00e4ltet med bland annat v\u00e4rldscupen plus tv\u00e5 stora m\u00e4sterskap; dels den integrerade VM-t\u00e4vlingen i Glasgow och dels EM i slovakiska Poprad.<\/p>\n<p>Unga Hilda Andersson har gl\u00e4nst allra mest genom att n\u00e5 finalen i VM och visat upp sporten f\u00f6r en bred tv-publik i SVT med Nadine K\u00e5mark som expertkommentator och det var n\u00e4ra ett brons i EM. D\u00e5 pressade Hilda den tyska v\u00e4rldsm\u00e4staren Nina Reichenbach in i det sista.<\/p>\n<a href=\"https:\/\/scf.se\/trial\/wp-content\/uploads\/sites\/8\/2017\/03\/IMG_6919-5.jpg\"><img loading=\"lazy\" decoding=\"async\" class=\"alignnone size-full wp-image-1503\" src=\"https:\/\/scf.se\/trial\/wp-content\/uploads\/sites\/8\/2017\/03\/IMG_6919-5.jpg\" alt=\"\" width=\"1650\" height=\"2200\" srcset=\"https:\/\/scf.se\/trial\/wp-content\/uploads\/sites\/8\/2017\/03\/IMG_6919-5.jpg 1650w, https:\/\/scf.se\/trial\/wp-content\/uploads\/sites\/8\/2017\/03\/IMG_6919-5-225x300.jpg 225w, https:\/\/scf.se\/trial\/wp-content\/uploads\/sites\/8\/2017\/03\/IMG_6919-5-768x1024.jpg 768w, https:\/\/scf.se\/trial\/wp-content\/uploads\/sites\/8\/2017\/03\/IMG_6919-5-1152x1536.jpg 1152w, https:\/\/scf.se\/trial\/wp-content\/uploads\/sites\/8\/2017\/03\/IMG_6919-5-1536x2048.jpg 1536w\" sizes=\"auto, (max-width: 1650px) 100vw, 1650px\" \/><\/a>\n<blockquote><p>&#8221;Det jag framf\u00f6r allt har slagits av efter att ha varit p\u00e5 plats i de h\u00e4r internationella t\u00e4vlingarna \u00e4r vilken oerh\u00f6rt h\u00f6g klass det \u00e4r p\u00e5 de idrottsliga prestationerna. Flera andra cykelsporter \u00e4r betydligt st\u00f6rre deltagarm\u00e4ssigt men niv\u00e5n p\u00e5 prestationerna hos trialcyklisterna \u00e4r s\u00e5 h\u00f6ga. Hilda \u00e4r ju helt enkelt redan en v\u00e4rldsstj\u00e4rna vilket inte alltid kommer fram och det finns fler i laget med potential&#8221;, s\u00e4ger Lena Alfv\u00e9n.<\/p><\/blockquote>\n<p>Det har varit en del strapatser, som n\u00e4r det blev en st\u00f6rre vattenl\u00e4cka och de fick l\u00e4mna boendet kv\u00e4llen innan just Hilda skulle t\u00e4vla p\u00e5 VM.<\/p>\n<blockquote><p>&#8221;Den h\u00e4r gruppen klarar s\u00e5dant. Alla st\u00f6ttar varandra och det \u00e4r aldrig n\u00e5got gn\u00e4ll ens n\u00e4r n\u00e5got s\u00e5dant h\u00e4nder. \u00d6verhuvudtaget \u00e4r trial en fin sport d\u00e5 alla k\u00e4nner alla i v\u00e4rldstoppen och det \u00e4r en riktigt trevlig st\u00e4mning \u00e4ven ute p\u00e5 de internationella t\u00e4vlingarna. Det \u00e4r kul att se&#8221;, s\u00e4ger Lena Alfv\u00e9n.<\/p><\/blockquote>\n<p>Alfv\u00e9n var ett nyt\u00e4nk som f\u00f6rbundskapten d\u00e5 hon inte kom fr\u00e5n trialsporten utan \u00e4r utbildad idrottspsykologisk r\u00e5dgivare, vilket kom v\u00e4l till pass i triallandslaget d\u00e4r denna bit ofta \u00e4r avg\u00f6rande.<\/p>\n<blockquote><p>&#8221;Nu hoppas jag att Cykelf\u00f6rbundet hittar en bra f\u00f6rbundskapten som kan ta denna fina grupp vidare. Jag kommer inte att sluta tv\u00e4rt utan vill verkligen se till att min eftertr\u00e4dare f\u00e5r en gedigen \u00f6verl\u00e4mning&#8221;, s\u00e4ger Lena Alfv\u00e9n.<\/p><\/blockquote>\n<p>Text: <em>Tomas Larsson\/SCF<\/em><br \/>\n<em>Foto: Privat<\/em><\/p>\n<hr \/>\n<p><em><strong>Svenska Cykelf\u00f6rbundet \u00e4r stolta \u00f6ver att presentera v\u00e5ra samarbetspartners. Tack vare dessa fantastiska f\u00f6retag kan v\u00e5ra cyklister oftare ta sig l\u00e4ngre ut i v\u00e4rlden.<\/strong><\/em><\/p>\n<a href=\"https:\/\/scf.se\/forbundet\/sponsorer\/\"><img loading=\"lazy\" decoding=\"async\" class=\"alignnone size-full wp-image-3872\" src=\"https:\/\/scf.se\/landsvag\/wp-content\/uploads\/sites\/5\/2023\/02\/LiggandeBannerNyheterHemsida2023.png\" alt=\"\" width=\"1200\" height=\"200\" \/><\/a>\n","protected":false},"excerpt":{"rendered":"<p>Lena Alfv\u00e9n \u00e4r glad \u00f6ver att ha hoppat in ett \u00e5r som f\u00f6rbundskapten f\u00f6r landslaget i trial. Hon har imponerats \u00f6ver b\u00e5de den h\u00f6ga niv\u00e5n n\u00e4r det g\u00e4ller landslagets prestationer och den fina gruppdynamiken. Alfv\u00e9n kommer \u00e4nd\u00e5 avs\u00e4ga sig en forts\u00e4ttning. &#8221;Tanken n\u00e4r jag hoppade in var att fylla luckan efter Mats Hult. Det<a href=\"https:\/\/scf.se\/trial\/glad-over-ar-som-forbundskapten-men-lamnar-stafettpinnen-vidare\/\" class=\"news-card__more\"> &#8230;<\/a><\/p>\n","protected":false},"author":41,"featured_media":1660,"comment_status":"open","ping_status":"open","sticky":false,"template":"","format":"standard","meta":{"_acf_changed":false,"footnotes":""},"categories":[1],"tags":[],"class_list":["post-1656","post","type-post","status-publish","format-standard","hentry","category-trial"],"acf":[],"_links":{"self":[{"href":"https:\/\/scf.se\/trial\/wp-json\/wp\/v2\/posts\/1656","targetHints":{"allow":["GET"]}}],"collection":[{"href":"https:\/\/scf.se\/trial\/wp-json\/wp\/v2\/posts"}],"about":[{"href":"https:\/\/scf.se\/trial\/wp-json\/wp\/v2\/types\/post"}],"author":[{"embeddable":true,"href":"https:\/\/scf.se\/trial\/wp-json\/wp\/v2\/users\/41"}],"replies":[{"embeddable":true,"href":"https:\/\/scf.se\/trial\/wp-json\/wp\/v2\/comments?post=1656"}],"version-history":[{"count":0,"href":"https:\/\/scf.se\/trial\/wp-json\/wp\/v2\/posts\/1656\/revisions"}],"wp:featuredmedia":[{"embeddable":true,"href":"https:\/\/scf.se\/trial\/wp-json\/wp\/v2\/media\/1660"}],"wp:attachment":[{"href":"https:\/\/scf.se\/trial\/wp-json\/wp\/v2\/media?parent=1656"}],"wp:term":[{"taxonomy":"category","embeddable":true,"href":"https:\/\/scf.se\/trial\/wp-json\/wp\/v2\/categories?post=1656"},{"taxonomy":"post_tag","embeddable":true,"href":"https:\/\/scf.se\/trial\/wp-json\/wp\/v2\/tags?post=1656"}],"curies":[{"name":"wp","href":"https:\/\/api.w.org\/{rel}","templated":true}]}}