
{"id":1632,"date":"2023-10-11T08:54:04","date_gmt":"2023-10-11T06:54:04","guid":{"rendered":"http:\/\/scf.se\/trial\/?p=1632"},"modified":"2023-10-11T18:54:33","modified_gmt":"2023-10-11T16:54:33","slug":"tysk-elitcyklist-leder-traningslager-for-trial-i-tranemo-och-goteborg","status":"publish","type":"post","link":"https:\/\/scf.se\/trial\/tysk-elitcyklist-leder-traningslager-for-trial-i-tranemo-och-goteborg\/","title":{"rendered":"Tysk elitcyklist leder tr\u00e4ningsl\u00e4ger f\u00f6r trial i Tranemo och G\u00f6teborg"},"content":{"rendered":"<p><strong>Grengrupp Trial bjuder in till tr\u00e4ningsl\u00e4ger 8\u201310 december. <\/strong><strong>Detta \u00e5r blir det med en inhyrd professionell tr\u00e4nare i form av elitcyklisten Jonas Friedrich fr\u00e5n Tyskland.<\/strong><\/p>\n<ul>\n<li><strong>Plats<\/strong>: Tranemo och G\u00f6teborg.<\/li>\n<li><strong>M\u00e5lgrupp<\/strong>: Trialcyklister i alla \u00e5ldrar, alla niv\u00e5er, alla klubbar.<\/li>\n<li><strong>Kostnad<\/strong>: Anm\u00e4lningsavgiften \u00e4r bara 150 kronor per cyklist, som sj\u00e4lva st\u00e5r f\u00f6r transport och boende.<\/li>\n<li><strong>Ing\u00e5r i l\u00e4gret<\/strong>: Trialtr\u00e4ning med professionell tr\u00e4nare, mat b\u00e5de l\u00f6rdag och s\u00f6ndag, intr\u00e4de\/lokalhyra.<\/li>\n<\/ul>\n<p>Syftet med detta tr\u00e4ningsl\u00e4ger \u00e4r att ge alla Sveriges trial cyklister en m\u00f6jlighet att tr\u00e4ffas, tr\u00e4na tillsammans, utvecklas och ha kul!<\/p>\n<ul>\n<li>Det finns m\u00f6jlighet att delta enbart en utav dagarna om s\u00e5 \u00f6nskas.<\/li>\n<li><a href=\"https:\/\/forms.office.com\/e\/pW7EHjwkf1\"><em><strong>Anm\u00e4lan sker p\u00e5 denna l\u00e4nk! \u00a0<\/strong><\/em><\/a><\/li>\n<li>Sista anm\u00e4lningsdag 24 november. Begr\u00e4nsat antal platser! Anm\u00e4lan kan redigeras fram till och med 24\/11.<\/li>\n<li>Eventuella \u00e5terbud g\u00f6rs genom att mejla: <em><strong><a href=\"mailto:trial@scf.se\">trial@scf.se<\/a><\/strong>\u00a0<\/em><\/li>\n<li>Senast 26 november kommer vi \u00e5terkomma med mer detaljer, beroende p\u00e5 hur m\u00e5nga som anm\u00e4lt sig etc.<\/li>\n<\/ul>\n<p><span style=\"color: #ff0000\"><em><strong><a style=\"color: #ff0000\" href=\"https:\/\/scf.se\/trial\/wp-content\/uploads\/sites\/8\/2023\/10\/Traningslager2023.pdf\">L\u00e4s allt om programmet, instrukt\u00f6ren <\/a><a style=\"color: #ff0000\" href=\"https:\/\/scf.se\/trial\/wp-content\/uploads\/sites\/8\/2023\/10\/Traningslager2023.pdf\">Jonas Friedrich<\/a><a style=\"font-size: 16px;color: #ff0000\" href=\"https:\/\/scf.se\/trial\/wp-content\/uploads\/sites\/8\/2023\/10\/Traningslager2023.pdf\"> och allt annat f\u00f6r triall\u00e4gret h\u00e4r!<\/a><span style=\"font-size: 16px\">\u00a0<\/span><\/strong><\/em><\/span><\/p>\n<p><em>Text: SCF<br \/>\nFoto: Privat<\/em><\/p>\n","protected":false},"excerpt":{"rendered":"<p>Grengrupp Trial bjuder in till tr\u00e4ningsl\u00e4ger 8\u201310 december. Detta \u00e5r blir det med en inhyrd professionell tr\u00e4nare i form av elitcyklisten Jonas Friedrich fr\u00e5n Tyskland. Plats: Tranemo och G\u00f6teborg. M\u00e5lgrupp: Trialcyklister i alla \u00e5ldrar, alla niv\u00e5er, alla klubbar. Kostnad: Anm\u00e4lningsavgiften \u00e4r bara 150 kronor per cyklist, som sj\u00e4lva st\u00e5r f\u00f6r transport och boende. Ing\u00e5r<a href=\"https:\/\/scf.se\/trial\/tysk-elitcyklist-leder-traningslager-for-trial-i-tranemo-och-goteborg\/\" class=\"news-card__more\"> &#8230;<\/a><\/p>\n","protected":false},"author":41,"featured_media":1634,"comment_status":"open","ping_status":"open","sticky":false,"template":"","format":"standard","meta":{"_acf_changed":false,"footnotes":""},"categories":[1],"tags":[],"class_list":["post-1632","post","type-post","status-publish","format-standard","hentry","category-trial"],"acf":[],"_links":{"self":[{"href":"https:\/\/scf.se\/trial\/wp-json\/wp\/v2\/posts\/1632","targetHints":{"allow":["GET"]}}],"collection":[{"href":"https:\/\/scf.se\/trial\/wp-json\/wp\/v2\/posts"}],"about":[{"href":"https:\/\/scf.se\/trial\/wp-json\/wp\/v2\/types\/post"}],"author":[{"embeddable":true,"href":"https:\/\/scf.se\/trial\/wp-json\/wp\/v2\/users\/41"}],"replies":[{"embeddable":true,"href":"https:\/\/scf.se\/trial\/wp-json\/wp\/v2\/comments?post=1632"}],"version-history":[{"count":0,"href":"https:\/\/scf.se\/trial\/wp-json\/wp\/v2\/posts\/1632\/revisions"}],"wp:featuredmedia":[{"embeddable":true,"href":"https:\/\/scf.se\/trial\/wp-json\/wp\/v2\/media\/1634"}],"wp:attachment":[{"href":"https:\/\/scf.se\/trial\/wp-json\/wp\/v2\/media?parent=1632"}],"wp:term":[{"taxonomy":"category","embeddable":true,"href":"https:\/\/scf.se\/trial\/wp-json\/wp\/v2\/categories?post=1632"},{"taxonomy":"post_tag","embeddable":true,"href":"https:\/\/scf.se\/trial\/wp-json\/wp\/v2\/tags?post=1632"}],"curies":[{"name":"wp","href":"https:\/\/api.w.org\/{rel}","templated":true}]}}