
{"id":163,"date":"2016-01-19T13:53:42","date_gmt":"2016-01-19T12:53:42","guid":{"rendered":"http:\/\/svenskcykel.grandpublic.se\/trial\/?p=163"},"modified":"2016-04-29T13:14:40","modified_gmt":"2016-04-29T11:14:40","slug":"trialtavlingar-vid-em-i-mtb-7-8-maj-2","status":"publish","type":"post","link":"https:\/\/scf.se\/trial\/trialtavlingar-vid-em-i-mtb-7-8-maj-2\/","title":{"rendered":"Trialt\u00e4vlingar vid EM i MTB 7-8 maj"},"content":{"rendered":"<p>Den 7 maj kommer en delt\u00e4vling i SWE Cup Trial att genomf\u00f6ras, \u00f6ppen f\u00f6r alla, stora som sm\u00e5, och klassindelning \u00e4r baserad p\u00e5 kunskapsniv\u00e5.\u00a0Den 8 maj arrangeras utomhus-SM f\u00f6r elit och junior.<\/p>\n<p>Evenemanget \u00e4r godk\u00e4nt av styrelsen och vi har f\u00e5tt\u00a0dispens att fr\u00e5ng\u00e5 UCI:s ordinarie t\u00e4vlingsdatum.<\/p>\n<p><a href=\"http:\/\/euromtb.com\/\" target=\"_blank\">Mer information om Mountainbike-EM<\/a><\/p>\n<p>&nbsp;<\/p>\n","protected":false},"excerpt":{"rendered":"<p>Den 7 maj kommer en delt\u00e4vling i SWE Cup Trial att genomf\u00f6ras, \u00f6ppen f\u00f6r alla, stora som sm\u00e5, och klassindelning \u00e4r baserad p\u00e5 kunskapsniv\u00e5.\u00a0Den 8 maj arrangeras utomhus-SM f\u00f6r elit och junior. Evenemanget \u00e4r godk\u00e4nt av styrelsen och vi har f\u00e5tt\u00a0dispens att fr\u00e5ng\u00e5 UCI:s ordinarie t\u00e4vlingsdatum. Mer information om Mountainbike-EM &nbsp;<\/p>\n","protected":false},"author":2,"featured_media":0,"comment_status":"open","ping_status":"open","sticky":false,"template":"","format":"standard","meta":{"_acf_changed":false,"footnotes":""},"categories":[1],"tags":[],"class_list":["post-163","post","type-post","status-publish","format-standard","hentry","category-trial"],"acf":[],"_links":{"self":[{"href":"https:\/\/scf.se\/trial\/wp-json\/wp\/v2\/posts\/163","targetHints":{"allow":["GET"]}}],"collection":[{"href":"https:\/\/scf.se\/trial\/wp-json\/wp\/v2\/posts"}],"about":[{"href":"https:\/\/scf.se\/trial\/wp-json\/wp\/v2\/types\/post"}],"author":[{"embeddable":true,"href":"https:\/\/scf.se\/trial\/wp-json\/wp\/v2\/users\/2"}],"replies":[{"embeddable":true,"href":"https:\/\/scf.se\/trial\/wp-json\/wp\/v2\/comments?post=163"}],"version-history":[{"count":0,"href":"https:\/\/scf.se\/trial\/wp-json\/wp\/v2\/posts\/163\/revisions"}],"wp:attachment":[{"href":"https:\/\/scf.se\/trial\/wp-json\/wp\/v2\/media?parent=163"}],"wp:term":[{"taxonomy":"category","embeddable":true,"href":"https:\/\/scf.se\/trial\/wp-json\/wp\/v2\/categories?post=163"},{"taxonomy":"post_tag","embeddable":true,"href":"https:\/\/scf.se\/trial\/wp-json\/wp\/v2\/tags?post=163"}],"curies":[{"name":"wp","href":"https:\/\/api.w.org\/{rel}","templated":true}]}}