
{"id":1614,"date":"2023-09-11T14:19:19","date_gmt":"2023-09-11T12:19:19","guid":{"rendered":"http:\/\/scf.se\/trial\/?p=1614"},"modified":"2023-11-22T09:45:49","modified_gmt":"2023-11-22T08:45:49","slug":"hilda-gav-tyska-varldsmastaren-en-tuff-match-i-kamp-om-em-bronset","status":"publish","type":"post","link":"https:\/\/scf.se\/trial\/hilda-gav-tyska-varldsmastaren-en-tuff-match-i-kamp-om-em-bronset\/","title":{"rendered":"Hilda gav tyska v\u00e4rldsm\u00e4staren en tuff match i kamp om EM-bronset"},"content":{"rendered":"<p><strong>Hilda Andersson avslutade \u00e5rets internationella t\u00e4vlande med dels en ny finalplats och dels att vara n\u00e4rmare medaljerna och \u00e5rets tre dominanter \u00e4n tidigare. Det blev en fin fj\u00e4rdeplats p\u00e5 EM i slovakiska Poprad f\u00f6r Hilda.<\/strong><\/p>\n<p>Hon gjorde en stabil semifinal och var femma d\u00e4r. Sedan sn\u00e4ppade den unga cyklisten fr\u00e5n lilla Kl\u00e4ssbol utanf\u00f6r Arvika upp till finalen.<\/p>\n<p>I finalen p\u00e5 den fina, naturbanebetonade anl\u00e4ggningen i Poprad med m\u00e5nga stora stenblock s\u00e4krade i stort sett Vera Baron Rodrieguez och Alba Riera-Roura en spansk dubbelseger redan efter tre stationer.<\/p>\n<p>Men v\u00e4rldsm\u00e4staren Nina Reichenbach startade inte alls lika bra och Hilda Andersson hade verkligen hugg p\u00e5 ett brons i samma skede. Det skilde bara tio po\u00e4ng, en enda fotneds\u00e4ttning, i det l\u00e4get.<\/p>\n<p>Till slut drygade Reichenbach ut f\u00f6rspr\u00e5nget med ytterligare 20 po\u00e4ng, men n\u00e4ra brons f\u00f6r Hilda. Riktigt bra k\u00f6rt!<\/p>\n<h3>EM-finalen damer<\/h3>\n<ol>\n<li><strong>Vera Baron Rodrieguez,<\/strong> Spanien 270<\/li>\n<li><strong>Alba Riera-Roura<\/strong>, Spanien 250<\/li>\n<li><strong>Nina Reichenbach,<\/strong> Tyskland 180<\/li>\n<li><strong>Hilda Andersson,<\/strong> Sverige 150<\/li>\n<li><strong>Eliska Hribkova<\/strong>, Tjecken 140<\/li>\n<li><strong>Larena Hees,<\/strong> Tyskland 100<\/li>\n<\/ol>\n<p><a href=\"https:\/\/scf.se\/trial\/wp-content\/uploads\/sites\/8\/2023\/09\/Semi-herrar-20.pdf\"><em><strong>Alla resultat fr\u00e5n EM-semifinalerna h\u00e4r!<\/strong><\/em><\/a><\/p>\n<p>P\u00e5 herrsidan gjorde svenska utomhusm\u00e4staren Ludvig Andersson en ny stabil internationell t\u00e4vling som f\u00f6rsta\u00e5rssenior och slutade p\u00e5 plats 17.<\/p>\n<p>Alexander Karlsson var mera n\u00f6jd med k\u00e4nslan i \u00e5kningen och formen \u00e4n p\u00e5 \u00e5rets tre v\u00e4rldscupt\u00e4vlingar och VM. Nu hade svenska inomhusm\u00e4staren hoppats lite h\u00f6gre \u00e4n plats 20 \u2013 i de trakterna som han har funnits p\u00e5 \u00e5rets st\u00f6rsta t\u00e4vlingar.<\/p>\n<h3>EM herrar 20 tum<\/h3>\n<ul>\n<li>1 <strong>Borja Conejos Vazquez<\/strong>, Spanien<\/li>\n<li>2<strong> Alejandro Montalvi Milla<\/strong>, Spanien<\/li>\n<li>3 <strong>Dominik Oswald<\/strong>, Tyskland<\/li>\n<li>17 <strong>Ludvig Andersson,<\/strong> Sverige<\/li>\n<\/ul>\n<h3>EM herrar 26 tum<\/h3>\n<ul>\n<li>1<strong> Jack Carthty<\/strong>, Storbritannien<\/li>\n<li>2 <strong>Daniel Baron<\/strong> Rodriguiez, Spanien<\/li>\n<li>3 <strong>Julen Saenz de Ormijana Llana,<\/strong> Spanien<\/li>\n<li>20 <strong>Alexander Karlsson<\/strong>, Sverige<\/li>\n<\/ul>\n<p><a href=\"https:\/\/scf.se\/trial\/wp-content\/uploads\/sites\/8\/2023\/09\/Semi-herrar-20.pdf\"><em><strong>Alla resultat fr\u00e5n EM i cykeltrial h\u00e4r!<\/strong><\/em><\/a><\/p>\n<p><em>Text: SCF<br \/>\nFoto: Privat<\/em><\/p>\n<hr \/>\n<p><em><strong>Svenska Cykelf\u00f6rbundet \u00e4r stolta \u00f6ver att presentera v\u00e5ra samarbetspartners. Tack vare dessa fantastiska f\u00f6retag kan v\u00e5ra cyklister oftare ta sig l\u00e4ngre ut i v\u00e4rlden.<\/strong><\/em><\/p>\n<h2><a href=\"https:\/\/scf.se\/forbundet\/sponsorer\/\"><img loading=\"lazy\" decoding=\"async\" class=\"alignnone size-full wp-image-3872\" src=\"https:\/\/scf.se\/landsvag\/wp-content\/uploads\/sites\/5\/2023\/02\/LiggandeBannerNyheterHemsida2023.png\" alt=\"\" width=\"1200\" height=\"200\" \/><\/a><\/h2>\n","protected":false},"excerpt":{"rendered":"<p>Hilda Andersson avslutade \u00e5rets internationella t\u00e4vlande med dels en ny finalplats och dels att vara n\u00e4rmare medaljerna och \u00e5rets tre dominanter \u00e4n tidigare. Det blev en fin fj\u00e4rdeplats p\u00e5 EM i slovakiska Poprad f\u00f6r Hilda. Hon gjorde en stabil semifinal och var femma d\u00e4r. Sedan sn\u00e4ppade den unga cyklisten fr\u00e5n lilla Kl\u00e4ssbol utanf\u00f6r Arvika<a href=\"https:\/\/scf.se\/trial\/hilda-gav-tyska-varldsmastaren-en-tuff-match-i-kamp-om-em-bronset\/\" class=\"news-card__more\"> &#8230;<\/a><\/p>\n","protected":false},"author":41,"featured_media":1618,"comment_status":"open","ping_status":"open","sticky":false,"template":"","format":"standard","meta":{"_acf_changed":false,"footnotes":""},"categories":[1],"tags":[],"class_list":["post-1614","post","type-post","status-publish","format-standard","hentry","category-trial"],"acf":[],"_links":{"self":[{"href":"https:\/\/scf.se\/trial\/wp-json\/wp\/v2\/posts\/1614","targetHints":{"allow":["GET"]}}],"collection":[{"href":"https:\/\/scf.se\/trial\/wp-json\/wp\/v2\/posts"}],"about":[{"href":"https:\/\/scf.se\/trial\/wp-json\/wp\/v2\/types\/post"}],"author":[{"embeddable":true,"href":"https:\/\/scf.se\/trial\/wp-json\/wp\/v2\/users\/41"}],"replies":[{"embeddable":true,"href":"https:\/\/scf.se\/trial\/wp-json\/wp\/v2\/comments?post=1614"}],"version-history":[{"count":0,"href":"https:\/\/scf.se\/trial\/wp-json\/wp\/v2\/posts\/1614\/revisions"}],"wp:featuredmedia":[{"embeddable":true,"href":"https:\/\/scf.se\/trial\/wp-json\/wp\/v2\/media\/1618"}],"wp:attachment":[{"href":"https:\/\/scf.se\/trial\/wp-json\/wp\/v2\/media?parent=1614"}],"wp:term":[{"taxonomy":"category","embeddable":true,"href":"https:\/\/scf.se\/trial\/wp-json\/wp\/v2\/categories?post=1614"},{"taxonomy":"post_tag","embeddable":true,"href":"https:\/\/scf.se\/trial\/wp-json\/wp\/v2\/tags?post=1614"}],"curies":[{"name":"wp","href":"https:\/\/api.w.org\/{rel}","templated":true}]}}