
{"id":1601,"date":"2023-09-05T11:44:40","date_gmt":"2023-09-05T09:44:40","guid":{"rendered":"http:\/\/scf.se\/trial\/?p=1601"},"modified":"2023-09-05T16:41:20","modified_gmt":"2023-09-05T14:41:20","slug":"stabil-svensk-varldscupavslutning-i-danmark-hilda-andersson-femma","status":"publish","type":"post","link":"https:\/\/scf.se\/trial\/stabil-svensk-varldscupavslutning-i-danmark-hilda-andersson-femma\/","title":{"rendered":"Stabil svensk v\u00e4rldscupavslutning i Danmark \u2013 Hilda Andersson femma"},"content":{"rendered":"<p><strong>Hilda Andersson fr\u00e5n Kl\u00e4ssbol och Arvika IS k\u00f6rde j\u00e4mnt och fint och slutade femma i v\u00e4rldscupsfinalen i danska \u00c5rhus. Det gav samma slutplacering i v\u00e4rldscupen 2023 f\u00f6r Hilda som egentligen \u00e4r junior men damerna har bara en klass i internationell cykeltrial. D\u00e4r var b\u00e5de Ludvig Andersson och Alexander Karlsson p\u00e5 plats 20. Dessa tre cyklister finns ocks\u00e5 med i EM-truppen som har sitt m\u00e4sterskap i Slovakien i helgen.\u00a0<\/strong><\/p>\n<p>Med dubbla po\u00e4ng i den sista delt\u00e4vlingen fanns det fortfarande medaljchans f\u00f6r Hilda Andersson och hon k\u00f6rde fantastiskt j\u00e4mnt och fint i semifinalen. Inf\u00f6r de avslutande sektionerna p\u00e5 andra varvet var det snarare s\u00e5 att Hilda nosade p\u00e5 topp tre \u00e4n att det k\u00e4ndes som att finalplatsen var os\u00e4ker. Hilda hade lite h\u00e4ng p\u00e5 regerande v\u00e4rldsm\u00e4staren Nina Reichenbach, som hade en b\u00e4tytre avslutning och n\u00e5gra fler 60 n\u00e4r Hilda noterade 50.<\/p>\n<p>Men fyra i kvalet var \u00e5rsb\u00e4sta f\u00f6r Hilda Andersson, som f\u00f6r tio m\u00e5nader sedan tog VM-brons i Abu Dhabi och var i final \u00e4ven senast p\u00e5 VM i Glasgow. Hon var sedan femma i finalen och slutade p\u00e5 samma plats i VC-totalen 2023.<\/p>\n<a href=\"https:\/\/scf.se\/trial\/wp-content\/uploads\/sites\/8\/2023\/09\/hILDAdANMARK2.jpg\"><img loading=\"lazy\" decoding=\"async\" class=\"alignnone size-full wp-image-1610\" src=\"https:\/\/scf.se\/trial\/wp-content\/uploads\/sites\/8\/2023\/09\/hILDAdANMARK2.jpg\" alt=\"\" width=\"1156\" height=\"903\" srcset=\"https:\/\/scf.se\/trial\/wp-content\/uploads\/sites\/8\/2023\/09\/hILDAdANMARK2.jpg 1156w, https:\/\/scf.se\/trial\/wp-content\/uploads\/sites\/8\/2023\/09\/hILDAdANMARK2-300x234.jpg 300w, https:\/\/scf.se\/trial\/wp-content\/uploads\/sites\/8\/2023\/09\/hILDAdANMARK2-1024x800.jpg 1024w, https:\/\/scf.se\/trial\/wp-content\/uploads\/sites\/8\/2023\/09\/hILDAdANMARK2-768x600.jpg 768w\" sizes=\"auto, (max-width: 1156px) 100vw, 1156px\" \/><\/a>\n<h3>V\u00e4rldscup #3 i \u00c5rhus, final damelit<\/h3>\n<ol>\n<li><strong>Vera Baron Rodrieguez,<\/strong> Spanien 210<strong>\u00a0<\/strong><\/li>\n<li><strong>Alba Riera-Roura<\/strong>, Spanien 140<\/li>\n<li><strong>Nina Reichenbach,<\/strong> Tyskland 140<\/li>\n<li><strong>Nina Vabre,<\/strong> Frankrike 120<\/li>\n<li><strong>Hilda Andersson,<\/strong> Sverige 90<\/li>\n<li><strong>Perrine Devahive<\/strong>, Frankrike 90<\/li>\n<\/ol>\n<h3>Damelit, slutst\u00e4llning v\u00e4rldscupen 2023<\/h3>\n<ol>\n<li><strong>Vera Baron Rodrieguez,<\/strong> Spanien 760<strong>\u00a0<\/strong><\/li>\n<li><strong>Alba Riera-Roura<\/strong>, Spanien 680<\/li>\n<li><strong>Nina Reichenbach,<\/strong> Tyskland 560<\/li>\n<li><strong>Nina Vabre,<\/strong> Frankrike 485<\/li>\n<li><strong>Hilda Andersson,<\/strong> Sverige 400<\/li>\n<li><strong>Perrine Devahive<\/strong>, Frankrike 380<\/li>\n<\/ol>\n<p>Hildas \u00e4ldre bror, f\u00f6rsta\u00e5rssenioren Ludvig Andersson, som forts\u00e4tter att marknadsf\u00f6ra cykeltrial p\u00e5 svensk n\u00f6jes-tv och nyligen skr\u00e4mde upp Anis Don Demina i ett uppm\u00e4rksammat klipp, var p\u00e5 plats 18 i \u00c5rshus och d\u00e4rmed 20:e i totalen. Alexander Karlsson fr\u00e5n Hawkhills TK var p\u00e5 plats 21 i Danmark och \u00e4ven han 20:e i totalen.<\/p>\n<p>Sverige hade ocks\u00e5 en juniorcyklist p\u00e5 plats i \u00c5rhus i form av Kasper Waldest\u00e5l, som k\u00f6rde bra n\u00e4r han vann sin klass i SWE Cup i Laholm i augusti.<\/p>\n<ul>\n<li><a href=\"https:\/\/scf.se\/resultat\/#Trial\"><strong><em>Alla resultat fr\u00e5n v\u00e4rldscupen i Danmark samt tidigare SWE Cup i Laholm hittar ni h\u00e4r i resultatb\u00f6rsen p\u00e5 SCF.se!<\/em><\/strong><\/a><\/li>\n<li><em><strong>R\u00f6rliga klipp fr\u00e5n danska \u00c5rhus, kolla in SWE Cycling Trials Instagramkonto!<\/strong><\/em><\/li>\n<\/ul>\n<p>&nbsp;<\/p>\n<a href=\"https:\/\/scf.se\/trial\/wp-content\/uploads\/sites\/8\/2023\/07\/VCtrial4.jpg\"><img loading=\"lazy\" decoding=\"async\" class=\"alignnone size-full wp-image-1563\" src=\"https:\/\/scf.se\/trial\/wp-content\/uploads\/sites\/8\/2023\/07\/VCtrial4.jpg\" alt=\"\" width=\"1512\" height=\"1420\" srcset=\"https:\/\/scf.se\/trial\/wp-content\/uploads\/sites\/8\/2023\/07\/VCtrial4.jpg 1512w, https:\/\/scf.se\/trial\/wp-content\/uploads\/sites\/8\/2023\/07\/VCtrial4-300x282.jpg 300w, https:\/\/scf.se\/trial\/wp-content\/uploads\/sites\/8\/2023\/07\/VCtrial4-1024x962.jpg 1024w, https:\/\/scf.se\/trial\/wp-content\/uploads\/sites\/8\/2023\/07\/VCtrial4-768x721.jpg 768w\" sizes=\"auto, (max-width: 1512px) 100vw, 1512px\" \/><\/a> <a href=\"https:\/\/scf.se\/trial\/wp-content\/uploads\/sites\/8\/2023\/07\/VCtrial7.jpg\"><img loading=\"lazy\" decoding=\"async\" class=\"alignnone size-full wp-image-1560\" src=\"https:\/\/scf.se\/trial\/wp-content\/uploads\/sites\/8\/2023\/07\/VCtrial7.jpg\" alt=\"\" width=\"1511\" height=\"1889\" srcset=\"https:\/\/scf.se\/trial\/wp-content\/uploads\/sites\/8\/2023\/07\/VCtrial7.jpg 1511w, https:\/\/scf.se\/trial\/wp-content\/uploads\/sites\/8\/2023\/07\/VCtrial7-240x300.jpg 240w, https:\/\/scf.se\/trial\/wp-content\/uploads\/sites\/8\/2023\/07\/VCtrial7-819x1024.jpg 819w, https:\/\/scf.se\/trial\/wp-content\/uploads\/sites\/8\/2023\/07\/VCtrial7-768x960.jpg 768w, https:\/\/scf.se\/trial\/wp-content\/uploads\/sites\/8\/2023\/07\/VCtrial7-1229x1536.jpg 1229w\" sizes=\"auto, (max-width: 1511px) 100vw, 1511px\" \/><\/a>\n<a href=\"https:\/\/scf.se\/trial\/wp-content\/uploads\/sites\/8\/2023\/07\/VCtrial1.jpg\"><img loading=\"lazy\" decoding=\"async\" class=\"alignnone size-full wp-image-1566\" src=\"https:\/\/scf.se\/trial\/wp-content\/uploads\/sites\/8\/2023\/07\/VCtrial1.jpg\" alt=\"\" width=\"1024\" height=\"1280\" srcset=\"https:\/\/scf.se\/trial\/wp-content\/uploads\/sites\/8\/2023\/07\/VCtrial1.jpg 1024w, https:\/\/scf.se\/trial\/wp-content\/uploads\/sites\/8\/2023\/07\/VCtrial1-240x300.jpg 240w, https:\/\/scf.se\/trial\/wp-content\/uploads\/sites\/8\/2023\/07\/VCtrial1-819x1024.jpg 819w, https:\/\/scf.se\/trial\/wp-content\/uploads\/sites\/8\/2023\/07\/VCtrial1-768x960.jpg 768w\" sizes=\"auto, (max-width: 1024px) 100vw, 1024px\" \/><\/a>\n<p>Den internationella s\u00e4songen kommer nu att avslutas med EM i slovakiska Poprad. Laget best\u00e5r av Hilda Andersson i damelit givetvis samt p\u00e5 herrsidan Ludvig Andersson (20\u2019\u2019) och Alexander Karlsson (26\u2019\u2019).<\/p>\n<p>Ledare \u00e4r f\u00f6rbundskaptenen Lena Alfv\u00e9n och coach Christian Andersson.<\/p>\n<p><strong>Vad \u00e4r rimliga m\u00e5l f\u00f6r EM-trion<\/strong><strong>?<\/strong><\/p>\n<blockquote><p>&#8221;Hilda i final. M\u00e5let \u00e4r en medalj. Men motst\u00e5ndet \u00e4r h\u00e5rt. Ludde i en framst\u00e5ende placering och minst semifinal. Alexander ska prestera enligt sina m\u00e5l om att n\u00e5 semifinal&#8221;, s\u00e4ger Lena Alfv\u00e9n.<\/p><\/blockquote>\n<ul>\n<li><a href=\"https:\/\/www.uec.ch\/en\/event\/214\/2023-uec-trials-european-championships\"><em><strong>Startlistor, tider och senare resultat fr\u00e5n EM hittar ni h\u00e4r!<\/strong><\/em><\/a><\/li>\n<\/ul>\n<p><em>Text och foto: SCF<\/em><\/p>\n<hr \/>\n<p><em><strong>Svenska Cykelf\u00f6rbundet \u00e4r stolta \u00f6ver att presentera v\u00e5ra samarbetspartners. Tack vare dessa fantastiska f\u00f6retag kan v\u00e5ra cyklister oftare ta sig l\u00e4ngre ut i v\u00e4rlden.<\/strong><\/em><\/p>\n<h2><a href=\"https:\/\/scf.se\/forbundet\/sponsorer\/\"><img loading=\"lazy\" decoding=\"async\" class=\"alignnone size-full wp-image-3872\" src=\"https:\/\/scf.se\/landsvag\/wp-content\/uploads\/sites\/5\/2023\/02\/LiggandeBannerNyheterHemsida2023.png\" alt=\"\" width=\"1200\" height=\"200\" \/><\/a><\/h2>\n","protected":false},"excerpt":{"rendered":"<p>Hilda Andersson fr\u00e5n Kl\u00e4ssbol och Arvika IS k\u00f6rde j\u00e4mnt och fint och slutade femma i v\u00e4rldscupsfinalen i danska \u00c5rhus. Det gav samma slutplacering i v\u00e4rldscupen 2023 f\u00f6r Hilda som egentligen \u00e4r junior men damerna har bara en klass i internationell cykeltrial. D\u00e4r var b\u00e5de Ludvig Andersson och Alexander Karlsson p\u00e5 plats 20. Dessa tre<a href=\"https:\/\/scf.se\/trial\/stabil-svensk-varldscupavslutning-i-danmark-hilda-andersson-femma\/\" class=\"news-card__more\"> &#8230;<\/a><\/p>\n","protected":false},"author":41,"featured_media":1606,"comment_status":"open","ping_status":"open","sticky":false,"template":"","format":"standard","meta":{"_acf_changed":false,"footnotes":""},"categories":[1],"tags":[],"class_list":["post-1601","post","type-post","status-publish","format-standard","hentry","category-trial"],"acf":[],"_links":{"self":[{"href":"https:\/\/scf.se\/trial\/wp-json\/wp\/v2\/posts\/1601","targetHints":{"allow":["GET"]}}],"collection":[{"href":"https:\/\/scf.se\/trial\/wp-json\/wp\/v2\/posts"}],"about":[{"href":"https:\/\/scf.se\/trial\/wp-json\/wp\/v2\/types\/post"}],"author":[{"embeddable":true,"href":"https:\/\/scf.se\/trial\/wp-json\/wp\/v2\/users\/41"}],"replies":[{"embeddable":true,"href":"https:\/\/scf.se\/trial\/wp-json\/wp\/v2\/comments?post=1601"}],"version-history":[{"count":0,"href":"https:\/\/scf.se\/trial\/wp-json\/wp\/v2\/posts\/1601\/revisions"}],"wp:featuredmedia":[{"embeddable":true,"href":"https:\/\/scf.se\/trial\/wp-json\/wp\/v2\/media\/1606"}],"wp:attachment":[{"href":"https:\/\/scf.se\/trial\/wp-json\/wp\/v2\/media?parent=1601"}],"wp:term":[{"taxonomy":"category","embeddable":true,"href":"https:\/\/scf.se\/trial\/wp-json\/wp\/v2\/categories?post=1601"},{"taxonomy":"post_tag","embeddable":true,"href":"https:\/\/scf.se\/trial\/wp-json\/wp\/v2\/tags?post=1601"}],"curies":[{"name":"wp","href":"https:\/\/api.w.org\/{rel}","templated":true}]}}