
{"id":1593,"date":"2023-08-12T17:47:33","date_gmt":"2023-08-12T15:47:33","guid":{"rendered":"http:\/\/scf.se\/trial\/?p=1593"},"modified":"2023-08-13T10:25:45","modified_gmt":"2023-08-13T08:25:45","slug":"riktigt-bra-genomford-vm-final-av-hilda-andersson-men-lite-stolpe-ut","status":"publish","type":"post","link":"https:\/\/scf.se\/trial\/riktigt-bra-genomford-vm-final-av-hilda-andersson-men-lite-stolpe-ut\/","title":{"rendered":"Riktigt fint genomf\u00f6rd VM-final av Hilda Andersson men lite stolpe ut"},"content":{"rendered":"<p><strong>Hilda Andersson slutade sexa i VM efter en riktigt bra genomf\u00f6rd final d\u00e4r det var en lika j\u00e4mn match om fj\u00e4rdeplatsen som om guldet med tre cyklister. Hilda k\u00f6rde fint, men det var lite stolpe ut i en bl\u00f6t final p\u00e5 gr\u00e4sbekl\u00e4dda Green Park. <\/strong><\/p>\n<p>En punktering p\u00e5 samma st\u00e4lle f\u00f6r tredje g\u00e5ngen om man r\u00e4knar in de b\u00e4gge i semifinalen \u00e4r ett exempel p\u00e5 motflyt som man inte har r\u00e5d med p\u00e5 den h\u00e4r niv\u00e5n.<\/p>\n<blockquote>\n<p style=\"text-align: left\">\u201dMan blir s\u00e5 sur\u201d s\u00e4ger Hilda.<\/p>\n<p style=\"text-align: left\">\u201dMen k\u00e4nslan i loppet var sk\u00f6n. S\u00e4rskilt f\u00f6rsta stensektionen d\u00e5 det b\u00f6rjade sp\u00f6regna!\u201d<\/p>\n<\/blockquote>\n<p style=\"text-align: left\">Alla \u00e4r \u00f6verens om att niv\u00e5n p\u00e5 i synnerhet damklassen \u00f6kat n\u00e5got enormt de senaste fyra\u2013fem \u00e5ren och med det \u00e4ven h\u00f6jden p\u00e5 hindren, vilka blivit s\u00e4kert en meter h\u00f6gre med \u00e5ren.<\/p>\n<a href=\"https:\/\/scf.se\/trial\/wp-content\/uploads\/sites\/8\/2023\/08\/364335683_249456244596133_5760684876271899694_n-1.jpg\"><img loading=\"lazy\" decoding=\"async\" class=\"alignnone size-full wp-image-1594\" src=\"https:\/\/scf.se\/trial\/wp-content\/uploads\/sites\/8\/2023\/08\/364335683_249456244596133_5760684876271899694_n-1.jpg\" alt=\"\" width=\"1757\" height=\"2300\" srcset=\"https:\/\/scf.se\/trial\/wp-content\/uploads\/sites\/8\/2023\/08\/364335683_249456244596133_5760684876271899694_n-1.jpg 1757w, https:\/\/scf.se\/trial\/wp-content\/uploads\/sites\/8\/2023\/08\/364335683_249456244596133_5760684876271899694_n-1-229x300.jpg 229w, https:\/\/scf.se\/trial\/wp-content\/uploads\/sites\/8\/2023\/08\/364335683_249456244596133_5760684876271899694_n-1-782x1024.jpg 782w, https:\/\/scf.se\/trial\/wp-content\/uploads\/sites\/8\/2023\/08\/364335683_249456244596133_5760684876271899694_n-1-768x1005.jpg 768w, https:\/\/scf.se\/trial\/wp-content\/uploads\/sites\/8\/2023\/08\/364335683_249456244596133_5760684876271899694_n-1-1173x1536.jpg 1173w, https:\/\/scf.se\/trial\/wp-content\/uploads\/sites\/8\/2023\/08\/364335683_249456244596133_5760684876271899694_n-1-1564x2048.jpg 1564w\" sizes=\"auto, (max-width: 1757px) 100vw, 1757px\" \/><\/a>\n<p>Det blev en h\u00e4ndelserik och sp\u00e4nnande final. Alla cyklister hade sin besk\u00e4rda del av sv\u00e5righeter, kopplat till b\u00e5de den \u00f6kade sv\u00e5righetsgraden s\u00e5v\u00e4l som halkan.<\/p>\n<p>Hilda gjorde en finfin uppvisning i stocksektionen d\u00e4r speakern lyfte att Hilda tog sig uppf\u00f6r den sneda stocken snabbt och effektivt. N\u00e5got som ingen av herrjuniorerna klarat p\u00e5 samma s\u00e4tt.<\/p>\n<p>Inf\u00f6r den sista sektionen beh\u00f6vde Hilda g\u00f6ra 30 po\u00e4ng f\u00f6r att kunna bli fyra, men liksom b\u00e4gge spanjorskorna halkade det till med &#8221;tjuvsl\u00e4pp&#8221; p\u00e5 delvis ov\u00e4ntade st\u00e4llen fast regnet hade gett sig p\u00e5 slutet. Hilda slutade p\u00e5 samma po\u00e4ng som tyska femman Larena Hees.<\/p>\n<p>Coach Tobias menar att Hilda gjorde en v\u00e4ldigt bra final. Det var \u00e4nnu sv\u00e5rare sektioner \u00e4n vid semi och v\u00e4derf\u00f6rh\u00e5llandena bj\u00f6d sv\u00e5rt motst\u00e5nd:<\/p>\n<blockquote><p>\u201dJa, Hilda gjorde verkligen en j\u00e4ttebra final\u201d, s\u00e4ger Tobias Hult.<\/p><\/blockquote>\n<p>Tyskan Nina Reichenbach k\u00f6rde tufft och hade minst s\u00e5dana d\u00e4r halkningsmiss\u00f6den och var en mycket bel\u00e5ten guldmedalj\u00f6r. Hon avgjorde p\u00e5 den sista sektionen n\u00e4r den liksom Hilda unga spanjorskan Alba Riera Roura hade slagl\u00e4ge men avslutade med 10 po\u00e4ng.<\/p>\n<h2>VM final trial damelit<\/h2>\n<ol>\n<li><strong>Nina Reichenbach,<\/strong> Tyskland <strong>210<\/strong> (40, 40, 30, 50, 50)<\/li>\n<li><strong>Vera Baron Rodrieguez,<\/strong> Spanien<strong> 190<\/strong> (40, 40, 40, 50, 20)<\/li>\n<li><strong>Alba Riera Roura<\/strong>, Spanien <strong>180<\/strong> (40, 40, 30, 60, 10)<\/li>\n<li><strong>Nina Vabre,<\/strong> Frankrike <strong>140<\/strong> (20, 30,30, 40, 20)<\/li>\n<li><strong>Larena Hees<\/strong>, Tyskland<strong> 130<\/strong> (10, 30, 30, 40, 20)<\/li>\n<li><strong>Hilda Andersson,<\/strong> Sverige<strong> 130<\/strong> (30, 20, 20, 40, 20)<\/li>\n<\/ol>\n<ul>\n<li><a href=\"https:\/\/www.svtplay.se\/video\/Ky2A9dr\/cykel-vm\/trial-damer?info=visa\"><em><strong>H\u00e4r p\u00e5 SVT Play kan ni se VM-finalen i efterhand, med Nadine K\u00e5mark som expertkommentator.<\/strong><\/em><\/a><\/li>\n<\/ul>\n<p><em>Text och foto: Svenska Cykelf\u00f6rbundet<\/em><\/p>\n<hr \/>\n<p><em><strong>Svenska Cykelf\u00f6rbundet \u00e4r stolta \u00f6ver att presentera v\u00e5ra samarbetspartners. Tack vare dessa fantastiska f\u00f6retag kan v\u00e5ra cyklister oftare ta sig l\u00e4ngre ut i v\u00e4rlden.<\/strong><\/em><\/p>\n<h2><a href=\"https:\/\/scf.se\/forbundet\/sponsorer\/\"><img loading=\"lazy\" decoding=\"async\" class=\"alignnone size-full wp-image-3872\" src=\"https:\/\/scf.se\/landsvag\/wp-content\/uploads\/sites\/5\/2023\/02\/LiggandeBannerNyheterHemsida2023.png\" alt=\"\" width=\"1200\" height=\"200\" \/><\/a><\/h2>\n","protected":false},"excerpt":{"rendered":"<p>Hilda Andersson slutade sexa i VM efter en riktigt bra genomf\u00f6rd final d\u00e4r det var en lika j\u00e4mn match om fj\u00e4rdeplatsen som om guldet med tre cyklister. Hilda k\u00f6rde fint, men det var lite stolpe ut i en bl\u00f6t final p\u00e5 gr\u00e4sbekl\u00e4dda Green Park. En punktering p\u00e5 samma st\u00e4lle f\u00f6r tredje g\u00e5ngen om man<a href=\"https:\/\/scf.se\/trial\/riktigt-bra-genomford-vm-final-av-hilda-andersson-men-lite-stolpe-ut\/\" class=\"news-card__more\"> &#8230;<\/a><\/p>\n","protected":false},"author":41,"featured_media":1595,"comment_status":"open","ping_status":"open","sticky":false,"template":"","format":"standard","meta":{"_acf_changed":false,"footnotes":""},"categories":[1],"tags":[],"class_list":["post-1593","post","type-post","status-publish","format-standard","hentry","category-trial"],"acf":[],"_links":{"self":[{"href":"https:\/\/scf.se\/trial\/wp-json\/wp\/v2\/posts\/1593","targetHints":{"allow":["GET"]}}],"collection":[{"href":"https:\/\/scf.se\/trial\/wp-json\/wp\/v2\/posts"}],"about":[{"href":"https:\/\/scf.se\/trial\/wp-json\/wp\/v2\/types\/post"}],"author":[{"embeddable":true,"href":"https:\/\/scf.se\/trial\/wp-json\/wp\/v2\/users\/41"}],"replies":[{"embeddable":true,"href":"https:\/\/scf.se\/trial\/wp-json\/wp\/v2\/comments?post=1593"}],"version-history":[{"count":0,"href":"https:\/\/scf.se\/trial\/wp-json\/wp\/v2\/posts\/1593\/revisions"}],"wp:featuredmedia":[{"embeddable":true,"href":"https:\/\/scf.se\/trial\/wp-json\/wp\/v2\/media\/1595"}],"wp:attachment":[{"href":"https:\/\/scf.se\/trial\/wp-json\/wp\/v2\/media?parent=1593"}],"wp:term":[{"taxonomy":"category","embeddable":true,"href":"https:\/\/scf.se\/trial\/wp-json\/wp\/v2\/categories?post=1593"},{"taxonomy":"post_tag","embeddable":true,"href":"https:\/\/scf.se\/trial\/wp-json\/wp\/v2\/tags?post=1593"}],"curies":[{"name":"wp","href":"https:\/\/api.w.org\/{rel}","templated":true}]}}