
{"id":1578,"date":"2023-08-11T19:37:36","date_gmt":"2023-08-11T17:37:36","guid":{"rendered":"http:\/\/scf.se\/trial\/?p=1578"},"modified":"2023-08-12T12:48:56","modified_gmt":"2023-08-12T10:48:56","slug":"semifinalerna-i-vm-ar-avklarade-hilda-till-final-flera-bra-insatser","status":"publish","type":"post","link":"https:\/\/scf.se\/trial\/semifinalerna-i-vm-ar-avklarade-hilda-till-final-flera-bra-insatser\/","title":{"rendered":"VM-semifinaler avklarade: Hilda till tv-s\u00e4nd final och flera fina insatser"},"content":{"rendered":"<p><strong>En vattenl\u00e4cka i l\u00e4genheten vilket tvingade hela laget att evakuera mitt i natten. Sedan tillkom en lite kn\u00f6lig resa med ett par punkteringar. \u00c4nd\u00e5 lyckades unga Hilda Andersson prestera p\u00e5 topp, komma femma i semifinalen \u2013 och ta sig till den SVT-s\u00e4nda VM-finalen. P\u00e5 fredagen var det de fyra herrcyklisternas tur att k\u00f6r semi d\u00e4r Ludvig Andersson i 20-tum var den som noterade h\u00f6gst kvalpo\u00e4ng med 360 och plats 22.<\/strong><\/p>\n<blockquote><p>\u201dDet har k\u00e4nts j\u00e4ttebra hela t\u00e4vlingen. Det \u00e4r roligt f\u00f6r att det g\u00e5r bra. De typ 12 f\u00f6rsta tjejerna \u00e4r sjukt j\u00e4mna och alla \u00e4r v\u00e4ldigt bra\u201d, s\u00e4ger Hilda Andersson och forts\u00e4tter:<\/p>\n<p>\u201dSamtidigt var det kn\u00f6ligt i dag. Jag fick tv\u00e5 punkteringar! Men jag hade v\u00e4ldigt bra service och mina minderns, Tobias och Ludvig, har varit superbra!<\/p><\/blockquote>\n<a href=\"https:\/\/scf.se\/trial\/wp-content\/uploads\/sites\/8\/2023\/08\/Hilda2.jpg\"><img loading=\"lazy\" decoding=\"async\" class=\"alignnone size-full wp-image-1579\" src=\"https:\/\/scf.se\/trial\/wp-content\/uploads\/sites\/8\/2023\/08\/Hilda2.jpg\" alt=\"\" width=\"1170\" height=\"1098\" srcset=\"https:\/\/scf.se\/trial\/wp-content\/uploads\/sites\/8\/2023\/08\/Hilda2.jpg 1170w, https:\/\/scf.se\/trial\/wp-content\/uploads\/sites\/8\/2023\/08\/Hilda2-300x282.jpg 300w, https:\/\/scf.se\/trial\/wp-content\/uploads\/sites\/8\/2023\/08\/Hilda2-1024x961.jpg 1024w, https:\/\/scf.se\/trial\/wp-content\/uploads\/sites\/8\/2023\/08\/Hilda2-768x721.jpg 768w\" sizes=\"auto, (max-width: 1170px) 100vw, 1170px\" \/><\/a>\n<ul>\n<li><a href=\"https:\/\/www.svtplay.se\/video\/Ky2A9dr\/cykel-vm\/trial-damer\"><em><strong>H\u00e4r ser ni VM-finalen med Hilda Andcersson och med Nadine K\u00e5mark som expertkommentator i SVT1\/SVT Play l\u00f6rdag 14.25, missa inte det!<\/strong><\/em><\/a><\/li>\n<\/ul>\n<p><strong>Hur ser du p\u00e5 l\u00f6rdagens final?<\/strong><\/p>\n<blockquote><p>\u201dDet kommer bli bra. Det \u00e4r s\u00e5 l\u00e5ngt fram att jag inte t\u00e4nker p\u00e5 det nu. Nu ska jag njuta av att jag tagit en finalplats och att jag har haft det kul. Men, det ska ju regna och det g\u00f6r mig s\u00e5 sjukt taggad.\u201d<\/p><\/blockquote>\n<p>Coach Tobias Hult vill lyfta hur bra Hilda tagit sig igenom sista dygnet d\u00e5 teamet r\u00e5kat ut f\u00f6r vattenl\u00e4cka i l\u00e4genheten vilket tvingade hela laget att evakuera mitt i natten och flytta till ett nytt boende.<\/p>\n<p>Brorsan Ludvig Andersson, som bland annat agerade snabb mekaniker vilket beh\u00f6vdes denna dag, menar att Hilda har k\u00f6rt sjukt bra i den tuffa konkurrensen som nu bar till final som direkts\u00e4nds i SVT1 och SVT Play p\u00e5 l\u00f6rdag 14.25.<\/p>\n<h3>VM semifinal trial damelit<\/h3>\n<ol>\n<li><strong>Vera Baron Rodrieguez,<\/strong> Spanien 750<\/li>\n<li><strong>Nina Reichenbach,<\/strong> Tyskland 750<\/li>\n<li><strong>Alba Riera Roura<\/strong>, Spanien 630<\/li>\n<li><strong>Nina Vabre,<\/strong> Frankrike 560<\/li>\n<li><strong>Hilda Andersson,<\/strong> Sverige 540<\/li>\n<li><strong>Larena Hees<\/strong>, Tyskland 520<\/li>\n<\/ol>\n<p>Det svenska laget nj\u00f6t av Hildas fantastiska prestation och ska nu \u201dhem\u201d till det nya, vattenfria boendet innan de tidigt i p\u00e5 fredagen k\u00f6r ig\u00e5ng herrsemin i 20-tumsklassen med just Ludvig Andersson och Rasmus Lid\u00e9n. Killarna charmade juryn i TV4:s n\u00f6jesprogram Talang med sin skicklighet p\u00e5 cyklarna. Senare p\u00e5 fredagen var det dags f\u00f6r Alexander Karlsson och Joacim Lundgren k\u00f6ra semi i 26-tumsklassen.<\/p>\n<p>En vattenl\u00e4cka i l\u00e4genheten vilket tvingade hela laget att evakuera mitt i natten. Sedan tillkom en lite kn\u00f6lig resa med ett par punkteringar. \u00c4nd\u00e5 lyckades unga Hilda Andersson prestera p\u00e5 topp, komma femma i semifinalen \u2013 och ta sig till den SVT-s\u00e4nda VM-finalen. P\u00e5 fredagen var det de fyra herrcyklisternas tur att k\u00f6r semi.<\/p>\n<a href=\"https:\/\/scf.se\/trial\/wp-content\/uploads\/sites\/8\/2023\/08\/LudvigVM.jpg\"><img loading=\"lazy\" decoding=\"async\" class=\"alignnone size-full wp-image-1576\" src=\"https:\/\/scf.se\/trial\/wp-content\/uploads\/sites\/8\/2023\/08\/LudvigVM.jpg\" alt=\"\" width=\"1127\" height=\"780\" srcset=\"https:\/\/scf.se\/trial\/wp-content\/uploads\/sites\/8\/2023\/08\/LudvigVM.jpg 1127w, https:\/\/scf.se\/trial\/wp-content\/uploads\/sites\/8\/2023\/08\/LudvigVM-300x208.jpg 300w, https:\/\/scf.se\/trial\/wp-content\/uploads\/sites\/8\/2023\/08\/LudvigVM-1024x709.jpg 1024w, https:\/\/scf.se\/trial\/wp-content\/uploads\/sites\/8\/2023\/08\/LudvigVM-768x532.jpg 768w\" sizes=\"auto, (max-width: 1127px) 100vw, 1127px\" \/><\/a>\n<blockquote><p>\u201dEn varm dag idag men rolig\u201d, s\u00e4ger f\u00f6rsta\u00e5rssenioren Ludvig Andersson efter 20-tumsklassens semifinal.<\/p>\n<p>\u201dVita betongsektionen var v\u00e4ldigt kul. D\u00e4r gick det bra. D\u00e4remot den femte sektionen var lite knixig.\u201d Tydligt \u00e4r att de flesta \u00e5kare, \u00e4ven de som gick vidare till final har haft sv\u00e5righeter p\u00e5 olika delar av varvet. Det \u00e4r en tuff bana! Men det ska det vara p\u00e5 ett VM\u201d, menar Ludvig.<\/p><\/blockquote>\n<p>Mindern Christian Andersson s\u00e4ger att Ludvig k\u00f6rt stabilt och gjort precis allt han ska g\u00f6ra. Coach Tobias Hult s\u00e4ger att Ludvig satte m\u00e5nga av de hinder som verkligen kr\u00e4ver kraft. Precis som damernas lopp s\u00e5 \u00e4r det m\u00e5nga \u00e5kare som \u00e4r v\u00e4ldigt starka.<\/p>\n<p>Rasmus Lid\u00e9n \u00e4r n\u00f6jd med sin prestation. I tunnsektionen p\u00e5 andra varvet ryckte Rasmus och spr\u00e4ckte framskivan ( bromsen) och han kunde d\u00e5 inte att slutf\u00f6ra sektionen. Turligt nog hade Hilda sin cykel p\u00e5 plats och l\u00e5nade ut sitt framhjul till Rasmus och allt h\u00f6ll resten av loppet.<\/p>\n<a href=\"https:\/\/scf.se\/trial\/wp-content\/uploads\/sites\/8\/2023\/08\/Rasmus.jpg\"><img loading=\"lazy\" decoding=\"async\" class=\"alignnone size-full wp-image-1591\" src=\"https:\/\/scf.se\/trial\/wp-content\/uploads\/sites\/8\/2023\/08\/Rasmus.jpg\" alt=\"\" width=\"1004\" height=\"967\" srcset=\"https:\/\/scf.se\/trial\/wp-content\/uploads\/sites\/8\/2023\/08\/Rasmus.jpg 1004w, https:\/\/scf.se\/trial\/wp-content\/uploads\/sites\/8\/2023\/08\/Rasmus-300x289.jpg 300w, https:\/\/scf.se\/trial\/wp-content\/uploads\/sites\/8\/2023\/08\/Rasmus-768x740.jpg 768w\" sizes=\"auto, (max-width: 1004px) 100vw, 1004px\" \/><\/a>\n<p>Nu efter m\u00e5lg\u00e5ng s\u00e5 s\u00e4ger Rasmus att han \u00e4r helt slut vilket betyder att han tagit ut s\u00e5 mycket kraft som han kunnat.<\/p>\n<p>B\u00e5da 20\u2019\u2019-cyklisterna \u00e4r, trots att ingen av dem slutade i final, n\u00f6jda med det de gjort och upplevt.<\/p>\n<h3>VM semifinal trial herrelit 20 tum<\/h3>\n<ul>\n<li><strong>1 Charlie Rolls<\/strong>, Storbritannien 800<\/li>\n<li><strong>2 Alejandro Milla Montalvo, <\/strong>Spanien 750<\/li>\n<li><strong>3 Borja Conejos Vazquez,<\/strong> Spanien 730<\/li>\n<li><strong>22 Ludvig Andersson<\/strong>, Sverige 360<\/li>\n<li><strong>31 Rasmus Lid\u00e9n,<\/strong> Sverige 250<\/li>\n<\/ul>\n<p>Britterna kommer tokladdade till detta hemmam\u00e4sterskap. Jack Carthy kopierade landsmannen Charlie Rolls uppvisning genom att hamra in hela 800 po\u00e4ng p\u00e5 det tre varven.<\/p>\n<p>\u00c5rets svenska inomhusm\u00e4stare, Alexander Karlsson, och f\u00f6re detta topp 5-cyklisten i v\u00e4rlden, Joacim Lundgren, startade i fredagskv\u00e4llens semifinal 26\u2019\u2019. Joacim, enligt uppgift, i en v\u00e4rldshistorisk start p\u00e5 en street-trialcykel.<\/p>\n<a href=\"https:\/\/scf.se\/trial\/wp-content\/uploads\/sites\/8\/2023\/08\/Alex.jpg\"><img loading=\"lazy\" decoding=\"async\" class=\"alignnone size-full wp-image-1590\" src=\"https:\/\/scf.se\/trial\/wp-content\/uploads\/sites\/8\/2023\/08\/Alex.jpg\" alt=\"\" width=\"996\" height=\"792\" srcset=\"https:\/\/scf.se\/trial\/wp-content\/uploads\/sites\/8\/2023\/08\/Alex.jpg 996w, https:\/\/scf.se\/trial\/wp-content\/uploads\/sites\/8\/2023\/08\/Alex-300x239.jpg 300w, https:\/\/scf.se\/trial\/wp-content\/uploads\/sites\/8\/2023\/08\/Alex-768x611.jpg 768w\" sizes=\"auto, (max-width: 996px) 100vw, 996px\" \/><\/a>\n<p>Alexander hade satt upp ett m\u00e5l med t\u00e4vlingen som han tyv\u00e4rr inte uppn\u00e5dde \u00e4ven om f\u00f6rsta sektionen l\u00e5g i linje med hans plan. Alexander s\u00e4ger att han har kapacitet men n\u00e4r han inte k\u00e4nner att han n\u00e5r upp till den s\u00e5 blir han frustrerad. En bra sak \u00e4r att han \u00e4nd\u00e5 har en f\u00f6rm\u00e5ga att l\u00e4mna frustration som uppst\u00e5r i en sektor innan han g\u00e5r in i n\u00e4sta.<\/p>\n<p>Alexander lyfter specifikt en stensektor som han innan start k\u00e4nt sig lite obekv\u00e4m med men som han klippte alla varv. Det k\u00e4ndes bra! Alexander landade till slut p\u00e5 290 po\u00e4ng.<\/p>\n<p>Joacim \u00e5 andra sidan p\u00e5 sin street-trial gick in i t\u00e4vlingen med gl\u00e4dje och engagemang. Joacim \u00e4r inne i en transaktion fr\u00e5n t\u00e4vlingstrial till streettrial och k\u00e4nde att detta troligtvis \u00e4r hans sista VM. Han hade inga st\u00f6rre f\u00f6rhoppningar p\u00e5 framst\u00e5ende resultat men k\u00e4nde att han ville ge trialv\u00e4rlden en avslutningsfest. Joacim har under m\u00e5nga \u00e5r burit den svenska flaggan i trialsammanhang med den \u00e4ran och varit och kommer att vara en viktig f\u00f6reg\u00e5ngsman f\u00f6r trialsporten i Sverige s\u00e5v\u00e4l som internationellt.<\/p>\n<p>Efter t\u00e4vlingarna hade Brittiska trialprofiler kallat till en streettrial jam s\u00e5 flera av de svenska cyklisterna drog iv\u00e4g och tillsammans med n\u00e4stan 100 hugade trialcyklister cyklade de runt i Glasgow och uppt\u00e4ckte fantastiska streettrial-omr\u00e5den.<\/p>\n<a href=\"https:\/\/scf.se\/trial\/wp-content\/uploads\/sites\/8\/2023\/08\/JockeL.jpg\"><img loading=\"lazy\" decoding=\"async\" class=\"alignnone size-full wp-image-1589\" src=\"https:\/\/scf.se\/trial\/wp-content\/uploads\/sites\/8\/2023\/08\/JockeL.jpg\" alt=\"\" width=\"1512\" height=\"1702\" srcset=\"https:\/\/scf.se\/trial\/wp-content\/uploads\/sites\/8\/2023\/08\/JockeL.jpg 1512w, https:\/\/scf.se\/trial\/wp-content\/uploads\/sites\/8\/2023\/08\/JockeL-267x300.jpg 267w, https:\/\/scf.se\/trial\/wp-content\/uploads\/sites\/8\/2023\/08\/JockeL-910x1024.jpg 910w, https:\/\/scf.se\/trial\/wp-content\/uploads\/sites\/8\/2023\/08\/JockeL-768x865.jpg 768w, https:\/\/scf.se\/trial\/wp-content\/uploads\/sites\/8\/2023\/08\/JockeL-1365x1536.jpg 1365w\" sizes=\"auto, (max-width: 1512px) 100vw, 1512px\" \/><\/a>\n<p>H\u00e4r\u00a0 profilen Danny MacAskill och Joacim.<\/p>\n<p>&nbsp;<\/p>\n<h3><\/h3>\n<h3><\/h3>\n<h3>VM semifinal trial herrelit 26 tum<\/h3>\n<ul>\n<li><strong>1 Jack Carthy<\/strong>, Storbritannien 800<\/li>\n<li><strong>2 Daniel Baron Rodrriguez,<\/strong> Spanien 780<\/li>\n<li><strong>3 Julen Saenz de Ormijana Llano<\/strong>, Spanien 720<\/li>\n<li><strong>26 Alexander Karlsson<\/strong>, Sverige 290<\/li>\n<li><strong>32 Joacim Lundgren<\/strong>, Sverige 120 (2 varv)<\/li>\n<\/ul>\n<p><a href=\"https:\/\/www.uci.org\/race-hub\/2023-uci-cycling-world-championships-trials\/3AMhK4pitTnRph7nB9Sh6L\"><em><strong>Alla resultat fr\u00e5n VM-semifinalerna i trial h\u00e4r!<\/strong><\/em><\/a><\/p>\n<p><em><strong>Vi \u00e5terkommer med kommentarer om 26-tumsklassens semi och flera bilder.<\/strong><\/em><\/p>\n<div class=\"inTrialRow\"><\/div>\n<p><em>Text och foto: SCF<\/em><\/p>\n<hr \/>\n<p><em><strong>Svenska Cykelf\u00f6rbundet \u00e4r stolta \u00f6ver att presentera v\u00e5ra samarbetspartners. Tack vare dessa fantastiska f\u00f6retag kan v\u00e5ra cyklister oftare ta sig l\u00e4ngre ut i v\u00e4rlden.<\/strong><\/em><\/p>\n<h2><a href=\"https:\/\/scf.se\/forbundet\/sponsorer\/\"><img loading=\"lazy\" decoding=\"async\" class=\"alignnone size-full wp-image-3872\" src=\"https:\/\/scf.se\/landsvag\/wp-content\/uploads\/sites\/5\/2023\/02\/LiggandeBannerNyheterHemsida2023.png\" alt=\"\" width=\"1200\" height=\"200\" \/><\/a><\/h2>\n","protected":false},"excerpt":{"rendered":"<p>En vattenl\u00e4cka i l\u00e4genheten vilket tvingade hela laget att evakuera mitt i natten. Sedan tillkom en lite kn\u00f6lig resa med ett par punkteringar. \u00c4nd\u00e5 lyckades unga Hilda Andersson prestera p\u00e5 topp, komma femma i semifinalen \u2013 och ta sig till den SVT-s\u00e4nda VM-finalen. P\u00e5 fredagen var det de fyra herrcyklisternas tur att k\u00f6r semi<a href=\"https:\/\/scf.se\/trial\/semifinalerna-i-vm-ar-avklarade-hilda-till-final-flera-bra-insatser\/\" class=\"news-card__more\"> &#8230;<\/a><\/p>\n","protected":false},"author":41,"featured_media":1580,"comment_status":"open","ping_status":"open","sticky":false,"template":"","format":"standard","meta":{"_acf_changed":false,"footnotes":""},"categories":[1],"tags":[],"class_list":["post-1578","post","type-post","status-publish","format-standard","hentry","category-trial"],"acf":[],"_links":{"self":[{"href":"https:\/\/scf.se\/trial\/wp-json\/wp\/v2\/posts\/1578","targetHints":{"allow":["GET"]}}],"collection":[{"href":"https:\/\/scf.se\/trial\/wp-json\/wp\/v2\/posts"}],"about":[{"href":"https:\/\/scf.se\/trial\/wp-json\/wp\/v2\/types\/post"}],"author":[{"embeddable":true,"href":"https:\/\/scf.se\/trial\/wp-json\/wp\/v2\/users\/41"}],"replies":[{"embeddable":true,"href":"https:\/\/scf.se\/trial\/wp-json\/wp\/v2\/comments?post=1578"}],"version-history":[{"count":0,"href":"https:\/\/scf.se\/trial\/wp-json\/wp\/v2\/posts\/1578\/revisions"}],"wp:featuredmedia":[{"embeddable":true,"href":"https:\/\/scf.se\/trial\/wp-json\/wp\/v2\/media\/1580"}],"wp:attachment":[{"href":"https:\/\/scf.se\/trial\/wp-json\/wp\/v2\/media?parent=1578"}],"wp:term":[{"taxonomy":"category","embeddable":true,"href":"https:\/\/scf.se\/trial\/wp-json\/wp\/v2\/categories?post=1578"},{"taxonomy":"post_tag","embeddable":true,"href":"https:\/\/scf.se\/trial\/wp-json\/wp\/v2\/tags?post=1578"}],"curies":[{"name":"wp","href":"https:\/\/api.w.org\/{rel}","templated":true}]}}