
{"id":1575,"date":"2023-08-10T09:57:25","date_gmt":"2023-08-10T07:57:25","guid":{"rendered":"http:\/\/scf.se\/trial\/?p=1575"},"modified":"2023-08-10T12:04:19","modified_gmt":"2023-08-10T10:04:19","slug":"lagtavling-bra-genomklagtavling-var-bra-genomkorare-nar-nu-individuella-vm-inleds-i-glasgoworare-infor-individuella-vm-i-glasgow","status":"publish","type":"post","link":"https:\/\/scf.se\/trial\/lagtavling-bra-genomklagtavling-var-bra-genomkorare-nar-nu-individuella-vm-inleds-i-glasgoworare-infor-individuella-vm-i-glasgow\/","title":{"rendered":"Lagt\u00e4vling var bra genomk\u00f6rare n\u00e4r nu individuella VM inleds i Glasgow"},"content":{"rendered":"<p><strong>Sverige kom till start i VM-lagt\u00e4vlingen i trial p\u00e5 Green Park i Glasgow med tre cyklister av fem m\u00f6jliga; saknar juniorer i detta m\u00e4sterskap. S\u00e5 det var mest att m\u00f6jlighet att k\u00e4nna p\u00e5 banan i skarpt l\u00e4ge f\u00f6r Alexander Karlsson, Hilda Andersson och Ludvig Andersson. Sverige slutade tolva &#8211; samma po\u00e4ng som Tjeckien p\u00e5 placeringen \u00f6ver.<\/strong><\/p>\n<p>Ludvig Andersson (bilden ovan) k\u00f6rde stabilt och snittade p\u00e5 30 po\u00e4ng p\u00e5 alla sektionerna p\u00e5 sin sista str\u00e4cka. Hilda Anderssons 50 po\u00e4ng var r\u00e4tt g\u00e5ngbart bland damerna och en bra genomk\u00f6rare inf\u00f6r torsdagens semifinal som startar 19.00 svensk tid.<\/p>\n<p>Det \u00e4r sedan bara finalerna i den individuella trialt\u00e4vlingen i VM och inget annat som s\u00e4nds i SVT Play. De g\u00e5r 12 augusti 14.25 f\u00f6r damer och 17.45 f\u00f6r herrarna.<\/p>\n<p>Vann lagt\u00e4vlingen gjorde inte direkt ov\u00e4ntat Spanien, tv\u00e5a Frankrike och s\u00e5 tog v\u00e4rdnationen Storbritannien ett popul\u00e4rt brons.<\/p>\n<h2>S\u00e5 k\u00f6rs individuella trialt\u00e4vlingarna i VM<\/h2>\n<ul>\n<li><strong>10 augusti, 19.00:<\/strong> VM damelit semifinal med Hilda Andersson, som var trea p\u00e5 f\u00f6rra \u00e5rets VCM i Abu Dhabi och hade samma placering i v\u00e4rldscupen. I \u00e5r n\u00e4ra att kvala in till final i senaste VC-t\u00e4vlingen.<\/li>\n<li><strong>11 augusti, 10.00:<\/strong> VM herrelit 20 tum semifinal med SM-ettan Ludvig Andersson och -tv\u00e5an Rasmus Lid\u00e9n, som ni kunde se i TV4:s underh\u00e5llningsprogram Talang.<br \/>\n<strong>15.00: <\/strong>VM herrelit 26 tum semifinal med Alexander Karlsson, som vann SM inomhus, och\u00a0 Joacim Lundgren som var v\u00e4rldsfemma innan pandemin d\u00e5 han gjorde ett uppeh\u00e5ll och har sedan haft en del skadeproblem. intressant joker i svenska truppen.<\/li>\n<li><strong>12 augusti:<\/strong> VM:s sista dag f\u00f6r trialcyklisterna med det individuella finalpasset. St\u00f6rst chans att n\u00e5 dit p\u00e5 papperet har Hilda Andersson och damelitfinalen g\u00e5r 14.30. Herrarnas finalpass b\u00f6rjar 18.00. B\u00e4gge <strong><em>direkts\u00e4nds i SVT Play<\/em> med Nadine K\u00e5mark som h\u00f6gst insatt expertkommentator<\/strong>.<\/li>\n<\/ul>\n<hr \/>\n<p><em><strong>Svenska Cykelf\u00f6rbundet \u00e4r stolta \u00f6ver att presentera v\u00e5ra samarbetspartners. Tack vare dessa fantastiska f\u00f6retag kan v\u00e5ra cyklister oftare ta sig l\u00e4ngre ut i v\u00e4rlden.<\/strong><\/em><\/p>\n<h2><a href=\"https:\/\/scf.se\/forbundet\/sponsorer\/\"><img loading=\"lazy\" decoding=\"async\" class=\"alignnone size-full wp-image-3872\" src=\"https:\/\/scf.se\/landsvag\/wp-content\/uploads\/sites\/5\/2023\/02\/LiggandeBannerNyheterHemsida2023.png\" alt=\"\" width=\"1200\" height=\"200\" \/><\/a><\/h2>\n","protected":false},"excerpt":{"rendered":"<p>Sverige kom till start i VM-lagt\u00e4vlingen i trial p\u00e5 Green Park i Glasgow med tre cyklister av fem m\u00f6jliga; saknar juniorer i detta m\u00e4sterskap. S\u00e5 det var mest att m\u00f6jlighet att k\u00e4nna p\u00e5 banan i skarpt l\u00e4ge f\u00f6r Alexander Karlsson, Hilda Andersson och Ludvig Andersson. Sverige slutade tolva &#8211; samma po\u00e4ng som Tjeckien p\u00e5<a href=\"https:\/\/scf.se\/trial\/lagtavling-bra-genomklagtavling-var-bra-genomkorare-nar-nu-individuella-vm-inleds-i-glasgoworare-infor-individuella-vm-i-glasgow\/\" class=\"news-card__more\"> &#8230;<\/a><\/p>\n","protected":false},"author":41,"featured_media":1576,"comment_status":"open","ping_status":"open","sticky":false,"template":"","format":"standard","meta":{"_acf_changed":false,"footnotes":""},"categories":[1],"tags":[],"class_list":["post-1575","post","type-post","status-publish","format-standard","hentry","category-trial"],"acf":[],"_links":{"self":[{"href":"https:\/\/scf.se\/trial\/wp-json\/wp\/v2\/posts\/1575","targetHints":{"allow":["GET"]}}],"collection":[{"href":"https:\/\/scf.se\/trial\/wp-json\/wp\/v2\/posts"}],"about":[{"href":"https:\/\/scf.se\/trial\/wp-json\/wp\/v2\/types\/post"}],"author":[{"embeddable":true,"href":"https:\/\/scf.se\/trial\/wp-json\/wp\/v2\/users\/41"}],"replies":[{"embeddable":true,"href":"https:\/\/scf.se\/trial\/wp-json\/wp\/v2\/comments?post=1575"}],"version-history":[{"count":0,"href":"https:\/\/scf.se\/trial\/wp-json\/wp\/v2\/posts\/1575\/revisions"}],"wp:featuredmedia":[{"embeddable":true,"href":"https:\/\/scf.se\/trial\/wp-json\/wp\/v2\/media\/1576"}],"wp:attachment":[{"href":"https:\/\/scf.se\/trial\/wp-json\/wp\/v2\/media?parent=1575"}],"wp:term":[{"taxonomy":"category","embeddable":true,"href":"https:\/\/scf.se\/trial\/wp-json\/wp\/v2\/categories?post=1575"},{"taxonomy":"post_tag","embeddable":true,"href":"https:\/\/scf.se\/trial\/wp-json\/wp\/v2\/tags?post=1575"}],"curies":[{"name":"wp","href":"https:\/\/api.w.org\/{rel}","templated":true}]}}