
{"id":1568,"date":"2023-08-09T11:58:51","date_gmt":"2023-08-09T09:58:51","guid":{"rendered":"http:\/\/scf.se\/trial\/?p=1568"},"modified":"2023-08-09T12:25:49","modified_gmt":"2023-08-09T10:25:49","slug":"forberedelserna-ar-gjorda-nu-startar-svt-sant-vm-i-trial","status":"publish","type":"post","link":"https:\/\/scf.se\/trial\/forberedelserna-ar-gjorda-nu-startar-svt-sant-vm-i-trial\/","title":{"rendered":"F\u00f6rberedelserna \u00e4r gjorda och SVT-s\u00e4nt VM i trial startar med lagt\u00e4vling"},"content":{"rendered":"<p><strong>Onsdagskv\u00e4llens SVT-s\u00e4nda lagt\u00e4vling p\u00e5 Glasgow Green blir en perfekt uppv\u00e4rmning och bancheck inf\u00f6r de individuella t\u00e4vlingarna som startar p\u00e5 torsdag. Stafettlaget best\u00e5ende av Alexander Karlsson, Hilda Andersson och Ludvig Andersson har nu med st\u00f6d av VM-coachen Tobias Hult och lagkompisen Rasmus g\u00e5tt igenom samtliga fem sektorer i lagt\u00e4vlingen.<\/strong><\/p>\n<a href=\"https:\/\/scf.se\/trial\/wp-content\/uploads\/sites\/8\/2023\/08\/VMtral5.jpg\"><img loading=\"lazy\" decoding=\"async\" class=\"alignnone size-full wp-image-1569\" src=\"https:\/\/scf.se\/trial\/wp-content\/uploads\/sites\/8\/2023\/08\/VMtral5.jpg\" alt=\"\" width=\"2016\" height=\"1512\" srcset=\"https:\/\/scf.se\/trial\/wp-content\/uploads\/sites\/8\/2023\/08\/VMtral5.jpg 2016w, https:\/\/scf.se\/trial\/wp-content\/uploads\/sites\/8\/2023\/08\/VMtral5-300x225.jpg 300w, https:\/\/scf.se\/trial\/wp-content\/uploads\/sites\/8\/2023\/08\/VMtral5-1024x768.jpg 1024w, https:\/\/scf.se\/trial\/wp-content\/uploads\/sites\/8\/2023\/08\/VMtral5-768x576.jpg 768w, https:\/\/scf.se\/trial\/wp-content\/uploads\/sites\/8\/2023\/08\/VMtral5-1536x1152.jpg 1536w\" sizes=\"auto, (max-width: 2016px) 100vw, 2016px\" \/><\/a>\n<a href=\"https:\/\/scf.se\/trial\/wp-content\/uploads\/sites\/8\/2023\/08\/VMtral1.jpg\"><img loading=\"lazy\" decoding=\"async\" class=\"alignnone size-full wp-image-1573\" src=\"https:\/\/scf.se\/trial\/wp-content\/uploads\/sites\/8\/2023\/08\/VMtral1.jpg\" alt=\"\" width=\"1280\" height=\"1149\" srcset=\"https:\/\/scf.se\/trial\/wp-content\/uploads\/sites\/8\/2023\/08\/VMtral1.jpg 1280w, https:\/\/scf.se\/trial\/wp-content\/uploads\/sites\/8\/2023\/08\/VMtral1-300x269.jpg 300w, https:\/\/scf.se\/trial\/wp-content\/uploads\/sites\/8\/2023\/08\/VMtral1-1024x919.jpg 1024w, https:\/\/scf.se\/trial\/wp-content\/uploads\/sites\/8\/2023\/08\/VMtral1-768x689.jpg 768w\" sizes=\"auto, (max-width: 1280px) 100vw, 1280px\" \/><\/a>\n<p>De har klurat \u00f6ver v\u00e4gval och s\u00e4tt att angripa de olika hindren vid den stora gr\u00e4sbekl\u00e4dda anl\u00e4ggningen i Glasgow.<\/p>\n<blockquote><p>&#8221;Samtliga cyklister \u00e4r \u00f6verens om att det k\u00e4nns roligt! Det \u00e4r sk\u00f6nt att f\u00e5 komma ig\u00e5ng, att f\u00e5 k\u00e4nna p\u00e5 sektorerna, som till del liknar de sektorer som de individuella t\u00e4vlingarna kommer ha&#8221;, s\u00e4ger Lena Alfv\u00e9n, som g\u00f6r sin andra storinternationella t\u00e4vling i det nya jobbet som f\u00f6rbundskapten.<\/p><\/blockquote>\n<a href=\"https:\/\/scf.se\/trial\/wp-content\/uploads\/sites\/8\/2023\/08\/VMtral2.jpg\"><img loading=\"lazy\" decoding=\"async\" class=\"alignnone size-full wp-image-1572\" src=\"https:\/\/scf.se\/trial\/wp-content\/uploads\/sites\/8\/2023\/08\/VMtral2.jpg\" alt=\"\" width=\"1187\" height=\"1280\" srcset=\"https:\/\/scf.se\/trial\/wp-content\/uploads\/sites\/8\/2023\/08\/VMtral2.jpg 1187w, https:\/\/scf.se\/trial\/wp-content\/uploads\/sites\/8\/2023\/08\/VMtral2-278x300.jpg 278w, https:\/\/scf.se\/trial\/wp-content\/uploads\/sites\/8\/2023\/08\/VMtral2-950x1024.jpg 950w, https:\/\/scf.se\/trial\/wp-content\/uploads\/sites\/8\/2023\/08\/VMtral2-768x828.jpg 768w\" sizes=\"auto, (max-width: 1187px) 100vw, 1187px\" \/><\/a>\n<p>Rutinerade Alexander Karlsson menar att det \u00e4r bra att f\u00e5 testa marken och gr\u00e4set som ju \u00e4r av samma underlag som resten av t\u00e4vlingarna. Alla tre stafett\u00e5karna tycker det \u00e4r lite klurigt i f\u00f6rsta skedet att veta vilka sp\u00e5r man ska v\u00e4lja men ser ocks\u00e5 fram emot att f\u00e5 en genomg\u00e5ng inf\u00f6r de individuella t\u00e4vlingarna.<\/p>\n<p>I lagt\u00e4vlingen saknar Sverige juniorer och har bara representant i damelit samt herrelitens b\u00e4gge klasser 20 och 26 tum. S\u00e5 det fr\u00e4msta m\u00e5let med lagt\u00e4vlingen \u00e4r att komma ig\u00e5ng, pr\u00f6va ett urval av sektorerna och komma s\u00e5 l\u00e5ngt som m\u00f6jligt.<\/p>\n<p>Under onsdagseftermiddagen ansluter \u00e4ven meriterade Joacim Lundgren till landslaget. Han har haft skadeproblem och inte t\u00e4vlat mycket senaste \u00e5ret men blir en intressant joker i den individuella t\u00e4vlingen.<\/p>\n<ul>\n<li><a href=\"https:\/\/www.svtplay.se\/video\/8YAxr4B\/cykel-vm\/trial-mixed-lag\"><em><strong>H\u00c4R hittar ni SVT Play-s\u00e4ndningen av lagt\u00e4vlingen d\u00e4r Nadine K\u00e5mark \u00e4r expertkommentator, den startar 19.00 svensk tid!<\/strong><\/em><\/a><\/li>\n<li><a href=\"https:\/\/scf.se\/bancykel\/gustav-i-form-vassar-det-sista-infor-spannande-vm-poanglopp\/\"><em><strong>\u00d6vrigt som h\u00e4nder p\u00e5 onsdagen i VM f\u00f6r svensk del, inklusive en intervju med bancyklisten Gustav Johansson H\u00c4R!<\/strong><\/em><\/a><\/li>\n<\/ul>\n<a href=\"https:\/\/scf.se\/trial\/wp-content\/uploads\/sites\/8\/2023\/08\/VMtral3.jpg\"><img loading=\"lazy\" decoding=\"async\" class=\"alignnone size-full wp-image-1571\" src=\"https:\/\/scf.se\/trial\/wp-content\/uploads\/sites\/8\/2023\/08\/VMtral3.jpg\" alt=\"\" width=\"842\" height=\"1280\" srcset=\"https:\/\/scf.se\/trial\/wp-content\/uploads\/sites\/8\/2023\/08\/VMtral3.jpg 842w, https:\/\/scf.se\/trial\/wp-content\/uploads\/sites\/8\/2023\/08\/VMtral3-197x300.jpg 197w, https:\/\/scf.se\/trial\/wp-content\/uploads\/sites\/8\/2023\/08\/VMtral3-674x1024.jpg 674w, https:\/\/scf.se\/trial\/wp-content\/uploads\/sites\/8\/2023\/08\/VMtral3-768x1168.jpg 768w\" sizes=\"auto, (max-width: 842px) 100vw, 842px\" \/><\/a>\n<p>P\u00e5 torsdagen forts\u00e4tter sedan trialt\u00e4vlingarna p\u00e5 p\u00e5 Glasgow Green med de individuella t\u00e4vlingarna med semifinal f\u00f6r damelit med f\u00f6r svensk del Hilda Andersson fr\u00e5n Arvika IS. Hilda Andersson var trea p\u00e5 f\u00f6rra \u00e5rets VCM i Abu Dhabi och hade samma placering i v\u00e4rldscupen. I \u00e5r n\u00e4ra att kvala in till final i senaste VC-t\u00e4vlingen och har definitivt potential f\u00f6r att n\u00e5 final.<\/p>\n<h2>Svenska trialcyklisterna i VM<\/h2>\n<ul>\n<li><strong>9 augusti, 19.00:<\/strong> VM mixed lag med Alexander Karlsson, Hilda Andersson och Ludvig Andersson.<\/li>\n<li><strong>10 augusti, 19.00:<\/strong> VM damelit semifinal med Hilda Andersson.<\/li>\n<li><strong>11 augusti, 10.00:<\/strong> VM herrelit 20 tum semifinal med SM-ettan Ludvig Andersson och -tv\u00e5an Rasmus Lid\u00e9n, som ni kunde se i TV4:s underh\u00e5llningsprogram Talang.<br \/>\n<strong>15.00: <\/strong>VM herrelit 26 tum semifinal med Alexander Karlsson, som vann SM inomhus, och\u00a0 Joacim Lundgren som var v\u00e4rldsfemma innan pandemin d\u00e5 han gjorde ett uppeh\u00e5ll och har sedan haft en del skadeproblem. intressant joker i svenska truppen.<\/li>\n<li><strong>12 augusti:<\/strong> VM:s sista dag f\u00f6r trialcyklisterna med det individuella finalpasset. Damelitfinalen g\u00e5r 14.30. Herrarnas finalpass b\u00f6rjar 18.00.<\/li>\n<\/ul>\n<p><em>Text och foto: Svenska Cykelf\u00f6rbundet<\/em><\/p>\n<hr \/>\n<p><em><strong>Svenska Cykelf\u00f6rbundet \u00e4r stolta \u00f6ver att presentera v\u00e5ra samarbetspartners. Tack vare dessa fantastiska f\u00f6retag kan v\u00e5ra cyklister oftare ta sig l\u00e4ngre ut i v\u00e4rlden.<\/strong><\/em><\/p>\n<h2><a href=\"https:\/\/scf.se\/forbundet\/sponsorer\/\"><img loading=\"lazy\" decoding=\"async\" class=\"alignnone size-full wp-image-3872\" src=\"https:\/\/scf.se\/landsvag\/wp-content\/uploads\/sites\/5\/2023\/02\/LiggandeBannerNyheterHemsida2023.png\" alt=\"\" width=\"1200\" height=\"200\" \/><\/a><\/h2>\n","protected":false},"excerpt":{"rendered":"<p>Onsdagskv\u00e4llens SVT-s\u00e4nda lagt\u00e4vling p\u00e5 Glasgow Green blir en perfekt uppv\u00e4rmning och bancheck inf\u00f6r de individuella t\u00e4vlingarna som startar p\u00e5 torsdag. Stafettlaget best\u00e5ende av Alexander Karlsson, Hilda Andersson och Ludvig Andersson har nu med st\u00f6d av VM-coachen Tobias Hult och lagkompisen Rasmus g\u00e5tt igenom samtliga fem sektorer i lagt\u00e4vlingen. De har klurat \u00f6ver v\u00e4gval och<a href=\"https:\/\/scf.se\/trial\/forberedelserna-ar-gjorda-nu-startar-svt-sant-vm-i-trial\/\" class=\"news-card__more\"> &#8230;<\/a><\/p>\n","protected":false},"author":41,"featured_media":1570,"comment_status":"open","ping_status":"open","sticky":false,"template":"","format":"standard","meta":{"_acf_changed":false,"footnotes":""},"categories":[1],"tags":[],"class_list":["post-1568","post","type-post","status-publish","format-standard","hentry","category-trial"],"acf":[],"_links":{"self":[{"href":"https:\/\/scf.se\/trial\/wp-json\/wp\/v2\/posts\/1568","targetHints":{"allow":["GET"]}}],"collection":[{"href":"https:\/\/scf.se\/trial\/wp-json\/wp\/v2\/posts"}],"about":[{"href":"https:\/\/scf.se\/trial\/wp-json\/wp\/v2\/types\/post"}],"author":[{"embeddable":true,"href":"https:\/\/scf.se\/trial\/wp-json\/wp\/v2\/users\/41"}],"replies":[{"embeddable":true,"href":"https:\/\/scf.se\/trial\/wp-json\/wp\/v2\/comments?post=1568"}],"version-history":[{"count":0,"href":"https:\/\/scf.se\/trial\/wp-json\/wp\/v2\/posts\/1568\/revisions"}],"wp:featuredmedia":[{"embeddable":true,"href":"https:\/\/scf.se\/trial\/wp-json\/wp\/v2\/media\/1570"}],"wp:attachment":[{"href":"https:\/\/scf.se\/trial\/wp-json\/wp\/v2\/media?parent=1568"}],"wp:term":[{"taxonomy":"category","embeddable":true,"href":"https:\/\/scf.se\/trial\/wp-json\/wp\/v2\/categories?post=1568"},{"taxonomy":"post_tag","embeddable":true,"href":"https:\/\/scf.se\/trial\/wp-json\/wp\/v2\/tags?post=1568"}],"curies":[{"name":"wp","href":"https:\/\/api.w.org\/{rel}","templated":true}]}}