
{"id":1557,"date":"2023-07-24T08:43:57","date_gmt":"2023-07-24T06:43:57","guid":{"rendered":"http:\/\/scf.se\/trial\/?p=1557"},"modified":"2023-07-24T09:02:26","modified_gmt":"2023-07-24T07:02:26","slug":"bra-insatser-av-svensk-trio-pa-varldscupen-nu-vantar-vm","status":"publish","type":"post","link":"https:\/\/scf.se\/trial\/bra-insatser-av-svensk-trio-pa-varldscupen-nu-vantar-vm\/","title":{"rendered":"Fina insatser av svenska trion p\u00e5 v\u00e4rldscupen \u2013 fem \u00e5kare till VM"},"content":{"rendered":"<p><strong>Hela v\u00e4rldseliten var p\u00e5 plats i \u00e5rets andra trialv\u00e4rldscup, som gick i franska Plouec-sur-Lie, Bretagne. Sverige startade med en \u00e5kare i varje klass: Hilda Andersson slutade nia i damelit, Alexander Karlsson och Ludvig Andersson var n\u00e4ra semi i 26- respektive 20-tumsklassen i herrelit.<\/strong><\/p>\n<p>Hilda Andersson fr\u00e5n Arvika IS \u00e4r egentligen junior men slutade nia i damelitklassen och hade n\u00e5tt final med marginal utan en nollpo\u00e4ngare.\u00a0 Niv\u00e5n finns verkligen d\u00e4r f\u00f6r Hilda som var trea b\u00e5de i v\u00e4rldscupen och p\u00e5 VM i Abu Dhabi f\u00f6rra \u00e5ret och \u00e4ven nu h\u00e4ngde med toppskiktet som bombade in maximala 60 p\u00e5 de flesta stationerna.<\/p>\n<a href=\"https:\/\/scf.se\/trial\/wp-content\/uploads\/sites\/8\/2023\/07\/VCtrial8.jpg\"><img loading=\"lazy\" decoding=\"async\" class=\"alignnone size-full wp-image-1559\" src=\"https:\/\/scf.se\/trial\/wp-content\/uploads\/sites\/8\/2023\/07\/VCtrial8.jpg\" alt=\"\" width=\"1511\" height=\"1705\" srcset=\"https:\/\/scf.se\/trial\/wp-content\/uploads\/sites\/8\/2023\/07\/VCtrial8.jpg 1511w, https:\/\/scf.se\/trial\/wp-content\/uploads\/sites\/8\/2023\/07\/VCtrial8-266x300.jpg 266w, https:\/\/scf.se\/trial\/wp-content\/uploads\/sites\/8\/2023\/07\/VCtrial8-907x1024.jpg 907w, https:\/\/scf.se\/trial\/wp-content\/uploads\/sites\/8\/2023\/07\/VCtrial8-768x867.jpg 768w, https:\/\/scf.se\/trial\/wp-content\/uploads\/sites\/8\/2023\/07\/VCtrial8-1361x1536.jpg 1361w\" sizes=\"auto, (max-width: 1511px) 100vw, 1511px\" \/><\/a> <a href=\"https:\/\/scf.se\/trial\/wp-content\/uploads\/sites\/8\/2023\/07\/VCtrial6.jpg\"><img loading=\"lazy\" decoding=\"async\" class=\"alignnone size-full wp-image-1561\" src=\"https:\/\/scf.se\/trial\/wp-content\/uploads\/sites\/8\/2023\/07\/VCtrial6.jpg\" alt=\"\" width=\"1510\" height=\"1818\" srcset=\"https:\/\/scf.se\/trial\/wp-content\/uploads\/sites\/8\/2023\/07\/VCtrial6.jpg 1510w, https:\/\/scf.se\/trial\/wp-content\/uploads\/sites\/8\/2023\/07\/VCtrial6-249x300.jpg 249w, https:\/\/scf.se\/trial\/wp-content\/uploads\/sites\/8\/2023\/07\/VCtrial6-851x1024.jpg 851w, https:\/\/scf.se\/trial\/wp-content\/uploads\/sites\/8\/2023\/07\/VCtrial6-768x925.jpg 768w, https:\/\/scf.se\/trial\/wp-content\/uploads\/sites\/8\/2023\/07\/VCtrial6-1276x1536.jpg 1276w\" sizes=\"auto, (max-width: 1510px) 100vw, 1510px\" \/><\/a> <a href=\"https:\/\/scf.se\/trial\/wp-content\/uploads\/sites\/8\/2023\/07\/VCtrial7.jpg\"><img loading=\"lazy\" decoding=\"async\" class=\"alignnone size-full wp-image-1560\" src=\"https:\/\/scf.se\/trial\/wp-content\/uploads\/sites\/8\/2023\/07\/VCtrial7.jpg\" alt=\"\" width=\"1511\" height=\"1889\" srcset=\"https:\/\/scf.se\/trial\/wp-content\/uploads\/sites\/8\/2023\/07\/VCtrial7.jpg 1511w, https:\/\/scf.se\/trial\/wp-content\/uploads\/sites\/8\/2023\/07\/VCtrial7-240x300.jpg 240w, https:\/\/scf.se\/trial\/wp-content\/uploads\/sites\/8\/2023\/07\/VCtrial7-819x1024.jpg 819w, https:\/\/scf.se\/trial\/wp-content\/uploads\/sites\/8\/2023\/07\/VCtrial7-768x960.jpg 768w, https:\/\/scf.se\/trial\/wp-content\/uploads\/sites\/8\/2023\/07\/VCtrial7-1229x1536.jpg 1229w\" sizes=\"auto, (max-width: 1511px) 100vw, 1511px\" \/><\/a>\n<p>I finalen var Vera Baron starkast, utmanades av spanska lagkompisen Alba Riera \u2013 medan tyskan Nina Reichenbach som imponerade stort fram till final var trea.<\/p>\n<a href=\"https:\/\/scf.se\/trial\/wp-content\/uploads\/sites\/8\/2023\/07\/VCtrial3.jpg\"><img loading=\"lazy\" decoding=\"async\" class=\"alignnone size-full wp-image-1564\" src=\"https:\/\/scf.se\/trial\/wp-content\/uploads\/sites\/8\/2023\/07\/VCtrial3.jpg\" alt=\"\" width=\"1511\" height=\"1656\" srcset=\"https:\/\/scf.se\/trial\/wp-content\/uploads\/sites\/8\/2023\/07\/VCtrial3.jpg 1511w, https:\/\/scf.se\/trial\/wp-content\/uploads\/sites\/8\/2023\/07\/VCtrial3-274x300.jpg 274w, https:\/\/scf.se\/trial\/wp-content\/uploads\/sites\/8\/2023\/07\/VCtrial3-934x1024.jpg 934w, https:\/\/scf.se\/trial\/wp-content\/uploads\/sites\/8\/2023\/07\/VCtrial3-768x842.jpg 768w, https:\/\/scf.se\/trial\/wp-content\/uploads\/sites\/8\/2023\/07\/VCtrial3-1402x1536.jpg 1402w\" sizes=\"auto, (max-width: 1511px) 100vw, 1511px\" \/><\/a>\u00a0<a href=\"https:\/\/scf.se\/trial\/wp-content\/uploads\/sites\/8\/2023\/07\/VCtrial9.jpg\"><img loading=\"lazy\" decoding=\"async\" class=\"alignnone size-full wp-image-1558\" src=\"https:\/\/scf.se\/trial\/wp-content\/uploads\/sites\/8\/2023\/07\/VCtrial9.jpg\" alt=\"\" width=\"1511\" height=\"1675\" srcset=\"https:\/\/scf.se\/trial\/wp-content\/uploads\/sites\/8\/2023\/07\/VCtrial9.jpg 1511w, https:\/\/scf.se\/trial\/wp-content\/uploads\/sites\/8\/2023\/07\/VCtrial9-271x300.jpg 271w, https:\/\/scf.se\/trial\/wp-content\/uploads\/sites\/8\/2023\/07\/VCtrial9-924x1024.jpg 924w, https:\/\/scf.se\/trial\/wp-content\/uploads\/sites\/8\/2023\/07\/VCtrial9-768x851.jpg 768w, https:\/\/scf.se\/trial\/wp-content\/uploads\/sites\/8\/2023\/07\/VCtrial9-1386x1536.jpg 1386w\" sizes=\"auto, (max-width: 1511px) 100vw, 1511px\" \/><\/a>\n<a href=\"https:\/\/scf.se\/trial\/wp-content\/uploads\/sites\/8\/2023\/07\/VCtrial4.jpg\"><img loading=\"lazy\" decoding=\"async\" class=\"alignnone size-full wp-image-1563\" src=\"https:\/\/scf.se\/trial\/wp-content\/uploads\/sites\/8\/2023\/07\/VCtrial4.jpg\" alt=\"\" width=\"1512\" height=\"1420\" srcset=\"https:\/\/scf.se\/trial\/wp-content\/uploads\/sites\/8\/2023\/07\/VCtrial4.jpg 1512w, https:\/\/scf.se\/trial\/wp-content\/uploads\/sites\/8\/2023\/07\/VCtrial4-300x282.jpg 300w, https:\/\/scf.se\/trial\/wp-content\/uploads\/sites\/8\/2023\/07\/VCtrial4-1024x962.jpg 1024w, https:\/\/scf.se\/trial\/wp-content\/uploads\/sites\/8\/2023\/07\/VCtrial4-768x721.jpg 768w\" sizes=\"auto, (max-width: 1512px) 100vw, 1512px\" \/><\/a>\n<p>Hildas \u00e4ldre bror, Ludvig Andersson, g\u00f6r sin f\u00f6rsta s\u00e4song som senior och visade inte minst n\u00e4r han vann utomhus-SM p\u00e5 en r\u00e4tt tuff bana i Laholm att han har v\u00e4xt in i klassen. Nu skilde det ynka tio po\u00e4ng f\u00f6r att ta sig vidare till semi. Det blev en v\u00e4ntan p\u00e5 utdelningen av lucky loser-platser men \u00e4ven den cutten gick precis p\u00e5 fel sida f\u00f6r Ludvigs del.<\/p>\n<a href=\"https:\/\/scf.se\/trial\/wp-content\/uploads\/sites\/8\/2023\/07\/VCtrial1.jpg\"><img loading=\"lazy\" decoding=\"async\" class=\"alignnone size-full wp-image-1566\" src=\"https:\/\/scf.se\/trial\/wp-content\/uploads\/sites\/8\/2023\/07\/VCtrial1.jpg\" alt=\"\" width=\"1024\" height=\"1280\" srcset=\"https:\/\/scf.se\/trial\/wp-content\/uploads\/sites\/8\/2023\/07\/VCtrial1.jpg 1024w, https:\/\/scf.se\/trial\/wp-content\/uploads\/sites\/8\/2023\/07\/VCtrial1-240x300.jpg 240w, https:\/\/scf.se\/trial\/wp-content\/uploads\/sites\/8\/2023\/07\/VCtrial1-819x1024.jpg 819w, https:\/\/scf.se\/trial\/wp-content\/uploads\/sites\/8\/2023\/07\/VCtrial1-768x960.jpg 768w\" sizes=\"auto, (max-width: 1024px) 100vw, 1024px\" \/><\/a> <a href=\"https:\/\/scf.se\/trial\/wp-content\/uploads\/sites\/8\/2023\/07\/VCtrial2.jpg\"><img loading=\"lazy\" decoding=\"async\" class=\"alignnone size-full wp-image-1565\" src=\"https:\/\/scf.se\/trial\/wp-content\/uploads\/sites\/8\/2023\/07\/VCtrial2.jpg\" alt=\"\" width=\"1277\" height=\"1280\" srcset=\"https:\/\/scf.se\/trial\/wp-content\/uploads\/sites\/8\/2023\/07\/VCtrial2.jpg 1277w, https:\/\/scf.se\/trial\/wp-content\/uploads\/sites\/8\/2023\/07\/VCtrial2-300x300.jpg 300w, https:\/\/scf.se\/trial\/wp-content\/uploads\/sites\/8\/2023\/07\/VCtrial2-1022x1024.jpg 1022w, https:\/\/scf.se\/trial\/wp-content\/uploads\/sites\/8\/2023\/07\/VCtrial2-150x150.jpg 150w, https:\/\/scf.se\/trial\/wp-content\/uploads\/sites\/8\/2023\/07\/VCtrial2-768x770.jpg 768w\" sizes=\"auto, (max-width: 1277px) 100vw, 1277px\" \/><\/a>\n<p>Alexander Karlsson fr\u00e5n Hawkhills TK k\u00f6rde stabilt men var 40 po\u00e4ng ifr\u00e5n motsvarande kvalgr\u00e4ns i 26-tumsklassen.<\/p>\n<p>S\u00e5 h\u00e4r sammanfattar nya f\u00f6rbundskaptenen, Lena Alfv\u00e9n, VC-t\u00e4vlingarna i Frankrike f\u00f6r svensk del.<\/p>\n<blockquote><p>&#8221;Kvartsfinalerna f\u00f6r herrarna \u00e4r j\u00e4mna och trots fina resultat fr\u00e5n framf\u00f6r allt Ludvig saknas tio po\u00e4ng f\u00f6r att n\u00e5 semin. Det \u00e4r tight bland \u00e5karna. Hilda k\u00f6r sju helt felfria sektioner. De tre andra sektionerna, som k\u00f6rs med po\u00e4ngavdrag eller tidsavdrag, r\u00e4cker inte fullt till att n\u00e5 finalen d\u00e4r de sex b\u00e4sta i semin startar. Hilda \u00e4r \u00e4nd\u00e5 n\u00f6jd med sina felfria sektioner. Trial-landslaget tar med sig v\u00e4rdefulla erfarenheter till n\u00e4sta t\u00e4vling \u2013 VM i Glasgow.\u201d<\/p><\/blockquote>\n<p>SM-tv\u00e5an Rasmus Lid\u00e9n och f\u00f6re detta v\u00e4rldsfemman Joacim Lundgren kompletterar trion som t\u00e4vlade i Frankrike till de stora, samlade VM-t\u00e4vlingarna i Glasgow d\u00e4r delar av trialt\u00e4vlingarna ska s\u00e4ndas av SVT med Nadine K\u00e5mark som expertkommentator. Vi \u00e5terkommer med tider d\u00e4r. Lena Alfv\u00e9n har med andra ord tagit f\u00f6ljande VM-trupp:<\/p>\n<h2>Svenska truppen till VM i Glasgow<\/h2>\n<h3>Damelit<\/h3>\n<ul>\n<li><strong>Hilda Andersson<\/strong>, Arvika IS<\/li>\n<\/ul>\n<h3>Herrelit 26 tum<\/h3>\n<ul>\n<li><strong>Alexander Karlsson<\/strong>, Hawkhills TK<\/li>\n<li><strong>Joacim Lundgren<\/strong>, Partille TK<\/li>\n<\/ul>\n<h3>Herrelit 20 tum<\/h3>\n<ul>\n<li><strong>Ludvig Andersson<\/strong>, Arvika IS<\/li>\n<li><strong>Rasmus Lid\u00e9n<\/strong>, Tranemo CS<\/li>\n<\/ul>\n<p><em>Text: Tomas Larsson\/SCF<br \/>\nFoto: Lena Alfv\u00e9n\/SCF<\/em><\/p>\n<hr \/>\n<p><em><strong>Svenska Cykelf\u00f6rbundet \u00e4r stolta \u00f6ver att presentera v\u00e5ra samarbetspartners. Tack vare dessa fantastiska f\u00f6retag kan v\u00e5ra cyklister oftare ta sig l\u00e4ngre ut i v\u00e4rlden.<\/strong><\/em><\/p>\n<h2><a href=\"https:\/\/scf.se\/forbundet\/sponsorer\/\"><img loading=\"lazy\" decoding=\"async\" class=\"alignnone size-full wp-image-3872\" src=\"https:\/\/scf.se\/landsvag\/wp-content\/uploads\/sites\/5\/2023\/02\/LiggandeBannerNyheterHemsida2023.png\" alt=\"\" width=\"1200\" height=\"200\" \/><\/a><\/h2>\n<p>&nbsp;<\/p>\n","protected":false},"excerpt":{"rendered":"<p>Hela v\u00e4rldseliten var p\u00e5 plats i \u00e5rets andra trialv\u00e4rldscup, som gick i franska Plouec-sur-Lie, Bretagne. Sverige startade med en \u00e5kare i varje klass: Hilda Andersson slutade nia i damelit, Alexander Karlsson och Ludvig Andersson var n\u00e4ra semi i 26- respektive 20-tumsklassen i herrelit. Hilda Andersson fr\u00e5n Arvika IS \u00e4r egentligen junior men slutade nia<a href=\"https:\/\/scf.se\/trial\/bra-insatser-av-svensk-trio-pa-varldscupen-nu-vantar-vm\/\" class=\"news-card__more\"> &#8230;<\/a><\/p>\n","protected":false},"author":41,"featured_media":1562,"comment_status":"open","ping_status":"open","sticky":false,"template":"","format":"standard","meta":{"_acf_changed":false,"footnotes":""},"categories":[1],"tags":[],"class_list":["post-1557","post","type-post","status-publish","format-standard","hentry","category-trial"],"acf":[],"_links":{"self":[{"href":"https:\/\/scf.se\/trial\/wp-json\/wp\/v2\/posts\/1557","targetHints":{"allow":["GET"]}}],"collection":[{"href":"https:\/\/scf.se\/trial\/wp-json\/wp\/v2\/posts"}],"about":[{"href":"https:\/\/scf.se\/trial\/wp-json\/wp\/v2\/types\/post"}],"author":[{"embeddable":true,"href":"https:\/\/scf.se\/trial\/wp-json\/wp\/v2\/users\/41"}],"replies":[{"embeddable":true,"href":"https:\/\/scf.se\/trial\/wp-json\/wp\/v2\/comments?post=1557"}],"version-history":[{"count":0,"href":"https:\/\/scf.se\/trial\/wp-json\/wp\/v2\/posts\/1557\/revisions"}],"wp:featuredmedia":[{"embeddable":true,"href":"https:\/\/scf.se\/trial\/wp-json\/wp\/v2\/media\/1562"}],"wp:attachment":[{"href":"https:\/\/scf.se\/trial\/wp-json\/wp\/v2\/media?parent=1557"}],"wp:term":[{"taxonomy":"category","embeddable":true,"href":"https:\/\/scf.se\/trial\/wp-json\/wp\/v2\/categories?post=1557"},{"taxonomy":"post_tag","embeddable":true,"href":"https:\/\/scf.se\/trial\/wp-json\/wp\/v2\/tags?post=1557"}],"curies":[{"name":"wp","href":"https:\/\/api.w.org\/{rel}","templated":true}]}}