
{"id":1511,"date":"2023-06-14T16:42:33","date_gmt":"2023-06-14T14:42:33","guid":{"rendered":"http:\/\/scf.se\/trial\/?p=1511"},"modified":"2023-06-15T09:23:29","modified_gmt":"2023-06-15T07:23:29","slug":"alexander-karlsson-tar-sikte-pa-att-forsvara-sm-guld-hemma-i-laholm","status":"publish","type":"post","link":"https:\/\/scf.se\/trial\/alexander-karlsson-tar-sikte-pa-att-forsvara-sm-guld-hemma-i-laholm\/","title":{"rendered":"Alexander Karlsson tar sikte p\u00e5 att f\u00f6rsvara SM-guld hemma i Laholm"},"content":{"rendered":"<p><strong>Den goda trenden att ta sporter som cykeltrial till publiken i st\u00e4llet f\u00f6r tv\u00e4rt om forts\u00e4tter. N\u00e4r Hawkhills Trialklubb arrangerar utomhus-SM p\u00e5 l\u00f6rdag \u00e4r arenan Stortorget i Laholm. Bra d\u00e5 att en av guldfavoriterna kommer fr\u00e5n arrang\u00f6rsklubben Hawkhills i form av de senaste \u00e5rens svenska utomhusm\u00e4stare Alexander Karlsson.<\/strong><\/p>\n<p>F\u00f6rra \u00e5ret gjorde Tranemo CS samma grej och vi s\u00e5g exempelvis v\u00e4rldscupavslutningen f\u00f6rra \u00e5ret i centrala K\u00f6penhamn. SM paras i den lokala marknadsf\u00f6ringen exempelvis ihop med Lagankalaset p\u00e5 H\u00e4sttorget invid f\u00f6r att f\u00e5 gemensamma bes\u00f6kare.<\/p>\n<blockquote><p>&#8221;Numera g\u00e5r n\u00e4stan alla t\u00e4vlingar p\u00e5 v\u00e4rldscupniv\u00e5 i de centrala delarna av st\u00e4derna d\u00e4r det finns publik och d\u00e4r man bygger konstgjorda hinder. Jag \u00e4r helt \u00f6vertygad om att det \u00e4r sportens framtid. Och det \u00e4r ju mycket roligare f\u00f6r oss cyklister. Det ger ett HELT ANNAT fl\u00f6de av publik vilket \u00e4r n\u00f6dv\u00e4ndigt om sporten ska v\u00e4xa&#8221;, s\u00e4ger Alexander Karlsson.<\/p>\n<p>&#8221;Sedan r\u00f6r det sig ju ocks\u00e5 om en helt annan arbetsinsats f\u00f6r att arrangera en SM-t\u00e4vling, men jag tycker att vi har f\u00e5tt till en varierad bana.&#8221;<\/p><\/blockquote>\n<p>Det kommer bland annat att dyka upp en sektion med lastbilsflak men det \u00e4r mycket material att sl\u00e4pa in p\u00e5 torget. Allt fr\u00e5n betongringar till stockar och lastpallar. Sedamn en och fyr tum fyra-regel att balansera p\u00e5. Mycket att sl\u00e4pa in och h\u00e5lla reda p\u00e5.<\/p>\n<blockquote><p>&#8221;Mitt jobb blir att se till att det hamnar p\u00e5 en bra niv\u00e5, inte f\u00e5r l\u00e4tt och inte alldeles f\u00f6r sv\u00e5rt.&#8221;<\/p><\/blockquote>\n<h2>S\u00e5 k\u00f6rs trial-SM i Laholm<\/h2>\n<ul>\n<li><strong>Plats:<\/strong> Stortorget i Laholm.<\/li>\n<li><strong>Star<\/strong>t: 11.30.<\/li>\n<li><strong>S\u00e5 k\u00f6rs t\u00e4vlingen:<\/strong> Tre varv med samma fem sektioner. Efter andra varvet v\u00e4ntas alla \u00e5kare in innan tredje varvet.\u00a0D\u00e5 k\u00f6r alla \u00e5kare sektion 1 i omv\u00e4nd turordning och n\u00e4r alla \u00e4r klara k\u00f6r alla \u00e5kare sektion 2 och s\u00e5 vidare.<\/li>\n<li><strong>Prisutdelning:<\/strong> Runt 14.30.<\/li>\n<\/ul>\n<a href=\"https:\/\/scf.se\/trial\/wp-content\/uploads\/sites\/8\/2023\/02\/Alexander3.jpg\"><img loading=\"lazy\" decoding=\"async\" class=\"alignnone size-full wp-image-1457\" src=\"https:\/\/scf.se\/trial\/wp-content\/uploads\/sites\/8\/2023\/02\/Alexander3.jpg\" alt=\"\" width=\"1588\" height=\"1131\" srcset=\"https:\/\/scf.se\/trial\/wp-content\/uploads\/sites\/8\/2023\/02\/Alexander3.jpg 1588w, https:\/\/scf.se\/trial\/wp-content\/uploads\/sites\/8\/2023\/02\/Alexander3-300x214.jpg 300w, https:\/\/scf.se\/trial\/wp-content\/uploads\/sites\/8\/2023\/02\/Alexander3-1024x729.jpg 1024w, https:\/\/scf.se\/trial\/wp-content\/uploads\/sites\/8\/2023\/02\/Alexander3-768x547.jpg 768w, https:\/\/scf.se\/trial\/wp-content\/uploads\/sites\/8\/2023\/02\/Alexander3-1536x1094.jpg 1536w\" sizes=\"auto, (max-width: 1588px) 100vw, 1588px\" \/><\/a>\n<p>Givetvis blir det lite mycket att b\u00e5de finnas med som arrang\u00f6r och att f\u00f6rs\u00f6ka ordna ett nytt SM-guld, men Alexander Karlsson ser fram emot att t\u00e4vla p\u00e5 hemmaplan \u2013 p\u00e5 en ny cykel.<\/p>\n<blockquote><p>&#8221;Det ska bli j\u00e4ttekul och \u00e5km\u00e4ssigt k\u00e4nns det \u00f6verlag bra. En uppdaterad modell av min gamla cykel har inneburit ett litet lyft. Den \u00e4r lite stabilare och mera vridstyv, vilket m\u00e4rks mest n\u00e4r jag h\u00e4nger och krokar fast i n\u00e5gonting \u2013 det flexar inte alls lika mycket. Men \u00e4ven vid varje landning svarar materialet mycket mer s\u00e5 det blir inte lika gungigt&#8221;, s\u00e4ger Alexander Karlsson.<\/p><\/blockquote>\n<p>Den positiva k\u00e4nslan ger en trygghet att hitta precisionen och en kick inf\u00f6r resten av s\u00e4songen som bland annat inneh\u00e5ller ett rej\u00e4lt stort samlat VM i Glasgow i b\u00f6rjan av augusti.<\/p>\n<blockquote><p>&#8221;Jag har inte ens t\u00e4nkt p\u00e5 att det \u00e4r ett st\u00f6rre VM \u00e4n vanligt. Jag har faktiskt aldrig varit i Storbritannien \u00f6verhuvudtaget s\u00e5 jag ser fram emot v\u00e4ldigt mycket att bara komma dit och sedan f\u00e5 t\u00e4vla p\u00e5 VM&#8221;, s\u00e4ger Alexander Karlsson som tidigare \u00e5r har f\u00e5tt \u00e5ka till Kina och och nu senast F\u00f6renade Arabemiraten f\u00f6r att t\u00e4vla p\u00e5 VM.<\/p><\/blockquote>\n<p>Han vann var v\u00e4ldigt n\u00f6jd efter att ha vunnit inomhus-SM i samband med SM-vecka vinter i Sk\u00f6vde. N\u00e4r det g\u00e4ller utomhus- SM har Alexander Karlsson vunnit de tre senaste \u00e5ren.<\/p>\n<p>De senaste att sl\u00e5 honom \u00e4r paret som blev lite tv-k\u00e4ndisar i TV4:s Talang. 2019 vann Tranemos Rasmus Lid\u00e9n n\u00e4r han gjorde f\u00f6rsta \u00e5ret som senior. Inomhus och 2021 i Pite\u00e5 segrade d\u00e5varande junioren Ludvig Andersson fr\u00e5n Arvika IS.<\/p>\n<a href=\"https:\/\/scf.se\/trial\/wp-content\/uploads\/sites\/8\/2023\/06\/pgm1020199085301_mez_6489d0620838a.jpg\"><img loading=\"lazy\" decoding=\"async\" class=\"alignnone size-full wp-image-1514\" src=\"https:\/\/scf.se\/trial\/wp-content\/uploads\/sites\/8\/2023\/06\/pgm1020199085301_mez_6489d0620838a.jpg\" alt=\"\" width=\"1920\" height=\"1080\" srcset=\"https:\/\/scf.se\/trial\/wp-content\/uploads\/sites\/8\/2023\/06\/pgm1020199085301_mez_6489d0620838a.jpg 1920w, https:\/\/scf.se\/trial\/wp-content\/uploads\/sites\/8\/2023\/06\/pgm1020199085301_mez_6489d0620838a-300x169.jpg 300w, https:\/\/scf.se\/trial\/wp-content\/uploads\/sites\/8\/2023\/06\/pgm1020199085301_mez_6489d0620838a-1024x576.jpg 1024w, https:\/\/scf.se\/trial\/wp-content\/uploads\/sites\/8\/2023\/06\/pgm1020199085301_mez_6489d0620838a-768x432.jpg 768w, https:\/\/scf.se\/trial\/wp-content\/uploads\/sites\/8\/2023\/06\/pgm1020199085301_mez_6489d0620838a-1536x864.jpg 1536w\" sizes=\"auto, (max-width: 1920px) 100vw, 1920px\" \/><\/a>\n<p>B\u00e5de Ludvig och Rasmus utmanar Alexander i kampen om SM-medaljerna i Laholm medan sportens tidigare st\u00f6rsta stj\u00e4rna p\u00e5 herrsidan, Joacim Lundgren, inte \u00e4r anm\u00e4ld.<\/p>\n<p>Synd att det av allt att d\u00f6ma blir s\u00e5 att VM-bronsmedalj\u00f6ren och unga supertalangen Hilda Andersson blir ensam i damelit. Men fem cyklister i herrelit i alla fall i denna cykelgren d\u00e4r toppen \u00e4r vass och bredden tunn.<\/p>\n<blockquote><p>&#8221;Kul \u00e4nd\u00e5 att det har tillkommit n\u00e5gra nya namn och att det blir en hel prispall i juniorklassen&#8221;, inflikar Alexander, som exempelvis har tre yngre klubbkompisar\u00a0 fr\u00e5n Hawkhills med p\u00e5 SM.<\/p><\/blockquote>\n<h2>H\u00e4r \u00e4r de anm\u00e4lda till trial-SM i Laholm<\/h2>\n<h3>Herrelit<\/h3>\n<ul>\n<li><strong>Ludvig Andersson<\/strong>, <span class=\"pull-right label label-default\" data-bind=\"text: F\u00f6rening\">Arvika Idrottss\u00e4llskap<\/span><\/li>\n<li><strong>Alexander Karlsson<\/strong>, Hawkhills Trialklubb<\/li>\n<li><strong>Rasmus Lid\u00e9n<\/strong>, Tranemo Cykels\u00e4llskap<\/li>\n<li><strong>Jakob Nilsson<\/strong>, Hawkhills Trialklubb<\/li>\n<li><strong>Rasmus Johansson<\/strong>, Hawkhills Trialklubb<\/li>\n<\/ul>\n<h3><a href=\"https:\/\/scf.se\/trial\/wp-content\/uploads\/sites\/8\/2022\/11\/Hilda-a-Tobias-1.jpg\"><img loading=\"lazy\" decoding=\"async\" class=\"alignnone size-full wp-image-1419\" src=\"https:\/\/scf.se\/trial\/wp-content\/uploads\/sites\/8\/2022\/11\/Hilda-a-Tobias-1.jpg\" alt=\"\" width=\"819\" height=\"1365\" srcset=\"https:\/\/scf.se\/trial\/wp-content\/uploads\/sites\/8\/2022\/11\/Hilda-a-Tobias-1.jpg 819w, https:\/\/scf.se\/trial\/wp-content\/uploads\/sites\/8\/2022\/11\/Hilda-a-Tobias-1-180x300.jpg 180w, https:\/\/scf.se\/trial\/wp-content\/uploads\/sites\/8\/2022\/11\/Hilda-a-Tobias-1-614x1024.jpg 614w, https:\/\/scf.se\/trial\/wp-content\/uploads\/sites\/8\/2022\/11\/Hilda-a-Tobias-1-768x1280.jpg 768w\" sizes=\"auto, (max-width: 819px) 100vw, 819px\" \/><\/a><\/h3>\n<h3>Damelit<\/h3>\n<ul>\n<li><strong>Hilda Andersson, <\/strong><span class=\"pull-right label label-default\" data-bind=\"text: F\u00f6rening\">Arvika Idrottss\u00e4llskap<\/span><\/li>\n<\/ul>\n<h3>Herrjunior<\/h3>\n<ul>\n<li><strong> Kasper Waldest\u00e5l<\/strong>, Hawkhills Trialklubb<\/li>\n<li><strong>Holger Johansson<\/strong>, Tranemo Cykels\u00e4llskap<\/li>\n<li><strong>Jonathan Bylund<\/strong>, Hawkhills Trialklubb<\/li>\n<\/ul>\n<p><a href=\"https:\/\/cykel.indta.se\/api\/v1\/bilaga\/790ac72d-4628-41e8-b1a2-862d0c5e5290\/2023_laholm_sm_inbjudan_1_.pdf\"><em><strong>Mera info om utomhus-SM i trial 2023 H\u00c4R!<\/strong> <\/em><\/a><\/p>\n<p><a href=\"https:\/\/cykel.indta.se\/login?returnUrl=\/anvandare\/anmalan\/tavling\/64225\"><strong><em>Efteranm\u00e4lan \u00e4r \u00f6ppen till och med torsdag H\u00c4R!<\/em><\/strong><\/a><\/p>\n<p><em>Text: Tomas Larsson\/SCF<\/em><br \/>\n<em>Foto: Tranemo CS, TV4. och SCF.\u00a0<\/em><\/p>\n<hr \/>\n<p><em><strong>Svenska Cykelf\u00f6rbundet \u00e4r stolta \u00f6ver att presentera v\u00e5ra samarbetspartners. Tack vare dessa fantastiska f\u00f6retag kan v\u00e5ra cyklister oftare ta sig l\u00e4ngre ut i v\u00e4rlden.<\/strong><\/em><\/p>\n<h2><a href=\"https:\/\/scf.se\/forbundet\/sponsorer\/\"><img loading=\"lazy\" decoding=\"async\" class=\"alignnone size-full wp-image-3872\" src=\"https:\/\/scf.se\/landsvag\/wp-content\/uploads\/sites\/5\/2023\/02\/LiggandeBannerNyheterHemsida2023.png\" alt=\"\" width=\"1200\" height=\"200\" \/><\/a><\/h2>\n","protected":false},"excerpt":{"rendered":"<p>Den goda trenden att ta sporter som cykeltrial till publiken i st\u00e4llet f\u00f6r tv\u00e4rt om forts\u00e4tter. N\u00e4r Hawkhills Trialklubb arrangerar utomhus-SM p\u00e5 l\u00f6rdag \u00e4r arenan Stortorget i Laholm. Bra d\u00e5 att en av guldfavoriterna kommer fr\u00e5n arrang\u00f6rsklubben Hawkhills i form av de senaste \u00e5rens svenska utomhusm\u00e4stare Alexander Karlsson. F\u00f6rra \u00e5ret gjorde Tranemo CS samma<a href=\"https:\/\/scf.se\/trial\/alexander-karlsson-tar-sikte-pa-att-forsvara-sm-guld-hemma-i-laholm\/\" class=\"news-card__more\"> &#8230;<\/a><\/p>\n","protected":false},"author":41,"featured_media":1377,"comment_status":"open","ping_status":"open","sticky":false,"template":"","format":"standard","meta":{"_acf_changed":false,"footnotes":""},"categories":[1],"tags":[],"class_list":["post-1511","post","type-post","status-publish","format-standard","hentry","category-trial"],"acf":[],"_links":{"self":[{"href":"https:\/\/scf.se\/trial\/wp-json\/wp\/v2\/posts\/1511","targetHints":{"allow":["GET"]}}],"collection":[{"href":"https:\/\/scf.se\/trial\/wp-json\/wp\/v2\/posts"}],"about":[{"href":"https:\/\/scf.se\/trial\/wp-json\/wp\/v2\/types\/post"}],"author":[{"embeddable":true,"href":"https:\/\/scf.se\/trial\/wp-json\/wp\/v2\/users\/41"}],"replies":[{"embeddable":true,"href":"https:\/\/scf.se\/trial\/wp-json\/wp\/v2\/comments?post=1511"}],"version-history":[{"count":0,"href":"https:\/\/scf.se\/trial\/wp-json\/wp\/v2\/posts\/1511\/revisions"}],"wp:featuredmedia":[{"embeddable":true,"href":"https:\/\/scf.se\/trial\/wp-json\/wp\/v2\/media\/1377"}],"wp:attachment":[{"href":"https:\/\/scf.se\/trial\/wp-json\/wp\/v2\/media?parent=1511"}],"wp:term":[{"taxonomy":"category","embeddable":true,"href":"https:\/\/scf.se\/trial\/wp-json\/wp\/v2\/categories?post=1511"},{"taxonomy":"post_tag","embeddable":true,"href":"https:\/\/scf.se\/trial\/wp-json\/wp\/v2\/tags?post=1511"}],"curies":[{"name":"wp","href":"https:\/\/api.w.org\/{rel}","templated":true}]}}