
{"id":1509,"date":"2023-05-09T13:16:11","date_gmt":"2023-05-09T11:16:11","guid":{"rendered":"http:\/\/scf.se\/trial\/?p=1509"},"modified":"2023-05-09T13:21:33","modified_gmt":"2023-05-09T11:21:33","slug":"landslagstruppen-i-trial-for-2023-ar-klar-bestar-av-fem-cyklister","status":"publish","type":"post","link":"https:\/\/scf.se\/trial\/landslagstruppen-i-trial-for-2023-ar-klar-bestar-av-fem-cyklister\/","title":{"rendered":"Landslagstruppen i trial f\u00f6r 2023 \u00e4r klar \u2013 best\u00e5r av fem vassa cyklister"},"content":{"rendered":"<p><strong>Nu \u00e4r det klart vilka trialcyklister som finns med i landslaget 2023. Det blir fem vassa cyklister som bland annat har tv\u00e5 \u00e5terst\u00e5ende v\u00e4rldscupt\u00e4vlingar och ett stort VM i Glasgow att ta sikte p\u00e5.\u00a0<\/strong><\/p>\n<h3>Landslaget i trial 2023 best\u00e5r av f\u00f6ljande cyklister<\/h3>\n<ul>\n<li><strong>Hilda Andersson<\/strong>, Arvika IS<\/li>\n<li><strong>Ludvig Andersson<\/strong>, Arvika IS<\/li>\n<li><strong>Rasmus Lid\u00e9n<\/strong>, Tranemo CS<\/li>\n<li><strong>Alexander Karlsson<\/strong>, Hawkhills TK<\/li>\n<li><strong>Joacim Lundgren<\/strong>, Partille TK<\/li>\n<\/ul>\n<p>Nya f\u00f6rbundskaptenen i trial, Lena Alfv\u00e9n, sammanfattar truppl\u00e4get s\u00e5 h\u00e4r inf\u00f6r landslagss\u00e4songen 2023:<\/p>\n<blockquote><p>&#8221;Landslaget i trial 2023 best\u00e5r av ett g\u00e4ng hungriga cyklister som redan under v\u00e5ren visat var sk\u00e5pet ska st\u00e5 i b\u00e5de v\u00e4rldscupsammanhang som i \u00f6vriga internationella t\u00e4vlingar. Det ska bli sp\u00e4nnande att se vad vi kommer att f\u00e5 se under resten av \u00e5ret. VM i Glasgow \u00e4r ju s\u00e5klart en stor och viktig t\u00e4vling, men innan dess v\u00e4ntar b\u00e5de v\u00e4rldscup och SM. H\u00e5ll koll p\u00e5 triallandslaget!&#8221;<\/p><\/blockquote>\n<p>VM i Glasgow, som avg\u00f6rs i augusti, kommer att bli en av de mest prestigefyllda t\u00e4vlingarna i cykeltrial genom tiderna d\u00e5 ett samlat cykel-VM \u00e4r s\u00e5 STORT i sig.<\/p>\n<p>Antalet v\u00e4rldscupt\u00e4vlingar \u00e4r i alla fall en mer \u00e4n f\u00f6rra \u00e5rets tv\u00e5. Vi har redan avklarat den tidiga premi\u00e4ren i spanska trialn\u00e4stet Vic.<\/p>\n<p>I juli \u00e4r det dags f\u00f6r ett bes\u00f6k i Frankrike innan v\u00e4rldscupen, liksom f\u00f6rra \u00e5ret avslutas i Danmark. D\u00e5 var det centrala K\u00f6penhamn. Nu blir det i Aarhus.<\/p>\n<h3>V\u00e4rldscupen trial 2023<\/h3>\n<ul>\n<li><strong>7<\/strong>\u2013<strong>9 april:<\/strong> Vic, Spanien. Hilda Andersson sjua och b\u00e4sta svensk placeringsm\u00e4ssigt. <a href=\"https:\/\/scf.se\/trial\/hilda-andersson-slutade-sjua-pa-tidig-varldscuppremiar-i-katalonien\/\"><em><strong>Reportage och alla resultat fr\u00e5n VC-premi\u00e4ren H\u00c4R!<\/strong><\/em><\/a><\/li>\n<li><strong>21\u201323 juli:\u00a0<\/strong>Ploeuc-l&#8217;Hermitage, Frankrike.<\/li>\n<li><strong>1\u20133 september: <\/strong>Aarhus, Danmark.<\/li>\n<\/ul>\n<p>Vi har redan avklarat inomhus-SM d\u00e4r Alexander Karlsson och Hilda Andersson blev m\u00e4stare och den 17 juni \u00e4r det dags att dela ut m\u00e4startr\u00f6jor i seniorelit dam och herr samt juniorer vid utomhus-SM.<\/p>\n<p>Det \u00e4r i \u00e5r Hawkhills som arrangerar och de tar sporten till publiken i st\u00e4llet f\u00f6r tv\u00e4rt om d\u00e5 t\u00e4vlingarna k\u00f6rs p\u00e5 Stortorget som \u00e4r den centrala m\u00f6tesplatsen i Laholm. Ordinarie anm\u00e4lan g\u00e5r ut den\u00a02 juni.<\/p>\n<p><em>Text: Tomas Larsson\/SCF<\/em><br \/>\n<em>Arkivbild: SCF<\/em><\/p>\n<hr \/>\n<p><em><strong>Svenska Cykelf\u00f6rbundet \u00e4r stolta \u00f6ver att presentera v\u00e5ra samarbetspartners. Tack vare dessa fantastiska f\u00f6retag kan v\u00e5ra cyklister oftare ta sig l\u00e4ngre ut i v\u00e4rlden.<\/strong><\/em><\/p>\n<h2><a href=\"https:\/\/scf.se\/forbundet\/sponsorer\/\"><img loading=\"lazy\" decoding=\"async\" class=\"alignnone size-full wp-image-3872\" src=\"https:\/\/scf.se\/landsvag\/wp-content\/uploads\/sites\/5\/2023\/02\/LiggandeBannerNyheterHemsida2023.png\" alt=\"\" width=\"1200\" height=\"200\" \/><\/a><\/h2>\n","protected":false},"excerpt":{"rendered":"<p>Nu \u00e4r det klart vilka trialcyklister som finns med i landslaget 2023. Det blir fem vassa cyklister som bland annat har tv\u00e5 \u00e5terst\u00e5ende v\u00e4rldscupt\u00e4vlingar och ett stort VM i Glasgow att ta sikte p\u00e5.\u00a0 Landslaget i trial 2023 best\u00e5r av f\u00f6ljande cyklister Hilda Andersson, Arvika IS Ludvig Andersson, Arvika IS Rasmus Lid\u00e9n, Tranemo CS<a href=\"https:\/\/scf.se\/trial\/landslagstruppen-i-trial-for-2023-ar-klar-bestar-av-fem-cyklister\/\" class=\"news-card__more\"> &#8230;<\/a><\/p>\n","protected":false},"author":41,"featured_media":1421,"comment_status":"open","ping_status":"open","sticky":false,"template":"","format":"standard","meta":{"_acf_changed":false,"footnotes":""},"categories":[1],"tags":[],"class_list":["post-1509","post","type-post","status-publish","format-standard","hentry","category-trial"],"acf":[],"_links":{"self":[{"href":"https:\/\/scf.se\/trial\/wp-json\/wp\/v2\/posts\/1509","targetHints":{"allow":["GET"]}}],"collection":[{"href":"https:\/\/scf.se\/trial\/wp-json\/wp\/v2\/posts"}],"about":[{"href":"https:\/\/scf.se\/trial\/wp-json\/wp\/v2\/types\/post"}],"author":[{"embeddable":true,"href":"https:\/\/scf.se\/trial\/wp-json\/wp\/v2\/users\/41"}],"replies":[{"embeddable":true,"href":"https:\/\/scf.se\/trial\/wp-json\/wp\/v2\/comments?post=1509"}],"version-history":[{"count":0,"href":"https:\/\/scf.se\/trial\/wp-json\/wp\/v2\/posts\/1509\/revisions"}],"wp:featuredmedia":[{"embeddable":true,"href":"https:\/\/scf.se\/trial\/wp-json\/wp\/v2\/media\/1421"}],"wp:attachment":[{"href":"https:\/\/scf.se\/trial\/wp-json\/wp\/v2\/media?parent=1509"}],"wp:term":[{"taxonomy":"category","embeddable":true,"href":"https:\/\/scf.se\/trial\/wp-json\/wp\/v2\/categories?post=1509"},{"taxonomy":"post_tag","embeddable":true,"href":"https:\/\/scf.se\/trial\/wp-json\/wp\/v2\/tags?post=1509"}],"curies":[{"name":"wp","href":"https:\/\/api.w.org\/{rel}","templated":true}]}}