
{"id":1499,"date":"2023-04-20T16:41:53","date_gmt":"2023-04-20T14:41:53","guid":{"rendered":"http:\/\/scf.se\/trial\/?p=1499"},"modified":"2023-04-20T17:19:45","modified_gmt":"2023-04-20T15:19:45","slug":"lena-alfven-ar-tillbaka-pa-scf-nu-som-forbundskapten-for-landslag-trial","status":"publish","type":"post","link":"https:\/\/scf.se\/trial\/lena-alfven-ar-tillbaka-pa-scf-nu-som-forbundskapten-for-landslag-trial\/","title":{"rendered":"Lena Alfv\u00e9n \u00e4r tillbaka p\u00e5 SCF \u2013 som f\u00f6rbundskapten f\u00f6r landslag trial"},"content":{"rendered":"<p><strong>Nu \u00e4r det klart vem som ers\u00e4tter Mats Hult efter hans framg\u00e5ngsrika \u00e5r som f\u00f6rbundskapten f\u00f6r triallandslaget. F\u00f6rre generalsekreteraren Lena Alfv\u00e9n \u00e4r tillbaka i en operativ roll p\u00e5 Svenska Cykelf\u00f6rbundet. Hon var cyklisternas och grengruppens f\u00f6rstaval och tillf\u00f6r <\/strong><strong>breda kunskaper i s\u00e5v\u00e4l ledarskap som idrottspsykologi.<\/strong><\/p>\n<p>Lena Alfv\u00e9n var generalsekreterare i Svenska Cykelf\u00f6rbundet under \u00e5ren 2013\u20132017.<\/p>\n<blockquote><p>&#8221;Vi v\u00e4lkomnar Lena Alfv\u00e9n tillbaka till Svenska Cykelf\u00f6rbundet i en f\u00f6r henne ny roll som f\u00f6rbundskapten trial. Lena har sedan l\u00e5ng tid en v\u00e4l uppbyggd relation med landslag trial och var cyklisternas och grengruppens f\u00f6rstaval till uppdraget. Ut\u00f6ver stora kunskaper om cykelsporten kommer Lena \u00e4ven att kunna st\u00f6tta landslagets cyklister med idrottspsykologi som har blivit en allt viktigare del f\u00f6r cyklisterna. Landslag trial tillsammans med Lena kommer bli sp\u00e4nnande att f\u00f6lja kommande \u00e5r&#8221;, s\u00e4ger Leif Karlsson, generalsekreterare p\u00e5 SCF.<\/p><\/blockquote>\n<p>Lena Alfv\u00e9n \u00e4r en kreativ, driven och nyfiken ledare med mycket erfarenhet av process- och kulturutvecklande arbete inom b\u00e5de n\u00e4ringsliv och offentlig verksamhet.\u00a0 Hon g\u00f6r i dag karri\u00e4r inom F\u00f6rsvarsmakten och \u00e4r \u00e4ven konsult i ett eget bolag &#8221;d\u00e4r sunt f\u00f6rnuft satt i system tillsammans med operativt engagemang och stor passion skapar l\u00e5ngsiktig framg\u00e5ng i vitt skilda branscher&#8221;.<\/p>\n<p>Hon var som generalsekreterare med och introducerade trial som en egen gren i Svenska Cykelf\u00f6rbundet.<\/p>\n<blockquote><p>&#8221;Och jag har inte sl\u00e4ppt kontakten med trialsporten. D\u00e4rf\u00f6r k\u00e4nns det extra roligt med det h\u00e4r uppdraget. Sp\u00e4nnande att vara tillbaka i en operativ roll p\u00e5 Cykelf\u00f6rbundet. Det h\u00e4r ska bli j\u00e4ttekul!&#8221;<\/p><\/blockquote>\n<p>Alfv\u00e9n blev lite \u00f6verraskad n\u00e4r fr\u00e5gan kom.<\/p>\n<blockquote><p>&#8221;Men samtidigt v\u00e4ldigt glad och hedrad.&#8221;<\/p><\/blockquote>\n<p><strong>Vad kan du framf\u00f6r allt tillf\u00f6ra som f\u00f6rbundskapten i triallandslaget?<\/strong><\/p>\n<blockquote><p>&#8221;Forts\u00e4tta att bygga laget. Jag har f\u00f6rst\u00e5tt att det h\u00e4r \u00e4r en grupp som st\u00e5r varandra v\u00e4ldigt n\u00e4ra. De st\u00f6ttar varandra. Det \u00e4r bra och det d\u00e4r vill jag utveckla och g\u00f6ra \u00e4nnu spetsigare. Sedanm\u00e5ste man komma ih\u00e5g att det \u00e4r en individuell idrott. Men med hela laget i ryggen kommer ocks\u00e5 en starkare individuell framg\u00e5ng.&#8221;<\/p><\/blockquote>\n<p>Alfv\u00e9n \u00e4r utbildad idrottspsykologisk r\u00e5dgivare vilket kommer v\u00e4l till pass i triallandslaget d\u00e4r denna bit ofta \u00e4r direkt avg\u00f6rande. Nadine K\u00e5mark, som b\u00e5de landslagscyklist och aktiv medlem i grengrupp trial, lade fram det h\u00e4r f\u00f6rslaget och tryckte just p\u00e5 de kunskaperna \u2013 plus egenskaperna som driven ledare.<\/p>\n<blockquote><p>\u201dJag \u00e4r v\u00e4ldigt glad att Lena tar \u00f6ver som f\u00f6rbundskapten. Jag tror hon \u00e4r helt r\u00e4tt f\u00f6r rollen! Jag ser henne som en j\u00e4ttebra och driven ledare med peppande och positiv attityd. Hon har f\u00f6ljt trial p\u00e5 avst\u00e5nd \u00e4nda sedan vi kom med i Svenska Cykelf\u00f6rbundet 2015. S\u00e5 som jag uppfattat det var det mycket tack vare henne som trial \u00e4r del av SCF. Hon har fina meriter inom psykologi och idrottspsykologi med mera, med mera&#8230;det kommer bli j\u00e4ttesp\u00e4nnande och kul att ha henne som FK f\u00f6r trial\u201d, s\u00e4ger Nadine K\u00e5mark<\/p><\/blockquote>\n<p>Lena Alfv\u00e9n gillar Annie S\u00f6derbergs jobb med laget i rollen som tidigare idrottspsykologisk r\u00e5dgivare.<\/p>\n<blockquote><p>&#8221;Annie S\u00f6derberg har gjort ett fantastiskt arbete med triallandslaget. Hon har framf\u00f6r allt jobbat med varje enskild individ. Inte bara laget. Det vill jag bygga vidare p\u00e5.&#8221;<\/p><\/blockquote>\n<p>Alfv\u00e9n kommer inte bli en f\u00f6rbundskapten som coachar taktik eller g\u00e5r in och petar med tekniska r\u00e5d.<\/p>\n<blockquote><p>&#8221;Det ser jag inte som min direkta uppgift. Den kompetensen finns inom laget och personerna runt omkring. Min uppgift \u00e4r att organisera och utveckla.&#8221;<\/p><\/blockquote>\n<p>Hon har givetvis glatts med triallandslagets framg\u00e5ngar d\u00e4r exempelvis unga Hilda Andersson slutade trea i v\u00e4rldscupen och tog VM-brons i november i Abu Dhabi. Sverige var femma i lagt\u00e4vlingen p\u00e5 VM.<\/p>\n<blockquote><p>&#8221;Jag tycker att de som k\u00f6rde i v\u00e4rldscupstarten nu i Spanien visade styrkebesked. Hilda var sjua, \u00e4r ung och k\u00f6rde j\u00e4ttebra. Vi har ett bra landslag.&#8221;<\/p><\/blockquote>\n<p><em>Text: Tomas Larsson\/SCF<br \/>\nFoto: Privat<\/em><\/p>\n<hr \/>\n<p><em><strong>Svenska Cykelf\u00f6rbundet \u00e4r stolta \u00f6ver att presentera v\u00e5ra samarbetspartners. Tack vare dessa fantastiska f\u00f6retag kan v\u00e5ra cyklister oftare ta sig l\u00e4ngre ut i v\u00e4rlden.<\/strong><\/em><\/p>\n<a href=\"https:\/\/scf.se\/forbundet\/sponsorer\/\"><img loading=\"lazy\" decoding=\"async\" class=\"alignnone size-full wp-image-3872\" src=\"https:\/\/scf.se\/landsvag\/wp-content\/uploads\/sites\/5\/2023\/02\/LiggandeBannerNyheterHemsida2023.png\" alt=\"\" width=\"1200\" height=\"200\" \/><\/a>\n<p>&nbsp;<\/p>\n","protected":false},"excerpt":{"rendered":"<p>Nu \u00e4r det klart vem som ers\u00e4tter Mats Hult efter hans framg\u00e5ngsrika \u00e5r som f\u00f6rbundskapten f\u00f6r triallandslaget. F\u00f6rre generalsekreteraren Lena Alfv\u00e9n \u00e4r tillbaka i en operativ roll p\u00e5 Svenska Cykelf\u00f6rbundet. Hon var cyklisternas och grengruppens f\u00f6rstaval och tillf\u00f6r breda kunskaper i s\u00e5v\u00e4l ledarskap som idrottspsykologi. Lena Alfv\u00e9n var generalsekreterare i Svenska Cykelf\u00f6rbundet under \u00e5ren<a href=\"https:\/\/scf.se\/trial\/lena-alfven-ar-tillbaka-pa-scf-nu-som-forbundskapten-for-landslag-trial\/\" class=\"news-card__more\"> &#8230;<\/a><\/p>\n","protected":false},"author":41,"featured_media":1500,"comment_status":"open","ping_status":"open","sticky":false,"template":"","format":"standard","meta":{"_acf_changed":false,"footnotes":""},"categories":[1],"tags":[],"class_list":["post-1499","post","type-post","status-publish","format-standard","hentry","category-trial"],"acf":[],"_links":{"self":[{"href":"https:\/\/scf.se\/trial\/wp-json\/wp\/v2\/posts\/1499","targetHints":{"allow":["GET"]}}],"collection":[{"href":"https:\/\/scf.se\/trial\/wp-json\/wp\/v2\/posts"}],"about":[{"href":"https:\/\/scf.se\/trial\/wp-json\/wp\/v2\/types\/post"}],"author":[{"embeddable":true,"href":"https:\/\/scf.se\/trial\/wp-json\/wp\/v2\/users\/41"}],"replies":[{"embeddable":true,"href":"https:\/\/scf.se\/trial\/wp-json\/wp\/v2\/comments?post=1499"}],"version-history":[{"count":0,"href":"https:\/\/scf.se\/trial\/wp-json\/wp\/v2\/posts\/1499\/revisions"}],"wp:featuredmedia":[{"embeddable":true,"href":"https:\/\/scf.se\/trial\/wp-json\/wp\/v2\/media\/1500"}],"wp:attachment":[{"href":"https:\/\/scf.se\/trial\/wp-json\/wp\/v2\/media?parent=1499"}],"wp:term":[{"taxonomy":"category","embeddable":true,"href":"https:\/\/scf.se\/trial\/wp-json\/wp\/v2\/categories?post=1499"},{"taxonomy":"post_tag","embeddable":true,"href":"https:\/\/scf.se\/trial\/wp-json\/wp\/v2\/tags?post=1499"}],"curies":[{"name":"wp","href":"https:\/\/api.w.org\/{rel}","templated":true}]}}