
{"id":1473,"date":"2023-02-15T12:14:32","date_gmt":"2023-02-15T11:14:32","guid":{"rendered":"http:\/\/scf.se\/trial\/?p=1473"},"modified":"2023-02-15T16:35:46","modified_gmt":"2023-02-15T15:35:46","slug":"mats-hult-lamnar-over-mycket-framgangsrikt-landslag-i-trial","status":"publish","type":"post","link":"https:\/\/scf.se\/trial\/mats-hult-lamnar-over-mycket-framgangsrikt-landslag-i-trial\/","title":{"rendered":"Avtackade f\u00f6rbundskaptenen Hult l\u00e4mnar \u00f6ver framg\u00e5ngsrikt landslag"},"content":{"rendered":"<p><strong>Mats Hult har blivit avtackad efter en handfull framg\u00e5ngsrika \u00e5r som f\u00f6rbundskapten f\u00f6r trial-landslaget. Det har varit internationella framg\u00e5ngar, b\u00e5de individuellt och i lag. Samtidigt s\u00f6ker vi just nu ers\u00e4ttare till Mats, se nedan!<\/strong><\/p>\n<p>Mats Hult som bor i lilla Svalsta utanf\u00f6r Nyk\u00f6ping tilltr\u00e4de 2017 som f\u00f6rbundskapten f\u00f6r landslaget i cykeltrial.<\/p>\n<p>Sedan dess har svensk trial varit stark b\u00e5de som lag och med individuella stj\u00e4rnor som Nadine K\u00e5mark med ett VM-silver just 2017 och en fj\u00e4rdeplats \u00e5ret efter, Joacim Lundgrens alla internationella topplaceringar \u2013 och s\u00e5 nu senast Hilda Anderssons VM-brons och tredjeplats i v\u00e4rldscupen som 16-\u00e5ring.<\/p>\n<a href=\"https:\/\/scf.se\/trial\/wp-content\/uploads\/sites\/8\/2022\/11\/Hilda-i-gruppen.jpg\"><img loading=\"lazy\" decoding=\"async\" class=\"alignnone size-full wp-image-1409\" src=\"https:\/\/scf.se\/trial\/wp-content\/uploads\/sites\/8\/2022\/11\/Hilda-i-gruppen.jpg\" alt=\"\" width=\"2450\" height=\"2315\" srcset=\"https:\/\/scf.se\/trial\/wp-content\/uploads\/sites\/8\/2022\/11\/Hilda-i-gruppen.jpg 2450w, https:\/\/scf.se\/trial\/wp-content\/uploads\/sites\/8\/2022\/11\/Hilda-i-gruppen-300x283.jpg 300w, https:\/\/scf.se\/trial\/wp-content\/uploads\/sites\/8\/2022\/11\/Hilda-i-gruppen-1024x968.jpg 1024w, https:\/\/scf.se\/trial\/wp-content\/uploads\/sites\/8\/2022\/11\/Hilda-i-gruppen-768x726.jpg 768w, https:\/\/scf.se\/trial\/wp-content\/uploads\/sites\/8\/2022\/11\/Hilda-i-gruppen-1536x1451.jpg 1536w, https:\/\/scf.se\/trial\/wp-content\/uploads\/sites\/8\/2022\/11\/Hilda-i-gruppen-2048x1935.jpg 2048w\" sizes=\"auto, (max-width: 2450px) 100vw, 2450px\" \/><\/a>\n<p>Det har gjorts tr\u00e4ningsresor till Spanien och liknande f\u00f6r att utveckla landslagscyklisterna och landslaget har blivit p\u00e5fallande starkt med tanke p\u00e5 de f\u00e5 som ut\u00f6var sporten i Sverige. Nu senast var Sverige senast femma i VM-lagt\u00e4vlingen, trots att det fattades en cyklist f\u00f6r att ha fullt lag i Abu Dhabi.<\/p>\n<blockquote><p>&#8221;Jag k\u00e4nner v\u00e4l att vi som lag har uppn\u00e5tt ungef\u00e4r det jag ville fr\u00e5n b\u00f6rjan och att det var dags att kliva \u00e5t sidan. Det har tagit mycket tid, men det har varit f\u00f6rbannat roligt. Roligt och l\u00e4rorikt&#8221;, s\u00e4ger Mats Hult efter att ha blivit avtackad av Svenska Cykelf\u00f6rbundets Malin Lindgren Henttonen och Fredrik Kessiakoff.<\/p><\/blockquote>\n<a href=\"https:\/\/scf.se\/trial\/wp-content\/uploads\/sites\/8\/2023\/02\/Mats-Hult1-scaled.jpg\"><img loading=\"lazy\" decoding=\"async\" class=\"alignnone size-full wp-image-1476\" src=\"https:\/\/scf.se\/trial\/wp-content\/uploads\/sites\/8\/2023\/02\/Mats-Hult1-scaled.jpg\" alt=\"\" width=\"2560\" height=\"1768\" srcset=\"https:\/\/scf.se\/trial\/wp-content\/uploads\/sites\/8\/2023\/02\/Mats-Hult1-scaled.jpg 2560w, https:\/\/scf.se\/trial\/wp-content\/uploads\/sites\/8\/2023\/02\/Mats-Hult1-300x207.jpg 300w\" sizes=\"auto, (max-width: 2560px) 100vw, 2560px\" \/><\/a>\n<p>Mats har ocks\u00e5 medverkat till att g\u00f6ra cykeltrial till en tv-sport \u00e4ven i Sverige under SM-veckan vinter, nu senast i Sk\u00f6vde d\u00e4r s\u00e5v\u00e4l unga cyklister som syskonen Andersson fr\u00e5n Arvika och lite mera rutinerade som SM-guldmedalj\u00f6ren Alexander Karlsson visade stora kvaliteter.<\/p>\n<div id=\"attachment_1477\" class=\"wp-caption alignnone\" ><a href=\"https:\/\/scf.se\/trial\/wp-content\/uploads\/sites\/8\/2023\/02\/Hult2.jpg\"><img loading=\"lazy\" decoding=\"async\" class=\"size-full wp-image-1477\" src=\"https:\/\/scf.se\/trial\/wp-content\/uploads\/sites\/8\/2023\/02\/Hult2.jpg\" alt=\"\" width=\"1674\" height=\"1413\" srcset=\"https:\/\/scf.se\/trial\/wp-content\/uploads\/sites\/8\/2023\/02\/Hult2.jpg 1674w, https:\/\/scf.se\/trial\/wp-content\/uploads\/sites\/8\/2023\/02\/Hult2-300x253.jpg 300w, https:\/\/scf.se\/trial\/wp-content\/uploads\/sites\/8\/2023\/02\/Hult2-1024x864.jpg 1024w, https:\/\/scf.se\/trial\/wp-content\/uploads\/sites\/8\/2023\/02\/Hult2-768x648.jpg 768w, https:\/\/scf.se\/trial\/wp-content\/uploads\/sites\/8\/2023\/02\/Hult2-1536x1297.jpg 1536w\" sizes=\"auto, (max-width: 1674px) 100vw, 1674px\" \/><\/a><p class=\"wp-caption-text\"><em>Mats Hult lugn och rutinerad i domartagen under inomhus-SM i Sk\u00f6vde.<\/em><\/p><\/div>\n<blockquote><p>&#8221;Det \u00e4r m\u00e5nga som har jobbat f\u00f6r det h\u00e4r, en stor eloge till Marcus (Fr\u00e4nd\u00e9n p\u00e5 Svemo, v\u00e5r anm\u00e4rkning) som bygger det h\u00e4r \u00e5t oss \u00e5r efter \u00e5r. Och det \u00e4r klart att det \u00e4r kul att se s\u00e5 mycket folk p\u00e5 l\u00e4ktarna och tv-tittare. F\u00f6r sporten har det h\u00e4r varit j\u00e4tteviktigt \u2013 och d\u00e4rmed f\u00f6r cyklisterna.&#8221;<\/p><\/blockquote>\n<a href=\"https:\/\/scf.se\/trial\/wp-content\/uploads\/sites\/8\/2023\/02\/Hult-3.jpg\"><img loading=\"lazy\" decoding=\"async\" class=\"alignnone size-full wp-image-1478\" src=\"https:\/\/scf.se\/trial\/wp-content\/uploads\/sites\/8\/2023\/02\/Hult-3.jpg\" alt=\"\" width=\"1923\" height=\"1592\" srcset=\"https:\/\/scf.se\/trial\/wp-content\/uploads\/sites\/8\/2023\/02\/Hult-3.jpg 1923w, https:\/\/scf.se\/trial\/wp-content\/uploads\/sites\/8\/2023\/02\/Hult-3-300x248.jpg 300w, https:\/\/scf.se\/trial\/wp-content\/uploads\/sites\/8\/2023\/02\/Hult-3-1024x848.jpg 1024w, https:\/\/scf.se\/trial\/wp-content\/uploads\/sites\/8\/2023\/02\/Hult-3-768x636.jpg 768w, https:\/\/scf.se\/trial\/wp-content\/uploads\/sites\/8\/2023\/02\/Hult-3-1536x1272.jpg 1536w\" sizes=\"auto, (max-width: 1923px) 100vw, 1923px\" \/><\/a>\n<p>&nbsp;<\/p>\n<p><em><strong>I dag onsdag \u00e4r officiellt sista ans\u00f6kningsdagen f\u00f6r att bli ny f\u00f6rbundskapten och jobba vidare med det landslag som Mats Hult l\u00e4mnar efter sig. Men det g\u00e5r bra att bara l\u00e4mna en intresseanm\u00e4lan s\u00e5 tar vi det fr\u00e5n d\u00e4r. Och grengrupp trial \u00e4r \u00f6ppna f\u00f6r en l\u00f6sning med en driven ledare fr\u00e5n en helt annan sport,<\/strong><a href=\"https:\/\/scf.se\/forbundet\/svenska-cykelforbundet-soker-ny-forbundskapten-for-trial-landslaget\/\"> <strong>mycket<\/strong> <strong>mera om uppdraget som f\u00f6rbundskapten H\u00c4R!<\/strong><\/a><\/em><strong>\u00a0\u00a0<\/strong><\/p>\n<p><em>Text och foto: SCF<\/em><\/p>\n<hr \/>\n<p><em><strong>Svenska Cykelf\u00f6rbundet \u00e4r stolta \u00f6ver att presentera v\u00e5ra samarbetspartners. Tack vare dessa f\u00f6retag kan v\u00e5ra cyklister oftare ta sig l\u00e4ngre ut i v\u00e4rlden och t\u00e4vla.<\/strong><\/em><\/p>\n<a href=\"https:\/\/scf.se\/trial\/wp-content\/uploads\/sites\/8\/2023\/02\/LiggandeBannerNyheterHemsida2023.png\"><img loading=\"lazy\" decoding=\"async\" class=\"alignnone size-full wp-image-1475\" src=\"https:\/\/scf.se\/trial\/wp-content\/uploads\/sites\/8\/2023\/02\/LiggandeBannerNyheterHemsida2023.png\" alt=\"\" width=\"1200\" height=\"200\" srcset=\"https:\/\/scf.se\/trial\/wp-content\/uploads\/sites\/8\/2023\/02\/LiggandeBannerNyheterHemsida2023.png 1200w, https:\/\/scf.se\/trial\/wp-content\/uploads\/sites\/8\/2023\/02\/LiggandeBannerNyheterHemsida2023-300x50.png 300w, https:\/\/scf.se\/trial\/wp-content\/uploads\/sites\/8\/2023\/02\/LiggandeBannerNyheterHemsida2023-1024x171.png 1024w, https:\/\/scf.se\/trial\/wp-content\/uploads\/sites\/8\/2023\/02\/LiggandeBannerNyheterHemsida2023-768x128.png 768w\" sizes=\"auto, (max-width: 1200px) 100vw, 1200px\" \/><\/a>\n","protected":false},"excerpt":{"rendered":"<p>Mats Hult har blivit avtackad efter en handfull framg\u00e5ngsrika \u00e5r som f\u00f6rbundskapten f\u00f6r trial-landslaget. Det har varit internationella framg\u00e5ngar, b\u00e5de individuellt och i lag. Samtidigt s\u00f6ker vi just nu ers\u00e4ttare till Mats, se nedan! Mats Hult som bor i lilla Svalsta utanf\u00f6r Nyk\u00f6ping tilltr\u00e4de 2017 som f\u00f6rbundskapten f\u00f6r landslaget i cykeltrial. Sedan dess har<a href=\"https:\/\/scf.se\/trial\/mats-hult-lamnar-over-mycket-framgangsrikt-landslag-i-trial\/\" class=\"news-card__more\"> &#8230;<\/a><\/p>\n","protected":false},"author":41,"featured_media":1393,"comment_status":"open","ping_status":"open","sticky":false,"template":"","format":"standard","meta":{"_acf_changed":false,"footnotes":""},"categories":[1],"tags":[],"class_list":["post-1473","post","type-post","status-publish","format-standard","hentry","category-trial"],"acf":[],"_links":{"self":[{"href":"https:\/\/scf.se\/trial\/wp-json\/wp\/v2\/posts\/1473","targetHints":{"allow":["GET"]}}],"collection":[{"href":"https:\/\/scf.se\/trial\/wp-json\/wp\/v2\/posts"}],"about":[{"href":"https:\/\/scf.se\/trial\/wp-json\/wp\/v2\/types\/post"}],"author":[{"embeddable":true,"href":"https:\/\/scf.se\/trial\/wp-json\/wp\/v2\/users\/41"}],"replies":[{"embeddable":true,"href":"https:\/\/scf.se\/trial\/wp-json\/wp\/v2\/comments?post=1473"}],"version-history":[{"count":0,"href":"https:\/\/scf.se\/trial\/wp-json\/wp\/v2\/posts\/1473\/revisions"}],"wp:featuredmedia":[{"embeddable":true,"href":"https:\/\/scf.se\/trial\/wp-json\/wp\/v2\/media\/1393"}],"wp:attachment":[{"href":"https:\/\/scf.se\/trial\/wp-json\/wp\/v2\/media?parent=1473"}],"wp:term":[{"taxonomy":"category","embeddable":true,"href":"https:\/\/scf.se\/trial\/wp-json\/wp\/v2\/categories?post=1473"},{"taxonomy":"post_tag","embeddable":true,"href":"https:\/\/scf.se\/trial\/wp-json\/wp\/v2\/tags?post=1473"}],"curies":[{"name":"wp","href":"https:\/\/api.w.org\/{rel}","templated":true}]}}