
{"id":1430,"date":"2023-01-23T11:24:51","date_gmt":"2023-01-23T10:24:51","guid":{"rendered":"http:\/\/scf.se\/trial\/?p=1430"},"modified":"2023-01-23T17:31:59","modified_gmt":"2023-01-23T16:31:59","slug":"vi-forlanger-ansokningstiden-for-forbundskapten-trial-och-soker-brett","status":"publish","type":"post","link":"https:\/\/scf.se\/trial\/vi-forlanger-ansokningstiden-for-forbundskapten-trial-och-soker-brett\/","title":{"rendered":"\u00c4r Du v\u00e5r n\u00e4sta f\u00f6rbundskapten f\u00f6r Trial-landslaget? Vi s\u00f6ker brett nu!"},"content":{"rendered":"<p><strong>Svenska Cykelf\u00f6rbundet s\u00f6ker en ny f\u00f6rbundskapten f\u00f6r Trial, som med arbetsgl\u00e4dje och driv vill vara med och ta svensk Trial ett steg till. <\/strong><strong>Och k\u00e4nn ingen begr\u00e4nsning att skicka in en intresseanm\u00e4lan eller ans\u00f6kan bara f\u00f6r att Du kommer fr\u00e5n en annan cykelgren eller idrott. Vi s\u00f6ker brett, f\u00f6rl\u00e4nger nu ans\u00f6kningstiden <span data-offset-key=\"bbcn7-2-0\">till 19 <\/span><span data-offset-key=\"bbcn7-3-0\">februari <\/span>\u2013 men vill givetvis hitta en l\u00f6sning s\u00e5 snart som m\u00f6jligt.<\/strong><\/p>\n<p>Trial \u00e4r en cykelsport som med Mats Hult som f\u00f6rbundskapten har haft en positiv utveckling med en stark landslagstrupp och medaljer p\u00e5 internationella m\u00e4sterskap. Nu s\u00f6ker vi hans ers\u00e4ttare.<\/p>\n<p>Och vi s\u00f6ker v\u00e4ldigt brett! K\u00e4nn inga begr\u00e4nsningar att s\u00f6ka om du kommer fr\u00e5n en annan cykelsport eller till och med en helt annan idrott. Det \u00e4r drivet att utveckla vi s\u00f6ker. Kunskapen om sporten finns inom grengruppen och hos de redan etablerade landslagscyklisterna, som blir ett fint st\u00f6d om Du kommer fr\u00e5n en annan cykelgren \u2013\u00a0 eller en helt annan sport.<\/p>\n<p>Vi s\u00f6ker helt enkelt dig som vill vara med och utveckla Trial-landslaget men ocks\u00e5 de talanger som \u00e4r p\u00e5 v\u00e4g in.<\/p>\n<p><strong>Om uppdraget<br \/>\n<\/strong><\/p>\n<p>Tj\u00e4nsten \u00e4r ett uppdragsavtal. Tilltr\u00e4de enligt \u00f6verenskommelse, men g\u00e4rna s\u00e5 snart som m\u00f6jligt. Din ans\u00f6kan vill vi ocks\u00e5 ha s\u00e5 snart som m\u00f6jligt. Vi kommer att behandla intresseanm\u00e4lningar och ans\u00f6kningar fortl\u00f6pande men allra senast 19 februari m\u00e5ste vi ha din ans\u00f6kan.<\/p>\n<h3>S\u00e5 s\u00f6ker du tj\u00e4nsten<\/h3>\n<p>Ans\u00f6kan, intresseanm\u00e4lan eller bara fr\u00e5gor skickas per e-post rubricerad \u201dAns\u00f6kan f\u00f6rbundskapten Trial\u201d till v\u00e5r generalsekreterare Leif Karlsson, <strong><a href=\"mailto:leif.karlsson@scf.se\">leif.karlsson@scf.se<\/a>.<\/strong><\/p>\n<ul>\n<li><a href=\"https:\/\/scf.se\/forbundet\/svenska-cykelforbundet-soker-ny-forbundskapten-for-trial-landslaget\/\"><em><strong>L\u00e4s mycket mera om uppdraget som f\u00f6rbundskapten Trial h\u00e4r, observera att nytt sista ans\u00f6kningsdatum \u00e4r 19 februari!<\/strong><\/em><\/a><\/li>\n<\/ul>\n<p><em>Text och foto: SCF<\/em><\/p>\n<hr \/>\n<p><em><strong>Svenska Cykelf\u00f6rbundet \u00e4r stolta \u00f6ver att presentera v\u00e5ra samarbetspartners. Tack vare dessa f\u00f6retag kan v\u00e5ra cyklister oftare ta sig l\u00e4ngre ut i v\u00e4rlden och t\u00e4vla.<\/strong><\/em><\/p>\n<a href=\"https:\/\/scf.se\/mountainbike\/wp-content\/uploads\/sites\/6\/2022\/03\/LiggandeBannerSponsorerHemsida5.jpg\"><img loading=\"lazy\" decoding=\"async\" class=\"alignnone size-full wp-image-2403\" src=\"https:\/\/scf.se\/mountainbike\/wp-content\/uploads\/sites\/6\/2022\/03\/LiggandeBannerSponsorerHemsida5.jpg\" alt=\"\" width=\"1200\" height=\"200\" \/><\/a>\n<p>&nbsp;<\/p>\n","protected":false},"excerpt":{"rendered":"<p>Svenska Cykelf\u00f6rbundet s\u00f6ker en ny f\u00f6rbundskapten f\u00f6r Trial, som med arbetsgl\u00e4dje och driv vill vara med och ta svensk Trial ett steg till. Och k\u00e4nn ingen begr\u00e4nsning att skicka in en intresseanm\u00e4lan eller ans\u00f6kan bara f\u00f6r att Du kommer fr\u00e5n en annan cykelgren eller idrott. Vi s\u00f6ker brett, f\u00f6rl\u00e4nger nu ans\u00f6kningstiden till 19 februari<a href=\"https:\/\/scf.se\/trial\/vi-forlanger-ansokningstiden-for-forbundskapten-trial-och-soker-brett\/\" class=\"news-card__more\"> &#8230;<\/a><\/p>\n","protected":false},"author":41,"featured_media":1351,"comment_status":"open","ping_status":"open","sticky":false,"template":"","format":"standard","meta":{"_acf_changed":false,"footnotes":""},"categories":[1],"tags":[],"class_list":["post-1430","post","type-post","status-publish","format-standard","hentry","category-trial"],"acf":[],"_links":{"self":[{"href":"https:\/\/scf.se\/trial\/wp-json\/wp\/v2\/posts\/1430","targetHints":{"allow":["GET"]}}],"collection":[{"href":"https:\/\/scf.se\/trial\/wp-json\/wp\/v2\/posts"}],"about":[{"href":"https:\/\/scf.se\/trial\/wp-json\/wp\/v2\/types\/post"}],"author":[{"embeddable":true,"href":"https:\/\/scf.se\/trial\/wp-json\/wp\/v2\/users\/41"}],"replies":[{"embeddable":true,"href":"https:\/\/scf.se\/trial\/wp-json\/wp\/v2\/comments?post=1430"}],"version-history":[{"count":0,"href":"https:\/\/scf.se\/trial\/wp-json\/wp\/v2\/posts\/1430\/revisions"}],"wp:featuredmedia":[{"embeddable":true,"href":"https:\/\/scf.se\/trial\/wp-json\/wp\/v2\/media\/1351"}],"wp:attachment":[{"href":"https:\/\/scf.se\/trial\/wp-json\/wp\/v2\/media?parent=1430"}],"wp:term":[{"taxonomy":"category","embeddable":true,"href":"https:\/\/scf.se\/trial\/wp-json\/wp\/v2\/categories?post=1430"},{"taxonomy":"post_tag","embeddable":true,"href":"https:\/\/scf.se\/trial\/wp-json\/wp\/v2\/tags?post=1430"}],"curies":[{"name":"wp","href":"https:\/\/api.w.org\/{rel}","templated":true}]}}