
{"id":1417,"date":"2022-11-16T17:53:27","date_gmt":"2022-11-16T16:53:27","guid":{"rendered":"http:\/\/scf.se\/trial\/?p=1417"},"modified":"2022-11-17T12:45:24","modified_gmt":"2022-11-17T11:45:24","slug":"https-scf-se-trial-hilda-har-landat-efter-vm-succen-det-har-varit-som-en-drom","status":"publish","type":"post","link":"https:\/\/scf.se\/trial\/https-scf-se-trial-hilda-har-landat-efter-vm-succen-det-har-varit-som-en-drom\/","title":{"rendered":"Hilda har landat efter VM-succ\u00e9n: &#8221;Det har varit som en dr\u00f6m&#8221;"},"content":{"rendered":"<p><strong>&#8221;Jag har nog aldrig presterat s\u00e5 h\u00f6gt n\u00e5gon g\u00e5ng, det var min maxniv\u00e5 \u2013 i ett VM. Det k\u00e4ndes j\u00e4ttebra. Overkligt!&#8221; <\/strong><strong>Efter att Hilda Andersson hade firat VM-bronset hemma i lilla Kl\u00e4ssebol s\u00f6der om Arvika fanns det s\u00e5 mycket att njuta av nu n\u00e4r den 16-\u00e5riga trialtalangen f\u00e5r vila ut efter en helt fantastisk s\u00e4song.\u00a0<\/strong><\/p>\n<p>Det \u00e4r allts\u00e5 damelitklassen f\u00f6r v\u00e4rldens b\u00e4sta seniorer det handlar om. F\u00f6rhandsfavoriterna Nina Reichenbach fr\u00e5n Tyskland och Vera Baron, Spanien, var de enda tv\u00e5 som lyckades sl\u00e5 Hilda. B\u00e5da har varit v\u00e4rldsm\u00e4stare och dominerat sporten de senaste \u00e5ren.<\/p>\n<p>Tjeckiskan Eli\u0161ka Hribkova och spanjorskan Irene Caminos stod p\u00e5 samma po\u00e4ng som Hilda inf\u00f6r den allra sista sektionen.<\/p>\n<p>S\u00e5 h\u00e4r sa f\u00f6rbundskaptenen Mats Hult om intrycken kring den d\u00e4r sista rundan d\u00e4r Hilda klarade en sektion mer \u00e4n de andra bronskombattanterna.<\/p>\n<blockquote><p>&#8221;Det var lite motigt i b\u00f6rjan av finalen s\u00e5 det var v\u00e4ldigt starkt att v\u00e4nda p\u00e5 det efter sektion tre; en tuff situation d\u00e4r det var v\u00e4ldigt varmt p\u00e5 ett mjukt underlag d\u00e4r kroppen aldrig fick vila utan jobba hela tiden. Hon hade b\u00e4ddat f\u00f6r bronset genom den upph\u00e4mtningen. Jag \u00e4r oerh\u00f6rt imponerad av att Hilda pallar pressen och lyckas vara b\u00e4st n\u00e4r det verkligen g\u00e4ller. Vid sista stationen gick hon in i det som trea tack vare en maxpo\u00e4ngare mer. Nu var pressen p\u00e5 de andra. Hilda beh\u00f6vde &#8221;bara&#8221; h\u00e5lla sin plan medan konkurrenterna beh\u00f6vde hitta p\u00e5 n\u00e5got mera.&#8221;<\/p><\/blockquote>\n<p>Det var runt 35 grader varmt i skuggan och&#8230;Hilda imponerade stort p\u00e5 alla inklusive tv-kommentorn i klippet nedan n\u00e4r hon klarade vattensektionen galant.<\/p>\n<ul>\n<li><a href=\"https:\/\/www.youtube.com\/watch?v=rMi-KCn_jKQ\"><em><strong>Kolla in tv-s\u00e4ndningen med h\u00f6jdpunkterna fr\u00e5n damernas finaldrama p\u00e5 Youtube H\u00c4R!<\/strong><\/em><\/a><\/li>\n<\/ul>\n<a href=\"https:\/\/scf.se\/trial\/wp-content\/uploads\/sites\/8\/2022\/11\/Hilda-a-Tobias-1.jpg\"><img loading=\"lazy\" decoding=\"async\" class=\"alignnone size-full wp-image-1419\" src=\"https:\/\/scf.se\/trial\/wp-content\/uploads\/sites\/8\/2022\/11\/Hilda-a-Tobias-1.jpg\" alt=\"\" width=\"819\" height=\"1365\" srcset=\"https:\/\/scf.se\/trial\/wp-content\/uploads\/sites\/8\/2022\/11\/Hilda-a-Tobias-1.jpg 819w, https:\/\/scf.se\/trial\/wp-content\/uploads\/sites\/8\/2022\/11\/Hilda-a-Tobias-1-180x300.jpg 180w, https:\/\/scf.se\/trial\/wp-content\/uploads\/sites\/8\/2022\/11\/Hilda-a-Tobias-1-614x1024.jpg 614w, https:\/\/scf.se\/trial\/wp-content\/uploads\/sites\/8\/2022\/11\/Hilda-a-Tobias-1-768x1280.jpg 768w\" sizes=\"auto, (max-width: 819px) 100vw, 819px\" \/><\/a>\n<p>&nbsp;<\/p>\n<p>Hilda \u00e4r bara 16 \u00e5r men har redan varit med om liknande situationer f\u00f6rut, i v\u00e4rldscupen. Nu var underlaget mera kr\u00e4vande. Cyklisterna fick ingen vila. Och s\u00e5 v\u00e4rmen f\u00f6rst\u00e5s&#8230;<\/p>\n<blockquote><p>&#8221;Det \u00e4r klart att det har gett mig erfarenhet p\u00e5 olika vis. Jag kunde absolut inte t\u00e4nka mig att det skulle bli s\u00e5 bra. Skillnaden i k\u00e4nslan nu p\u00e5 VM var v\u00e4l mest v\u00e4rmen. Kvalet gick p\u00e5 kv\u00e4llen och d\u00e5 var det\u00a0 inte j\u00e4ttevarmt. I finalen var det n\u00e5got helt annat. D\u00e5 p\u00e5verkade v\u00e4rmen. Det var sjukt varmt. Men i en final blir det lite mera vila, s\u00e5 det l\u00f6ste sig bra \u00e4nd\u00e5&#8221;, s\u00e4ger Hilda lugnt.<\/p><\/blockquote>\n<p>Hilda s\u00e5g lika cool ut p\u00e5 tv-bilderna n\u00e4r det skulle till att avg\u00f6ras, fast tre cyklister stod p\u00e5 samma po\u00e4ng.<\/p>\n<blockquote><p>&#8221;Egentligen hade jag inte j\u00e4ttebra koll p\u00e5 hur jag l\u00e5g till f\u00f6rr\u00e4n efter\u00e5t, utan ville bara kunna fokusera \u2013 brukar bli b\u00e4st s\u00e5. Men niv\u00e5n var ju h\u00f6jd till finalen s\u00e5 jag \u00e4r sjukt n\u00f6jd med att jag klarade det&#8230;&#8221;<\/p><\/blockquote>\n<p><strong>Det \u00e4r ju s\u00e5 STOR skillnad mellan femteplats och tredje p\u00e5 ett VM \u2013 hur k\u00e4ndes det direkt efter\u00e5t n\u00e4r du hade klarat b\u00e5de balansnumren p\u00e5 hindren ovanf\u00f6r vattenytan och pressen?<\/strong><\/p>\n<blockquote><p>&#8221;Det k\u00e4ndes s\u00e5klart j\u00e4ttebra. Jag hade inte riktigt tagit in att jag f\u00e5tt medalj. Det var overkligt. Och det \u00e4r helt sjukt n\u00e4r jag kollar tillbaka p\u00e5 s\u00e4songen s\u00e5 h\u00e4r efter\u00e5t. Den \u00e4r&#8230;BRA. Jag har varit i toppform vid b\u00e5da tv\u00e5 v\u00e4rldscuperna och p\u00e5 VM. En liten sm\u00e4ll innan K\u00f6penhamn, men det gick \u00f6ver fort \u2013 och annars har jag inte varit varken skadad eller sjuk.<\/p><\/blockquote>\n<div id=\"attachment_1420\" class=\"wp-caption alignnone\" ><a href=\"https:\/\/scf.se\/trial\/wp-content\/uploads\/sites\/8\/2022\/11\/Hilda-av-Leo1.jpg\"><img loading=\"lazy\" decoding=\"async\" class=\"size-full wp-image-1420\" src=\"https:\/\/scf.se\/trial\/wp-content\/uploads\/sites\/8\/2022\/11\/Hilda-av-Leo1.jpg\" alt=\"\" width=\"1366\" height=\"912\" srcset=\"https:\/\/scf.se\/trial\/wp-content\/uploads\/sites\/8\/2022\/11\/Hilda-av-Leo1.jpg 1366w, https:\/\/scf.se\/trial\/wp-content\/uploads\/sites\/8\/2022\/11\/Hilda-av-Leo1-300x200.jpg 300w, https:\/\/scf.se\/trial\/wp-content\/uploads\/sites\/8\/2022\/11\/Hilda-av-Leo1-1024x684.jpg 1024w, https:\/\/scf.se\/trial\/wp-content\/uploads\/sites\/8\/2022\/11\/Hilda-av-Leo1-768x513.jpg 768w\" sizes=\"auto, (max-width: 1366px) 100vw, 1366px\" \/><\/a><p class=\"wp-caption-text\"><em>Hilda Andersson klarade av pressen i den sv\u00e5ra och l\u00e4ckra vattensektionen och b\u00e4rgade VM-bronset i Abu Dhabi.\u00a0 Foto: Leo Zhukov<\/em><\/p><\/div>\n<div id=\"attachment_1337\" class=\"wp-caption alignnone\" ><a href=\"https:\/\/scf.se\/trial\/wp-content\/uploads\/sites\/8\/2022\/05\/VC-trial-Hilda.jpg\"><img loading=\"lazy\" decoding=\"async\" class=\"size-full wp-image-1337\" src=\"https:\/\/scf.se\/trial\/wp-content\/uploads\/sites\/8\/2022\/05\/VC-trial-Hilda.jpg\" alt=\"\" width=\"1170\" height=\"773\" srcset=\"https:\/\/scf.se\/trial\/wp-content\/uploads\/sites\/8\/2022\/05\/VC-trial-Hilda.jpg 1170w, https:\/\/scf.se\/trial\/wp-content\/uploads\/sites\/8\/2022\/05\/VC-trial-Hilda-300x198.jpg 300w, https:\/\/scf.se\/trial\/wp-content\/uploads\/sites\/8\/2022\/05\/VC-trial-Hilda-1024x677.jpg 1024w, https:\/\/scf.se\/trial\/wp-content\/uploads\/sites\/8\/2022\/05\/VC-trial-Hilda-768x507.jpg 768w\" sizes=\"auto, (max-width: 1170px) 100vw, 1170px\" \/><\/a><p class=\"wp-caption-text\"><em>Hilda Andersson var trea p\u00e5 v\u00e4rldscupen i Spanien d\u00e4r det var mera naturliga stationer.<\/em><\/p><\/div>\n<div id=\"attachment_1370\" class=\"wp-caption alignnone\" ><a href=\"https:\/\/scf.se\/trial\/wp-content\/uploads\/sites\/8\/2022\/08\/Hilda1.jpg\"><img loading=\"lazy\" decoding=\"async\" class=\"size-full wp-image-1370\" src=\"https:\/\/scf.se\/trial\/wp-content\/uploads\/sites\/8\/2022\/08\/Hilda1.jpg\" alt=\"\" width=\"1170\" height=\"863\" srcset=\"https:\/\/scf.se\/trial\/wp-content\/uploads\/sites\/8\/2022\/08\/Hilda1.jpg 1170w, https:\/\/scf.se\/trial\/wp-content\/uploads\/sites\/8\/2022\/08\/Hilda1-300x221.jpg 300w, https:\/\/scf.se\/trial\/wp-content\/uploads\/sites\/8\/2022\/08\/Hilda1-1024x755.jpg 1024w, https:\/\/scf.se\/trial\/wp-content\/uploads\/sites\/8\/2022\/08\/Hilda1-768x566.jpg 768w\" sizes=\"auto, (max-width: 1170px) 100vw, 1170px\" \/><\/a><p class=\"wp-caption-text\"><em>Och Hilda ordnade brons \u00e4ven i K\u00f6penhamn d\u00e5 den sammanlagda tredjeplatsen i v\u00e4rldscupen s\u00e4krades. Snacka om komplett s\u00e4song!<\/em><\/p><\/div>\n<p>&nbsp;<\/p>\n<p><strong>Hur firade ni VM-bronset efter medaljutdelningen?<\/strong><\/p>\n<blockquote><p>&#8221;Efter\u00e5t firade vi bara inom laget. Jag \u00e5t massa god mat och glass och chillade vid poolen. Det har varit en fantastisk upplevelse och kul att sporten tog mig till ett st\u00e4lle som Abu Dhabi som man inte direkt skulle ha \u00e5kt till annars.&#8221;<\/p><\/blockquote>\n<p>Det h\u00e4r var helgen d\u00e5 rapporter fr\u00e5n fotbollskval i Sportextras\u00e4ndningen p\u00e5 Radiosporten br\u00f6ts av flera minuter om cykeltrial. SVT har uppm\u00e4rksammat. Hildas bronsbravad i Abu Dhabi blev en riksgrej helt enkelt.<\/p>\n<blockquote><p>&#8221;Ja, det har varit r\u00e4tt mycket uppst\u00e5ndelse. De har ringt och intervjuat. Det har varit som en dr\u00f6m. K\u00e4nns som att det \u00e4r f\u00f6rst nu n\u00e4r jag har blivit firad lite hemma, som det har sjunkit in.&#8221;<\/p><\/blockquote>\n<p>Nu kommer Hilda unna sig lite vila innan det \u00e4r dags att ta sikte p\u00e5 n\u00e4sta s\u00e4song som startar redan 3\u20134 februari med inomhus-SM i Sk\u00f6vde \u2013\u00a0d\u00e4r det \u00e4ntligen har blivit en egen damklass.<\/p>\n<blockquote><p>&#8221;Det h\u00e4r har ju varit min absolut b\u00e4sta s\u00e4song, s\u00e5 n\u00e4r jag startar upp igen ska jag bara forts\u00e4tta att tr\u00e4na som jag har gjort. Det har ju verkligen funkat bra. Sedan f\u00e5r vi se vilken niv\u00e5 jag orkar med att tr\u00e4na p\u00e5 och vad det r\u00e4cker till n\u00e4sta s\u00e4song&#8221;, s\u00e4ger den unga VM-bronsmedalj\u00f6ren fr\u00e5n trialfamiljen Andersson i Kl\u00e4ssebol.<\/p><\/blockquote>\n<p><em>Text: Tomas Larsson\/SCF<br \/>\n<\/em><em>Foto \u00f6versta bilden och \u00e5kbilden VM: Leo Zhukov<br \/>\n<\/em><em>\u00d6vriga bilder: SCF och privat<\/em><\/p>\n<hr \/>\n<p><em><strong>Svenska Cykelf\u00f6rbundet \u00e4r stolta \u00f6ver att presentera v\u00e5ra samarbetspartners. Tack vare dessa f\u00f6retag kan v\u00e5ra cyklister oftare ta sig l\u00e4ngre ut i v\u00e4rlden och t\u00e4vla.<\/strong><\/em><\/p>\n<a href=\"https:\/\/scf.se\/forbundet\/sponsorer\/\"><img loading=\"lazy\" decoding=\"async\" class=\"alignnone size-full wp-image-2403\" src=\"https:\/\/scf.se\/mountainbike\/wp-content\/uploads\/sites\/6\/2022\/03\/LiggandeBannerSponsorerHemsida5.jpg\" alt=\"\" width=\"1200\" height=\"200\" \/><\/a>\n<p>&nbsp;<\/p>\n<p>&nbsp;<\/p>\n","protected":false},"excerpt":{"rendered":"<p>&#8221;Jag har nog aldrig presterat s\u00e5 h\u00f6gt n\u00e5gon g\u00e5ng, det var min maxniv\u00e5 \u2013 i ett VM. Det k\u00e4ndes j\u00e4ttebra. Overkligt!&#8221; Efter att Hilda Andersson hade firat VM-bronset hemma i lilla Kl\u00e4ssebol s\u00f6der om Arvika fanns det s\u00e5 mycket att njuta av nu n\u00e4r den 16-\u00e5riga trialtalangen f\u00e5r vila ut efter en helt fantastisk<a href=\"https:\/\/scf.se\/trial\/https-scf-se-trial-hilda-har-landat-efter-vm-succen-det-har-varit-som-en-drom\/\" class=\"news-card__more\"> &#8230;<\/a><\/p>\n","protected":false},"author":41,"featured_media":1421,"comment_status":"open","ping_status":"open","sticky":false,"template":"","format":"standard","meta":{"_acf_changed":false,"footnotes":""},"categories":[1],"tags":[],"class_list":["post-1417","post","type-post","status-publish","format-standard","hentry","category-trial"],"acf":[],"_links":{"self":[{"href":"https:\/\/scf.se\/trial\/wp-json\/wp\/v2\/posts\/1417","targetHints":{"allow":["GET"]}}],"collection":[{"href":"https:\/\/scf.se\/trial\/wp-json\/wp\/v2\/posts"}],"about":[{"href":"https:\/\/scf.se\/trial\/wp-json\/wp\/v2\/types\/post"}],"author":[{"embeddable":true,"href":"https:\/\/scf.se\/trial\/wp-json\/wp\/v2\/users\/41"}],"replies":[{"embeddable":true,"href":"https:\/\/scf.se\/trial\/wp-json\/wp\/v2\/comments?post=1417"}],"version-history":[{"count":0,"href":"https:\/\/scf.se\/trial\/wp-json\/wp\/v2\/posts\/1417\/revisions"}],"wp:featuredmedia":[{"embeddable":true,"href":"https:\/\/scf.se\/trial\/wp-json\/wp\/v2\/media\/1421"}],"wp:attachment":[{"href":"https:\/\/scf.se\/trial\/wp-json\/wp\/v2\/media?parent=1417"}],"wp:term":[{"taxonomy":"category","embeddable":true,"href":"https:\/\/scf.se\/trial\/wp-json\/wp\/v2\/categories?post=1417"},{"taxonomy":"post_tag","embeddable":true,"href":"https:\/\/scf.se\/trial\/wp-json\/wp\/v2\/tags?post=1417"}],"curies":[{"name":"wp","href":"https:\/\/api.w.org\/{rel}","templated":true}]}}