
{"id":1406,"date":"2022-11-12T22:10:43","date_gmt":"2022-11-12T21:10:43","guid":{"rendered":"http:\/\/scf.se\/trial\/?p=1406"},"modified":"2022-11-16T21:01:23","modified_gmt":"2022-11-16T20:01:23","slug":"hilda-andersson-tog-vm-brons-efter-ett-helt-makalost-drama-i-abu-dhabi","status":"publish","type":"post","link":"https:\/\/scf.se\/trial\/hilda-andersson-tog-vm-brons-efter-ett-helt-makalost-drama-i-abu-dhabi\/","title":{"rendered":"Hilda Andersson fixade VM-brons efter makal\u00f6st drama i Abu Dhabi"},"content":{"rendered":"<p><strong>Oj, vilket drama VM-finalen i trial blev till. Och Sverige har f\u00e5tt en VM-medalj\u00f6r som \u00e5ldersm\u00e4ssigt knappt \u00e4r junior. 16-\u00e5riga Hilda Andersson imponerade stort med sin kyla i Abu Dhabis hetta n\u00e4r hon tog VM-brons i damelitklassen.<\/strong><\/p>\n<a href=\"https:\/\/scf.se\/trial\/wp-content\/uploads\/sites\/8\/2022\/11\/Hilda-i-gruppen.jpg\"><img loading=\"lazy\" decoding=\"async\" class=\"alignnone size-full wp-image-1409\" src=\"https:\/\/scf.se\/trial\/wp-content\/uploads\/sites\/8\/2022\/11\/Hilda-i-gruppen.jpg\" alt=\"\" width=\"2450\" height=\"2315\" srcset=\"https:\/\/scf.se\/trial\/wp-content\/uploads\/sites\/8\/2022\/11\/Hilda-i-gruppen.jpg 2450w, https:\/\/scf.se\/trial\/wp-content\/uploads\/sites\/8\/2022\/11\/Hilda-i-gruppen-300x283.jpg 300w, https:\/\/scf.se\/trial\/wp-content\/uploads\/sites\/8\/2022\/11\/Hilda-i-gruppen-1024x968.jpg 1024w, https:\/\/scf.se\/trial\/wp-content\/uploads\/sites\/8\/2022\/11\/Hilda-i-gruppen-768x726.jpg 768w, https:\/\/scf.se\/trial\/wp-content\/uploads\/sites\/8\/2022\/11\/Hilda-i-gruppen-1536x1451.jpg 1536w, https:\/\/scf.se\/trial\/wp-content\/uploads\/sites\/8\/2022\/11\/Hilda-i-gruppen-2048x1935.jpg 2048w\" sizes=\"auto, (max-width: 2450px) 100vw, 2450px\" \/><\/a>\n<p>Hilda var trea i v\u00e4rldscupen s\u00e5 VM-bronset \u00e4r absolut ingen tillf\u00e4llighet. Men att klara av att vinna den superj\u00e4mna kampen om bronset bakom toppduon Nina Reichenbach och Vera Baron, som b\u00e5da \u00e4r rutinerade ex-v\u00e4rldsm\u00e4stare, p\u00e5 det s\u00e4ttet som den unga v\u00e4rml\u00e4ndskan g\u00f6r har bragdst\u00e4mpel.<\/p>\n<a href=\"https:\/\/scf.se\/trial\/wp-content\/uploads\/sites\/8\/2022\/11\/Hilda-pa-podiet-1.jpg\"><img loading=\"lazy\" decoding=\"async\" class=\"alignnone size-full wp-image-1414\" src=\"https:\/\/scf.se\/trial\/wp-content\/uploads\/sites\/8\/2022\/11\/Hilda-pa-podiet-1.jpg\" alt=\"\" width=\"2450\" height=\"1655\" srcset=\"https:\/\/scf.se\/trial\/wp-content\/uploads\/sites\/8\/2022\/11\/Hilda-pa-podiet-1.jpg 2450w, https:\/\/scf.se\/trial\/wp-content\/uploads\/sites\/8\/2022\/11\/Hilda-pa-podiet-1-300x203.jpg 300w, https:\/\/scf.se\/trial\/wp-content\/uploads\/sites\/8\/2022\/11\/Hilda-pa-podiet-1-1024x692.jpg 1024w, https:\/\/scf.se\/trial\/wp-content\/uploads\/sites\/8\/2022\/11\/Hilda-pa-podiet-1-768x519.jpg 768w, https:\/\/scf.se\/trial\/wp-content\/uploads\/sites\/8\/2022\/11\/Hilda-pa-podiet-1-1536x1038.jpg 1536w, https:\/\/scf.se\/trial\/wp-content\/uploads\/sites\/8\/2022\/11\/Hilda-pa-podiet-1-2048x1383.jpg 2048w\" sizes=\"auto, (max-width: 2450px) 100vw, 2450px\" \/><\/a>\n<p>Det var en s\u00e5 sp\u00e4nnande VM-final i Abu Dhabi. Hilda fr\u00e5n lilla Kl\u00e4ssbol utanf\u00f6r Arvika l\u00e5g p\u00e5 delad tredjeplats med tv\u00e5 andra v\u00e4ldigt duktiga cyklister inf\u00f6r sista sektionen efter att ha k\u00e4mpat i underl\u00e4ge sedan starten av finalen.<\/p>\n<blockquote><p>&#8221;Jag \u00e4r oerh\u00f6rt imponerad av att Hilda pallar pressen och verkligen lyckas vara b\u00e4st n\u00e4r det verkligen g\u00e4ller&#8221;, s\u00e4ger f\u00f6rbundskaptenen Mats Hult efter j\u00e4ttedramat till VM-final.<\/p><\/blockquote>\n<div id=\"attachment_1407\" class=\"wp-caption alignnone\" ><a href=\"https:\/\/scf.se\/trial\/wp-content\/uploads\/sites\/8\/2022\/11\/219-DSC_812301-scaled.jpg\"><img loading=\"lazy\" decoding=\"async\" class=\"size-full wp-image-1407\" src=\"https:\/\/scf.se\/trial\/wp-content\/uploads\/sites\/8\/2022\/11\/219-DSC_812301-scaled.jpg\" alt=\"\" width=\"1707\" height=\"2560\" srcset=\"https:\/\/scf.se\/trial\/wp-content\/uploads\/sites\/8\/2022\/11\/219-DSC_812301-scaled.jpg 1707w, https:\/\/scf.se\/trial\/wp-content\/uploads\/sites\/8\/2022\/11\/219-DSC_812301-200x300.jpg 200w, https:\/\/scf.se\/trial\/wp-content\/uploads\/sites\/8\/2022\/11\/219-DSC_812301-683x1024.jpg 683w, https:\/\/scf.se\/trial\/wp-content\/uploads\/sites\/8\/2022\/11\/219-DSC_812301-768x1152.jpg 768w, https:\/\/scf.se\/trial\/wp-content\/uploads\/sites\/8\/2022\/11\/219-DSC_812301-1024x1536.jpg 1024w, https:\/\/scf.se\/trial\/wp-content\/uploads\/sites\/8\/2022\/11\/219-DSC_812301-1366x2048.jpg 1366w\" sizes=\"auto, (max-width: 1707px) 100vw, 1707px\" \/><\/a><p class=\"wp-caption-text\"><em>Unga Hilda Andersson var starkast av de tre cyklisterna som fanns p\u00e5 samma po\u00e4ng inf\u00f6r den sista sektionen. Foto: Leo Zhukov<\/em><\/p><\/div>\n<h2>VM-final trial damelit<\/h2>\n<ol>\n<li>Nina Reichenbach, Tyskland 290<\/li>\n<li>Vera Baron, Spanien 290<\/li>\n<li>Hilda Andersson, Sverige 200<\/li>\n<li>Eli\u0161ka Hribkova, Tjeckien 190<\/li>\n<li>Irene Caminos, Spanien 190<\/li>\n<li>Laia Esquis, Spanien 170<\/li>\n<\/ol>\n<a href=\"https:\/\/scf.se\/trial\/wp-content\/uploads\/sites\/8\/2022\/11\/Hilda-pa-pallen1.jpg\"><img loading=\"lazy\" decoding=\"async\" class=\"alignnone size-full wp-image-1410\" src=\"https:\/\/scf.se\/trial\/wp-content\/uploads\/sites\/8\/2022\/11\/Hilda-pa-pallen1.jpg\" alt=\"\" width=\"860\" height=\"564\" srcset=\"https:\/\/scf.se\/trial\/wp-content\/uploads\/sites\/8\/2022\/11\/Hilda-pa-pallen1.jpg 860w, https:\/\/scf.se\/trial\/wp-content\/uploads\/sites\/8\/2022\/11\/Hilda-pa-pallen1-300x197.jpg 300w, https:\/\/scf.se\/trial\/wp-content\/uploads\/sites\/8\/2022\/11\/Hilda-pa-pallen1-768x504.jpg 768w\" sizes=\"auto, (max-width: 860px) 100vw, 860px\" \/><\/a>\n<ul>\n<li><a href=\"https:\/\/scf.se\/trial\/wp-content\/uploads\/sites\/8\/2022\/11\/trials_we_finals_resultsx.pdf\"><em><strong>Alla resultat fr\u00e5n damernas VM-final H\u00c4R!<\/strong><\/em><\/a><\/li>\n<li><em><strong>Mera om VM-finalen under s\u00f6ndagen h\u00e4r p\u00e5 SCF.se, kolla ocks\u00e5 in @trialswecycling p\u00e5 Instagram!<\/strong><\/em><\/li>\n<\/ul>\n<a href=\"https:\/\/scf.se\/trial\/wp-content\/uploads\/sites\/8\/2022\/11\/Hilda-a-Tobias.jpg\"><img loading=\"lazy\" decoding=\"async\" class=\"alignnone size-full wp-image-1415\" src=\"https:\/\/scf.se\/trial\/wp-content\/uploads\/sites\/8\/2022\/11\/Hilda-a-Tobias.jpg\" alt=\"\" width=\"1675\" height=\"2094\" srcset=\"https:\/\/scf.se\/trial\/wp-content\/uploads\/sites\/8\/2022\/11\/Hilda-a-Tobias.jpg 1675w, https:\/\/scf.se\/trial\/wp-content\/uploads\/sites\/8\/2022\/11\/Hilda-a-Tobias-240x300.jpg 240w, https:\/\/scf.se\/trial\/wp-content\/uploads\/sites\/8\/2022\/11\/Hilda-a-Tobias-819x1024.jpg 819w, https:\/\/scf.se\/trial\/wp-content\/uploads\/sites\/8\/2022\/11\/Hilda-a-Tobias-768x960.jpg 768w, https:\/\/scf.se\/trial\/wp-content\/uploads\/sites\/8\/2022\/11\/Hilda-a-Tobias-1229x1536.jpg 1229w, https:\/\/scf.se\/trial\/wp-content\/uploads\/sites\/8\/2022\/11\/Hilda-a-Tobias-1638x2048.jpg 1638w\" sizes=\"auto, (max-width: 1675px) 100vw, 1675px\" \/><\/a>\n<p><em>Text och foto: SCF (d\u00e4r ej annat anges)<\/em><\/p>\n<hr \/>\n<p><em><strong>Svenska Cykelf\u00f6rbundet \u00e4r stolta \u00f6ver att presentera v\u00e5ra samarbetspartners. Tack vare dessa f\u00f6retag kan v\u00e5ra cyklister oftare ta sig l\u00e4ngre ut i v\u00e4rlden och t\u00e4vla.<\/strong><\/em><\/p>\n<a href=\"https:\/\/scf.se\/mountainbike\/wp-content\/uploads\/sites\/6\/2022\/03\/LiggandeBannerSponsorerHemsida5.jpg\"><img loading=\"lazy\" decoding=\"async\" class=\"alignnone size-full wp-image-2403\" src=\"https:\/\/scf.se\/mountainbike\/wp-content\/uploads\/sites\/6\/2022\/03\/LiggandeBannerSponsorerHemsida5.jpg\" alt=\"\" width=\"1200\" height=\"200\" \/><\/a>\n<p>&nbsp;<\/p>\n<p>&nbsp;<\/p>\n<p>&nbsp;<\/p>\n<p>&nbsp;<\/p>\n","protected":false},"excerpt":{"rendered":"<p>Oj, vilket drama VM-finalen i trial blev till. Och Sverige har f\u00e5tt en VM-medalj\u00f6r som \u00e5ldersm\u00e4ssigt knappt \u00e4r junior. 16-\u00e5riga Hilda Andersson imponerade stort med sin kyla i Abu Dhabis hetta n\u00e4r hon tog VM-brons i damelitklassen. Hilda var trea i v\u00e4rldscupen s\u00e5 VM-bronset \u00e4r absolut ingen tillf\u00e4llighet. Men att klara av att vinna<a href=\"https:\/\/scf.se\/trial\/hilda-andersson-tog-vm-brons-efter-ett-helt-makalost-drama-i-abu-dhabi\/\" class=\"news-card__more\"> &#8230;<\/a><\/p>\n","protected":false},"author":41,"featured_media":1410,"comment_status":"open","ping_status":"open","sticky":false,"template":"","format":"standard","meta":{"_acf_changed":false,"footnotes":""},"categories":[1],"tags":[],"class_list":["post-1406","post","type-post","status-publish","format-standard","hentry","category-trial"],"acf":[],"_links":{"self":[{"href":"https:\/\/scf.se\/trial\/wp-json\/wp\/v2\/posts\/1406","targetHints":{"allow":["GET"]}}],"collection":[{"href":"https:\/\/scf.se\/trial\/wp-json\/wp\/v2\/posts"}],"about":[{"href":"https:\/\/scf.se\/trial\/wp-json\/wp\/v2\/types\/post"}],"author":[{"embeddable":true,"href":"https:\/\/scf.se\/trial\/wp-json\/wp\/v2\/users\/41"}],"replies":[{"embeddable":true,"href":"https:\/\/scf.se\/trial\/wp-json\/wp\/v2\/comments?post=1406"}],"version-history":[{"count":0,"href":"https:\/\/scf.se\/trial\/wp-json\/wp\/v2\/posts\/1406\/revisions"}],"wp:featuredmedia":[{"embeddable":true,"href":"https:\/\/scf.se\/trial\/wp-json\/wp\/v2\/media\/1410"}],"wp:attachment":[{"href":"https:\/\/scf.se\/trial\/wp-json\/wp\/v2\/media?parent=1406"}],"wp:term":[{"taxonomy":"category","embeddable":true,"href":"https:\/\/scf.se\/trial\/wp-json\/wp\/v2\/categories?post=1406"},{"taxonomy":"post_tag","embeddable":true,"href":"https:\/\/scf.se\/trial\/wp-json\/wp\/v2\/tags?post=1406"}],"curies":[{"name":"wp","href":"https:\/\/api.w.org\/{rel}","templated":true}]}}