
{"id":1391,"date":"2022-11-10T09:12:50","date_gmt":"2022-11-10T08:12:50","guid":{"rendered":"http:\/\/scf.se\/trial\/?p=1391"},"modified":"2022-11-11T09:22:07","modified_gmt":"2022-11-11T08:22:07","slug":"bra-start-pa-trial-vm-i-abu-dhabi-for-svenska-laget-femma-i-lagtavling","status":"publish","type":"post","link":"https:\/\/scf.se\/trial\/bra-start-pa-trial-vm-i-abu-dhabi-for-svenska-laget-femma-i-lagtavling\/","title":{"rendered":"Bra start p\u00e5 trial-VM i Abu Dhabi f\u00f6r svenska laget \u2013 femma i lagt\u00e4vling"},"content":{"rendered":"<p><strong>Sverige kom till start i VM-lagt\u00e4vlingen med bara fyra cyklister d\u00e5 man saknar en junior i 26-tumsklasssen. Bra d\u00e5 att sluta femma efter en j\u00e4mn kamp om fj\u00e4rdeplatsen. Vann lag-VM gjorde storfavoriten Spanien.<\/strong><\/p>\n<blockquote><p>&#8221;Ett helt okej resultat d\u00e5 vi \u00e4r b\u00e4sta nation med icke fullt lag&#8221;, s\u00e4ger f\u00f6rbundskaptenen Mats Hult efter\u00e5t.<\/p><\/blockquote>\n<p>F\u00f6r Joacim Lundgren, som tillh\u00f6rde v\u00e4rldstoppen innan ett l\u00e4ngre uppeh\u00e5ll, och sedan har haft ryggproblem under s\u00e4songen var det storinternationell comeback.<\/p>\n<p>Lundgren k\u00f6rde rej\u00e4lt bra d\u00e4r han noterades f\u00f6r 200 po\u00e4ng med maximala 40 i alla sektioner; var och en v\u00e4ljer en sv\u00e5righetsgrad innan, f\u00e5r den po\u00e4ngen om man lyckas klara det och annars noll. Nu ska det s\u00e4gs att de b\u00e4sta nationernas cyklister i herrelit bombade in 200-ingar.<\/p>\n<p>Stabila 140 po\u00e4ng av Tobis Hult och unga Hilda Andersson stod sig bra j\u00e4mf\u00f6rt med de andra nationernas damer. Vi ska ocks\u00e5 notera att junioren Ludvig Andersson inledde v\u00e4ldigt bra.<\/p>\n<p>Det var inte ov\u00e4ntat Spanien som vann lagt\u00e4vlingen, f\u00f6re Frankrike och Tyskland. De tre nationerna stod i en klass f\u00f6r sig medan Sverige hade en kamp om fj\u00e4rdeplatsen med Tjecken och Japan.<\/p>\n<h2>Trial-VM lagt\u00e4vling<\/h2>\n<ol>\n<li>Spanien 890<\/li>\n<li>Frankrike 840<\/li>\n<li>Tyskland 800<\/li>\n<li>Tjeckien 510<\/li>\n<li>Sverige 510<\/li>\n<li>Japan 500<\/li>\n<\/ol>\n<p><a href=\"https:\/\/scf.se\/trial\/wp-content\/uploads\/sites\/8\/2022\/11\/trials_teams_results.pdf\"><em><strong>Alla resultat i lagt\u00e4vlingen h\u00e4r!<\/strong><\/em><\/a><\/p>\n<p>Under torsdagen startar de individuella t\u00e4vlingarna i Abu Dhabi med juniorernas och damernas kval. Trialdelen av VM i exklusiva delar av Abu Dhabi avslutas p\u00e5 l\u00f6rdag.<\/p>\n<h2>Svenskarna i individuella VM-t\u00e4vlingen<\/h2>\n<h3>Damelit<\/h3>\n<ul>\n<li><strong>Hilda Andersson<\/strong>, Arvika IS<\/li>\n<li><strong>Nadine K\u00e5mark<\/strong>, Partille TK<\/li>\n<\/ul>\n<h3>Herrjunior 20 tum<\/h3>\n<ul>\n<li style=\"list-style-type: none\">\n<ul>\n<li><strong>Ludvig Andersson<\/strong>, Arvika IS<\/li>\n<\/ul>\n<\/li>\n<\/ul>\n<h3>Herrelit 26 tum<\/h3>\n<ul>\n<li><strong>Alexander Karlsson<\/strong>, Hawkhills TK<\/li>\n<li><strong>Joacim Lundgren<\/strong>, Partille TK<\/li>\n<\/ul>\n<h3>Herrelit 20 tum<\/h3>\n<ul>\n<li><strong>Tobias Hult<\/strong>, CK Dainon<\/li>\n<\/ul>\n<p><a href=\"https:\/\/www.instagram.com\/trialswecycling\/\"><em><strong>Kolla ocks\u00e5 in m\u00e5nga r\u00f6rliga klipp fr\u00e5n Abu Dhabi p\u00e5 Instagram, @trialswecycling!<\/strong><\/em><\/a><\/p>\n<p><em>Text: Tomas Larsson\/SCF<\/em><br \/>\n<em>Bild: SCF<\/em><\/p>\n<hr \/>\n<p><em><strong>Svenska Cykelf\u00f6rbundet \u00e4r stolta \u00f6ver att presentera v\u00e5ra samarbetspartners. Tack vare dessa f\u00f6retag kan v\u00e5ra cyklister oftare ta sig l\u00e4ngre ut i v\u00e4rlden och t\u00e4vla.<\/strong><\/em><\/p>\n<a href=\"https:\/\/scf.se\/mountainbike\/wp-content\/uploads\/sites\/6\/2022\/03\/LiggandeBannerSponsorerHemsida5.jpg\"><img loading=\"lazy\" decoding=\"async\" class=\"alignnone size-full wp-image-2403\" src=\"https:\/\/scf.se\/mountainbike\/wp-content\/uploads\/sites\/6\/2022\/03\/LiggandeBannerSponsorerHemsida5.jpg\" alt=\"\" width=\"1200\" height=\"200\" \/><\/a>\n<p>&nbsp;<\/p>\n<p>&nbsp;<\/p>\n<p>&nbsp;<\/p>\n<p>&nbsp;<\/p>\n","protected":false},"excerpt":{"rendered":"<p>Sverige kom till start i VM-lagt\u00e4vlingen med bara fyra cyklister d\u00e5 man saknar en junior i 26-tumsklasssen. Bra d\u00e5 att sluta femma efter en j\u00e4mn kamp om fj\u00e4rdeplatsen. Vann lag-VM gjorde storfavoriten Spanien. &#8221;Ett helt okej resultat d\u00e5 vi \u00e4r b\u00e4sta nation med icke fullt lag&#8221;, s\u00e4ger f\u00f6rbundskaptenen Mats Hult efter\u00e5t. F\u00f6r Joacim Lundgren,<a href=\"https:\/\/scf.se\/trial\/bra-start-pa-trial-vm-i-abu-dhabi-for-svenska-laget-femma-i-lagtavling\/\" class=\"news-card__more\"> &#8230;<\/a><\/p>\n","protected":false},"author":41,"featured_media":1393,"comment_status":"open","ping_status":"open","sticky":false,"template":"","format":"standard","meta":{"_acf_changed":false,"footnotes":""},"categories":[1],"tags":[],"class_list":["post-1391","post","type-post","status-publish","format-standard","hentry","category-trial"],"acf":[],"_links":{"self":[{"href":"https:\/\/scf.se\/trial\/wp-json\/wp\/v2\/posts\/1391","targetHints":{"allow":["GET"]}}],"collection":[{"href":"https:\/\/scf.se\/trial\/wp-json\/wp\/v2\/posts"}],"about":[{"href":"https:\/\/scf.se\/trial\/wp-json\/wp\/v2\/types\/post"}],"author":[{"embeddable":true,"href":"https:\/\/scf.se\/trial\/wp-json\/wp\/v2\/users\/41"}],"replies":[{"embeddable":true,"href":"https:\/\/scf.se\/trial\/wp-json\/wp\/v2\/comments?post=1391"}],"version-history":[{"count":0,"href":"https:\/\/scf.se\/trial\/wp-json\/wp\/v2\/posts\/1391\/revisions"}],"wp:featuredmedia":[{"embeddable":true,"href":"https:\/\/scf.se\/trial\/wp-json\/wp\/v2\/media\/1393"}],"wp:attachment":[{"href":"https:\/\/scf.se\/trial\/wp-json\/wp\/v2\/media?parent=1391"}],"wp:term":[{"taxonomy":"category","embeddable":true,"href":"https:\/\/scf.se\/trial\/wp-json\/wp\/v2\/categories?post=1391"},{"taxonomy":"post_tag","embeddable":true,"href":"https:\/\/scf.se\/trial\/wp-json\/wp\/v2\/tags?post=1391"}],"curies":[{"name":"wp","href":"https:\/\/api.w.org\/{rel}","templated":true}]}}