
{"id":1349,"date":"2022-08-11T10:23:02","date_gmt":"2022-08-11T08:23:02","guid":{"rendered":"http:\/\/scf.se\/trial\/?p=1349"},"modified":"2022-08-11T10:25:43","modified_gmt":"2022-08-11T08:25:43","slug":"dags-att-anmala-till-swe-cup-fin-trialhelg-i-arvika","status":"publish","type":"post","link":"https:\/\/scf.se\/trial\/dags-att-anmala-till-swe-cup-fin-trialhelg-i-arvika\/","title":{"rendered":"Nu \u00e4r det dags att anm\u00e4la dig till SWE Cup och en fin trialhelg i Arvika"},"content":{"rendered":"<p><strong>Arvika har blivit ett starkt n\u00e4ste f\u00f6r svensk cykeltrial med unga topp\u00e5kare som syskonen Hilda och Ludvig Andersson. Nu arrangerar Arvika Idrottss\u00e4llskap SWE Cup den 20 augusti.<\/strong><\/p>\n<p>P\u00e5 damsidan kommer b\u00e4gge landslagscyklisterna Hilda Andersson fr\u00e5n hemmaklubben Arvika IS och Nadine K\u00e5mark, <span class=\"pull-right label label-default\" data-bind=\"text: F\u00f6rening\">Partille Trialklubb, till start.<\/span><\/p>\n<p>P\u00e5 herrsidan m\u00e4rks att Tobias Hult fr\u00e5n CK Dainon i Nyk\u00f6ping \u00e4r tillbaka. Anm\u00e4lda \u00e4r \u00e4ven svenska seniorm\u00e4staren inomhus Ludvig Andersson, Arvika, samt utomhusm\u00e4staren Alexander Karlsson. Gl\u00e4djande nog sju \u00e5kare redan nu i de \u00f6vriga klasserna, varav fem i N-klasserna.<\/p>\n<ul>\n<li><a href=\"http:\/\/www.swecyclingonline.se\/\"><em><strong>Anm\u00e4lan g\u00f6r du H\u00c4R<\/strong><\/em><\/a><i>, <\/i><strong>senast 13 augusti kl 23.59 m\u00e5ste den vara registrerad.<\/strong><\/li>\n<li><a href=\"https:\/\/scf.se\/trial\/wp-content\/uploads\/sites\/8\/2022\/08\/inbjudanswecuparvika2022_08_20-1.docx\"><em><strong>Mycket mera information om SWE Cup-t\u00e4vlingen H\u00c4R!<\/strong><\/em><\/a><\/li>\n<\/ul>\n<p>Starten \u00e4r klockan 12,30. K\u00f6rtiden ber\u00e4knas till 2 timmar och 45 minuter d\u00e4r de fem sektionerna ska k\u00f6ras tre varv.<\/p>\n<p><em>Text och bild: SCF<\/em><\/p>\n","protected":false},"excerpt":{"rendered":"<p>Arvika har blivit ett starkt n\u00e4ste f\u00f6r svensk cykeltrial med unga topp\u00e5kare som syskonen Hilda och Ludvig Andersson. Nu arrangerar Arvika Idrottss\u00e4llskap SWE Cup den 20 augusti. P\u00e5 damsidan kommer b\u00e4gge landslagscyklisterna Hilda Andersson fr\u00e5n hemmaklubben Arvika IS och Nadine K\u00e5mark, Partille Trialklubb, till start. P\u00e5 herrsidan m\u00e4rks att Tobias Hult fr\u00e5n CK Dainon<a href=\"https:\/\/scf.se\/trial\/dags-att-anmala-till-swe-cup-fin-trialhelg-i-arvika\/\" class=\"news-card__more\"> &#8230;<\/a><\/p>\n","protected":false},"author":41,"featured_media":1351,"comment_status":"open","ping_status":"open","sticky":false,"template":"","format":"standard","meta":{"_acf_changed":false,"footnotes":""},"categories":[1],"tags":[],"class_list":["post-1349","post","type-post","status-publish","format-standard","hentry","category-trial"],"acf":[],"_links":{"self":[{"href":"https:\/\/scf.se\/trial\/wp-json\/wp\/v2\/posts\/1349","targetHints":{"allow":["GET"]}}],"collection":[{"href":"https:\/\/scf.se\/trial\/wp-json\/wp\/v2\/posts"}],"about":[{"href":"https:\/\/scf.se\/trial\/wp-json\/wp\/v2\/types\/post"}],"author":[{"embeddable":true,"href":"https:\/\/scf.se\/trial\/wp-json\/wp\/v2\/users\/41"}],"replies":[{"embeddable":true,"href":"https:\/\/scf.se\/trial\/wp-json\/wp\/v2\/comments?post=1349"}],"version-history":[{"count":0,"href":"https:\/\/scf.se\/trial\/wp-json\/wp\/v2\/posts\/1349\/revisions"}],"wp:featuredmedia":[{"embeddable":true,"href":"https:\/\/scf.se\/trial\/wp-json\/wp\/v2\/media\/1351"}],"wp:attachment":[{"href":"https:\/\/scf.se\/trial\/wp-json\/wp\/v2\/media?parent=1349"}],"wp:term":[{"taxonomy":"category","embeddable":true,"href":"https:\/\/scf.se\/trial\/wp-json\/wp\/v2\/categories?post=1349"},{"taxonomy":"post_tag","embeddable":true,"href":"https:\/\/scf.se\/trial\/wp-json\/wp\/v2\/tags?post=1349"}],"curies":[{"name":"wp","href":"https:\/\/api.w.org\/{rel}","templated":true}]}}