
{"id":4524,"date":"2026-09-04T18:56:11","date_gmt":"2026-09-04T16:56:11","guid":{"rendered":"https:\/\/scf.se\/paracykel\/?p=4524"},"modified":"2026-09-04T19:09:35","modified_gmt":"2026-09-04T17:09:35","slug":"laddade-svenska-vm-debutanter-alice-och-minna-i-heta-alabama","status":"publish","type":"post","link":"https:\/\/scf.se\/paracykel\/laddade-svenska-vm-debutanter-alice-och-minna-i-heta-alabama\/","title":{"rendered":"Alice och Minna \u00e4r tv\u00e5 rej\u00e4lt laddade VM-debutanter i Alabamas v\u00e4rme!"},"content":{"rendered":"<p data-start=\"73\" data-end=\"377\"><strong data-start=\"73\" data-end=\"377\">Alice Morelius och Minna V\u00e4nt\u00f6nen \u00e4r p\u00e5 plats i Huntsville i Alabama f\u00f6r sina f\u00f6rsta v\u00e4rldsm\u00e4sterskap i paracykel. De svenska VM-debutanterna st\u00e4lls mot v\u00e4rldens b\u00e4sta \u2013 samtidigt som varje insats \u00e4r viktig i jakten p\u00e5 en svensk damkvotplats till Paralympics i Los Angeles 2028 redan f\u00f6re \u00e5rsskiftet.<\/strong><\/p>\n<blockquote>\n<p data-start=\"379\" data-end=\"705\">&#8221;Tjejerna \u00e4r laddade och v\u00e4l f\u00f6rberedda. Vi har varit h\u00e4r i n\u00e5gra dagar i Huntsville, Alabama, och f\u00f6rberett oss p\u00e5 banan och vant oss vid det varma klimatet. Det \u00e4r upp mot 35 grader p\u00e5 dagarna, s\u00e5 det \u00e4r extremt varmt och kommer att bli en viktig faktor inf\u00f6r loppen&#8221;, s\u00e4ger coachen Philip Lindau, som \u00e4r p\u00e5 plats i Alabama.<\/p>\n<\/blockquote>\n<p data-start=\"707\" data-end=\"784\">P\u00e5 l\u00f6rdag den 5 september k\u00f6r de svenska cyklisterna sina tempolopp p\u00e5 racer.<\/p>\n<p data-start=\"786\" data-end=\"881\">15.30 <strong data-start=\"792\" data-end=\"810\">Alice Morelius<\/strong>, C5, 22.30 svensk tid<br data-start=\"832\" data-end=\"835\" \/>15.48 <strong data-start=\"841\" data-end=\"859\">Minna V\u00e4nt\u00f6nen<\/strong>, C4, 22.48 svensk tid<\/p>\n<blockquote>\n<p data-start=\"883\" data-end=\"1134\">&#8221;Givetvis \u00e4r det h\u00e4r ett nytt sammanhang f\u00f6r b\u00e5de Minna och Alice. De har aldrig k\u00f6rt VM tidigare, s\u00e5 det \u00e4r m\u00e5nga intryck och mycket nytt f\u00f6r dem. Men b\u00e5da kommer v\u00e4l f\u00f6rberedda och motiverade att verkligen g\u00f6ra sitt b\u00e4sta&#8221;, forts\u00e4tter Philip Lindau.<\/p>\n<\/blockquote>\n<p data-start=\"1136\" data-end=\"1315\"><strong>Alice och Minna k\u00f6r sina linjelopp m\u00e5ndagen den 7 september med gemensam start klockan 10.15 lokal tid, 17.15 svensk tid. Linjeloppen kommer att lives\u00e4ndas p\u00e5 UCI:s Youtube-kanal.<\/strong><\/p>\n<blockquote>\n<p data-start=\"1317\" data-end=\"1748\">&#8221;Vi \u00e4r hoppfulla om att det h\u00e4r kommer att bli ett bra VM f\u00f6r b\u00e5de Alice och Minna, med mycket att ta med sig, och f\u00f6rhoppningsvis kan vi f\u00e5 n\u00e5gonting bra ut av det. Resultatm\u00e4ssigt v\u00e5gar vi inte s\u00e4ga vad vi siktar p\u00e5 eftersom vi inte riktigt vet, men vi vet att konkurrensen kommer att vara benh\u00e5rd h\u00e4r nere. Vi ser att m\u00e5nga nationer har m\u00e5nga duktiga cyklister med sig. Men vi ska k\u00e4mpa med allt vi har&#8221;, s\u00e4ger Philip Lindau.<\/p>\n<\/blockquote>\n<p data-start=\"1750\" data-end=\"2313\">Alice Morelius siktar mot Paralympics 2028 i cykel efter att ha t\u00e4vlat i vinter-Paralympics 2026 i l\u00e4ngdskidor och dessf\u00f6rinnan anv\u00e4nt cykeln som tr\u00e4ningsredskap. Minna V\u00e4nt\u00f6nen, som var h\u00e4stsk\u00f6tare \u00e5t Rolf-G\u00f6ran Bengtsson under OS i Tokyo 2021, &#8221;borde&#8221; egentligen inte ha hunnit s\u00e5 h\u00e4r l\u00e5ngt i sin egen cykelsatsning efter att ha b\u00f6rjat med sporten sent. Men en sak har de gemensamt: r\u00e4tt sorts pannben f\u00f6r att maximera sina prestationer. Det m\u00e4rktes inte minst i tv-s\u00e4ndningen fr\u00e5n SM-veckan i Karlstad i somras, d\u00e4r de b\u00e5da hade en duell om guldet i jaktstarten.<\/p>\n<p data-start=\"1750\" data-end=\"2313\"><a href=\"https:\/\/scf.se\/paracykel\/wp-content\/uploads\/sites\/7\/2026\/09\/Alice.jpg\"><img loading=\"lazy\" decoding=\"async\" class=\"alignnone size-full wp-image-4535\" src=\"https:\/\/scf.se\/paracykel\/wp-content\/uploads\/sites\/7\/2026\/09\/Alice.jpg\" alt=\"\" width=\"1440\" height=\"1440\" srcset=\"https:\/\/scf.se\/paracykel\/wp-content\/uploads\/sites\/7\/2026\/09\/Alice.jpg 1440w, https:\/\/scf.se\/paracykel\/wp-content\/uploads\/sites\/7\/2026\/09\/Alice-300x300.jpg 300w, https:\/\/scf.se\/paracykel\/wp-content\/uploads\/sites\/7\/2026\/09\/Alice-1024x1024.jpg 1024w, https:\/\/scf.se\/paracykel\/wp-content\/uploads\/sites\/7\/2026\/09\/Alice-150x150.jpg 150w, https:\/\/scf.se\/paracykel\/wp-content\/uploads\/sites\/7\/2026\/09\/Alice-768x768.jpg 768w\" sizes=\"auto, (max-width: 1440px) 100vw, 1440px\" \/><\/a><\/p>\n<p data-start=\"2315\" data-end=\"2528\">Pannben har \u00e4ven f\u00f6rbundskaptenen Anna Beck, som med varm hand har l\u00e4mnat \u00f6ver ledarskapet under detta VM till Philip Lindau och Gustav H\u00f6\u00f6g. S\u00e5 h\u00e4r s\u00e4tter hon de b\u00e5da cyklisternas VM-resa i ett st\u00f6rre sammanhang:<\/p>\n<blockquote>\n<p data-start=\"2530\" data-end=\"2794\">&#8221;De nationer som har bra cyklister kommer att vara p\u00e5 plats, s\u00e5 det \u00e4r absolut konkurrens p\u00e5 v\u00e4rldsniv\u00e5. I C5, d\u00e4r Alice t\u00e4vlar, \u00e4r det n\u00e4rmare 20 cyklister anm\u00e4lda. De \u00e4r m\u00e5nga f\u00f6r att vara en paracykelklass och konkurrensen kommer att bli tuff&#8221;, s\u00e4ger Anna Beck.<\/p>\n<\/blockquote>\n<p data-start=\"2796\" data-end=\"3094\">Det \u00e4r f\u00f6rsta g\u00e5ngen b\u00e5de Alice och Minna t\u00e4vlar i ett v\u00e4rldsm\u00e4sterskap i cykel. N\u00e5gon stor resultatpress ska inte l\u00e4ggas p\u00e5 VM-debutanterna. Enbart deltagandet och m\u00f6jligheten att samla rankingpo\u00e4ng \u00e4r betydelsefullt \u2013 samtidigt som m\u00e4sterskapet blir ett viktigt steg i deras fortsatta utveckling.<\/p>\n<blockquote>\n<p data-start=\"3096\" data-end=\"3354\">&#8221;De kommer att prestera s\u00e5 bra de bara kan, men det \u00e4r deras f\u00f6rsta v\u00e4rldsm\u00e4sterskap. Det handlar om att skaffa sig erfarenhet och vara med n\u00e4r den yppersta eliten \u00e4r p\u00e5 plats. Att ha det h\u00e4r i ryggen kommer att betyda mycket f\u00f6r framtiden&#8221;, s\u00e4ger Anna Beck.<\/p>\n<\/blockquote>\n<p data-start=\"3356\" data-end=\"3689\">VM \u00e4r den t\u00e4vling d\u00e4r flest rankingpo\u00e4ng finns att h\u00e4mta och de 20 fr\u00e4msta i respektive klass f\u00e5r po\u00e4ng. Alla svenska damcyklister samlar po\u00e4ng till samma nationsranking, oavsett cykeltyp och klass. Sverige l\u00e5g vid den senaste kontrollen p\u00e5 17:e plats bland de europeiska nationerna.<\/p>\n<blockquote>\n<p data-start=\"3356\" data-end=\"3689\">&#8221;Men avst\u00e5ndet upp till kvalgr\u00e4nsen \u00e4r inte stort&#8221;, inflikar Anna Beck.<\/p>\n<\/blockquote>\n<p data-start=\"3691\" data-end=\"3892\">F\u00f6r att Sverige ska s\u00e4kra en damkvotplats till Paralympics 2028 redan under 2026 beh\u00f6ver nationen vara bland de 14 fr\u00e4msta europeiska l\u00e4nderna n\u00e4r det nuvarande rankingf\u00f6nstret st\u00e4nger den 31 december.<\/p>\n<blockquote>\n<p data-start=\"3894\" data-end=\"4173\">&#8221;Det var d\u00e4rmed j\u00e4tteviktigt f\u00f6r oss att \u00e5ka till VM, men det \u00e4r samtidigt tufft n\u00e4r m\u00e5nga cyklister \u00e4r med och alla h\u00e5ller h\u00f6g niv\u00e5. Vi kan beh\u00f6va n\u00e5gon placering h\u00f6gt upp i resultatlistan f\u00f6r att passera strecket. Det hade varit v\u00e4ldigt sk\u00f6nt att s\u00e4kra en damplats redan i \u00e5r men vi varken ska eller kan l\u00e4gga press p\u00e5 Alice och Minna&#8221;, s\u00e4ger Anna Beck.<\/p>\n<\/blockquote>\n<p data-start=\"4175\" data-end=\"4468\">Om Sverige inte n\u00e5r en kvotplats f\u00f6re \u00e5rsskiftet v\u00e4ntar en ny kvalperiod som p\u00e5g\u00e5r under hela 2027 och fram till juni 2028. En plats kan d\u00e5 s\u00e4kras betydligt n\u00e4rmare Paralympics, men en sen kvalificering inneb\u00e4r givetvis s\u00e4mre m\u00f6jligheter f\u00f6r cyklisterna att planera och f\u00f6rbereda sig optimalt. Om man \u00e4r dubbelidrottande \u00e4r det extra v\u00e4rdefullt att tidigt veta om det finns en realistisk m\u00f6jlighet att kunna \u00e5ka eller om man ska satsa mer p\u00e5 den andra idrotten.<\/p>\n<p data-start=\"4752\" data-end=\"5060\">Minna har gjort en n\u00e4rmast osannolik utveckling trots att hon \u00e4r mycket ny inom cykelsporten. Alice \u00e4r ocks\u00e5 ny inom t\u00e4vlingscyklingen, men har stor erfarenhet av m\u00e4sterskap genom sin satsning p\u00e5 l\u00e4ngdskidor.<\/p>\n<blockquote>\n<p data-start=\"5062\" data-end=\"5329\">&#8221;Ja, Minna har inte tr\u00e4nat eller cyklat p\u00e5 det h\u00e4r s\u00e4ttet tidigare och \u00e4r v\u00e4ldigt ny i sporten, s\u00e5 hon har gjort en otrolig utveckling. \u00c4ven om de \u00e4r nya i cykelsammanhang har b\u00e5da erfarenheter som \u00e4r v\u00e4rdefulla att ta med sig in i ett stort m\u00e4sterskap&#8221;, s\u00e4ger Anna Beck.<\/p>\n<\/blockquote>\n<p data-start=\"5331\" data-end=\"5490\">Uppladdningen har fungerat bra. B\u00e5da har varit friska, kunnat tr\u00e4na som planerat och genomf\u00f6rde \u00e4ven ett gemensamt tr\u00e4ningspass med inriktning p\u00e5 Annas egen specialdisciplin, tempo, i Falun f\u00f6r n\u00e5gra veckor sedan.<\/p>\n<blockquote>\n<p data-start=\"5492\" data-end=\"5797\">&#8221;Det har rullat p\u00e5 bra f\u00f6r b\u00e5da tv\u00e5. De k\u00e4nns glada och laddade p\u00e5 plats, s\u00e5 jag tror att de f\u00f6rbereder sig p\u00e5 b\u00e4sta s\u00e4tt. Dessutom har vi mycket erfarenhet runt dem. B\u00e5de Philip och Gustav har varit med p\u00e5 Paralympics och VM tidigare, s\u00e5 det \u00e4r tv\u00e5 v\u00e4ldigt bra och rutinerade ledare&#8221;, avslutar Anna Beck.<\/p>\n<\/blockquote>\n<h3 data-start=\"5492\" data-end=\"5797\">* * *<\/h3>\n<p data-start=\"5799\" data-end=\"6423\" data-is-last-node=\"\" data-is-only-node=\"\">Parallellt med VM-satsningen forts\u00e4tter arbetet med att rekrytera fler paracyklister, och det har redan lett till ett infl\u00f6de av nya intresserade \u2013 d\u00e4ribland \u00e4ven barn och ungdomar vilket \u00e4r v\u00e4lldigt gl\u00e4djande.<\/p>\n<p data-start=\"5799\" data-end=\"6423\" data-is-last-node=\"\" data-is-only-node=\"\">Har Du en fysisk funktionsneds\u00e4ttning eller synneds\u00e4ttning och vill unders\u00f6ka m\u00f6jligheten att klassificeras f\u00f6r att t\u00e4vla som paracyklist \u00e4r du v\u00e4lkommen att h\u00f6ra av dig. Inom landsv\u00e4gscyklingen anv\u00e4nds handcyklar, trikes, tandemcyklar samt vanliga racer- och tempocyklar, beroende p\u00e5 cyklistens f\u00f6ruts\u00e4ttningar.<\/p>\n<ul>\n<li data-start=\"5799\" data-end=\"6423\"><em><strong>Vill Du veta mer om v\u00e4gen mot t\u00e4vling och en m\u00f6jlig internationell satsning? Skicka en intresseanm\u00e4lan till: <a class=\"decorated-link\" href=\"mailto:info@paracykel.se\" rel=\"noopener\" data-start=\"6405\" data-end=\"6422\">info@paracykel.se<\/a><\/strong><\/em><\/li>\n<\/ul>\n<p><em>Text och foto: SCF<\/em><\/p>\n","protected":false},"excerpt":{"rendered":"<p>Alice Morelius och Minna V\u00e4nt\u00f6nen \u00e4r p\u00e5 plats i Huntsville i Alabama f\u00f6r sina f\u00f6rsta v\u00e4rldsm\u00e4sterskap i paracykel. De svenska VM-debutanterna st\u00e4lls mot v\u00e4rldens b\u00e4sta \u2013 samtidigt som varje insats \u00e4r viktig i jakten p\u00e5 en svensk damkvotplats till Paralympics i Los Angeles 2028 redan f\u00f6re \u00e5rsskiftet. &#8221;Tjejerna \u00e4r laddade och v\u00e4l f\u00f6rberedda. Vi<a href=\"https:\/\/scf.se\/paracykel\/laddade-svenska-vm-debutanter-alice-och-minna-i-heta-alabama\/\" class=\"news-card__more\"> &#8230;<\/a><\/p>\n","protected":false},"author":41,"featured_media":4529,"comment_status":"open","ping_status":"open","sticky":true,"template":"","format":"standard","meta":{"_acf_changed":false,"footnotes":""},"categories":[1],"tags":[],"class_list":["post-4524","post","type-post","status-publish","format-standard","hentry","category-paracykel"],"acf":[],"_links":{"self":[{"href":"https:\/\/scf.se\/paracykel\/wp-json\/wp\/v2\/posts\/4524","targetHints":{"allow":["GET"]}}],"collection":[{"href":"https:\/\/scf.se\/paracykel\/wp-json\/wp\/v2\/posts"}],"about":[{"href":"https:\/\/scf.se\/paracykel\/wp-json\/wp\/v2\/types\/post"}],"author":[{"embeddable":true,"href":"https:\/\/scf.se\/paracykel\/wp-json\/wp\/v2\/users\/41"}],"replies":[{"embeddable":true,"href":"https:\/\/scf.se\/paracykel\/wp-json\/wp\/v2\/comments?post=4524"}],"version-history":[{"count":9,"href":"https:\/\/scf.se\/paracykel\/wp-json\/wp\/v2\/posts\/4524\/revisions"}],"predecessor-version":[{"id":4536,"href":"https:\/\/scf.se\/paracykel\/wp-json\/wp\/v2\/posts\/4524\/revisions\/4536"}],"wp:featuredmedia":[{"embeddable":true,"href":"https:\/\/scf.se\/paracykel\/wp-json\/wp\/v2\/media\/4529"}],"wp:attachment":[{"href":"https:\/\/scf.se\/paracykel\/wp-json\/wp\/v2\/media?parent=4524"}],"wp:term":[{"taxonomy":"category","embeddable":true,"href":"https:\/\/scf.se\/paracykel\/wp-json\/wp\/v2\/categories?post=4524"},{"taxonomy":"post_tag","embeddable":true,"href":"https:\/\/scf.se\/paracykel\/wp-json\/wp\/v2\/tags?post=4524"}],"curies":[{"name":"wp","href":"https:\/\/api.w.org\/{rel}","templated":true}]}}