
{"id":4196,"date":"2026-04-08T12:40:25","date_gmt":"2026-04-08T10:40:25","guid":{"rendered":"https:\/\/scf.se\/paracykel\/?p=4196"},"modified":"2026-04-09T15:07:15","modified_gmt":"2026-04-09T13:07:15","slug":"prova-pa-tandem-i-stockholm","status":"publish","type":"post","link":"https:\/\/scf.se\/paracykel\/prova-pa-tandem-i-stockholm\/","title":{"rendered":"Prova p\u00e5 att cykla tandem utanf\u00f6r Stockholm den 13 april!"},"content":{"rendered":"<p><strong>SWE Cycling Para bjuder tillsammans med Stockholms syncentral, DBFK och SRF Stockholm Gotland in till Prova-p\u00e5-tandemcykling f\u00f6r personer som \u00e4r 10 \u00e5r och \u00e4ldre. Detta \u00e4r en unik m\u00f6jlighet att prova att cykla \u00e4ven om du har en synneds\u00e4ttning.<\/strong><\/p>\n<ul>\n<li><strong>N\u00e4r<\/strong>: 13 april<\/li>\n<li><strong>Var<\/strong>: Skogskyrkog\u00e5rden, Sandsborgsv\u00e4gen 52, Enskede<\/li>\n<li><strong>Anm\u00e4lan:<\/strong> anmalan@srfstockholmgotland.se<\/li>\n<li><em><strong><a href=\"https:\/\/scf.se\/paracykel\/wp-content\/uploads\/sites\/7\/2026\/04\/Inbjudan-tandem-Stockholm.docx\">Inbjudan tandem Stockholm<\/a><\/strong><\/em><\/li>\n<\/ul>\n<h3>Mer information om Tandemcykling:<\/h3>\n<p>Har du intresse av att forts\u00e4tta cykla tandem?<\/p>\n<ul>\n<li>Kontakta <a href=\"mailto:paracykel@scf.se\"><em><strong>paracykel@scf.se<\/strong><\/em><\/a><\/li>\n<li><em><strong><a href=\"https:\/\/scf.se\/paracykel\/pilotpool-till-tandem\/\">Eller bes\u00f6k v\u00e5r hemsida<\/a>!<\/strong><\/em><\/li>\n<\/ul>\n<p><em>Varmt v\u00e4lkomna,<br \/>\n<strong>SWE Cycling Para<\/strong><br \/>\n<\/em><\/p>\n","protected":false},"excerpt":{"rendered":"<p>SWE Cycling Para bjuder tillsammans med Stockholms syncentral, DBFK och SRF Stockholm Gotland in till Prova-p\u00e5-tandemcykling f\u00f6r personer som \u00e4r 10 \u00e5r och \u00e4ldre. Detta \u00e4r en unik m\u00f6jlighet att prova att cykla \u00e4ven om du har en synneds\u00e4ttning. N\u00e4r: 13 april Var: Skogskyrkog\u00e5rden, Sandsborgsv\u00e4gen 52, Enskede Anm\u00e4lan: anmalan@srfstockholmgotland.se Inbjudan tandem Stockholm Mer information<a href=\"https:\/\/scf.se\/paracykel\/prova-pa-tandem-i-stockholm\/\" class=\"news-card__more\"> &#8230;<\/a><\/p>\n","protected":false},"author":60,"featured_media":3914,"comment_status":"open","ping_status":"open","sticky":false,"template":"","format":"standard","meta":{"_acf_changed":false,"footnotes":""},"categories":[1],"tags":[],"class_list":["post-4196","post","type-post","status-publish","format-standard","hentry","category-paracykel"],"acf":[],"_links":{"self":[{"href":"https:\/\/scf.se\/paracykel\/wp-json\/wp\/v2\/posts\/4196","targetHints":{"allow":["GET"]}}],"collection":[{"href":"https:\/\/scf.se\/paracykel\/wp-json\/wp\/v2\/posts"}],"about":[{"href":"https:\/\/scf.se\/paracykel\/wp-json\/wp\/v2\/types\/post"}],"author":[{"embeddable":true,"href":"https:\/\/scf.se\/paracykel\/wp-json\/wp\/v2\/users\/60"}],"replies":[{"embeddable":true,"href":"https:\/\/scf.se\/paracykel\/wp-json\/wp\/v2\/comments?post=4196"}],"version-history":[{"count":6,"href":"https:\/\/scf.se\/paracykel\/wp-json\/wp\/v2\/posts\/4196\/revisions"}],"predecessor-version":[{"id":4204,"href":"https:\/\/scf.se\/paracykel\/wp-json\/wp\/v2\/posts\/4196\/revisions\/4204"}],"wp:featuredmedia":[{"embeddable":true,"href":"https:\/\/scf.se\/paracykel\/wp-json\/wp\/v2\/media\/3914"}],"wp:attachment":[{"href":"https:\/\/scf.se\/paracykel\/wp-json\/wp\/v2\/media?parent=4196"}],"wp:term":[{"taxonomy":"category","embeddable":true,"href":"https:\/\/scf.se\/paracykel\/wp-json\/wp\/v2\/categories?post=4196"},{"taxonomy":"post_tag","embeddable":true,"href":"https:\/\/scf.se\/paracykel\/wp-json\/wp\/v2\/tags?post=4196"}],"curies":[{"name":"wp","href":"https:\/\/api.w.org\/{rel}","templated":true}]}}