
{"id":3222,"date":"2026-08-31T11:55:54","date_gmt":"2026-08-31T09:55:54","guid":{"rendered":"https:\/\/scf.se\/paracykel\/?p=3222"},"modified":"2026-08-31T11:55:54","modified_gmt":"2026-08-31T09:55:54","slug":"satsa-mot-paralympics-och-en-internationell-karriar","status":"publish","type":"post","link":"https:\/\/scf.se\/paracykel\/satsa-mot-paralympics-och-en-internationell-karriar\/","title":{"rendered":"Satsa mot Paralympics och en internationell karri\u00e4r"},"content":{"rendered":"<p>Har du en fysisk funktionsneds\u00e4ttning eller synneds\u00e4ttning? Vill du unders\u00f6ka om den \u00e4r klassificeringsbar f\u00f6r att f\u00e5 t\u00e4vla som paracyklist? Tycker du om att t\u00e4vla? Tycker du om att cykla och t\u00e4vla? \u00c4r du villig att tr\u00e4na regelbundet p\u00e5 en h\u00f6g niv\u00e5? D\u00e5 \u00e4r vi svaret p\u00e5 det du s\u00f6ker!<\/p>\n<p>Landsv\u00e4gscyklister t\u00e4vlar med specialanpassad utrustning beroende p\u00e5 f\u00f6ruts\u00e4ttningarna s\u00e5 det finns plats f\u00f6r alla:<\/p>\n<ul>\n<li>Handcyklar<\/li>\n<li>Trikes (cyklar med tre hjul)<\/li>\n<li>Tandemcyklar<\/li>\n<li>Vanliga racer- och tempocyklar<\/li>\n<\/ul>\n<p>F\u00f6r att f\u00e5 veta mera om hur det g\u00e5r till att b\u00f6rja t\u00e4vla med sikte p\u00e5 en internationell karri\u00e4r inom paracykling \u00e4r du v\u00e4lkommen att skicka in en intresseanm\u00e4lan till: <em><strong>info@paracykel.se<\/strong><\/em><\/p>\n<img decoding=\"async\" src=\"https:\/\/scf.se\/paracykel\/wp-content\/uploads\/sites\/7\/2024\/05\/53730122213_5b165d4fb8_k.jpg\" \/>\n<p>Syntolkning: Bild p\u00e5 Landslaget och ledare i Italien 2024.<\/p>\n<p>Sedan blir du kontaktad av v\u00e5r nya f\u00f6rbundskapten <strong>Anna Beck<\/strong>, som bland annat har sju VM-guld och tre paralympiska medaljer, eller <strong>Michael Lindgren<\/strong> som med sin stora erfarenhet b\u00e5de som cyklist med VM-medaljer som f\u00f6rbundskapten \u00e4r h\u00f6gst delaktig i de s\u00e5 stora svenska framg\u00e5ngarna under de senaste sju \u00e5ren. Nu beh\u00f6ver vi fylla p\u00e5 med nya cyklister d\u00e5 Anna Beck och Henrik Marvig har avslutat sina internationella cykelkarri\u00e4rer.<\/p>\n<p>Vi tar alla f\u00f6rfr\u00e5gningar p\u00e5 allvar, s\u00e5 tveka inte p\u00e5 att h\u00f6ra av dig!<\/p>\n<p><em>B\u00e4sta h\u00e4lsningar,<\/em><br \/>\n<strong><em>SWE Cycling Para<\/em><\/strong><\/p>\n<p>&nbsp;<\/p>\n","protected":false},"excerpt":{"rendered":"<p>Har du en fysisk funktionsneds\u00e4ttning eller synneds\u00e4ttning? Vill du unders\u00f6ka om den \u00e4r klassificeringsbar f\u00f6r att f\u00e5 t\u00e4vla som paracyklist? Tycker du om att t\u00e4vla? Tycker du om att cykla och t\u00e4vla? \u00c4r du villig att tr\u00e4na regelbundet p\u00e5 en h\u00f6g niv\u00e5? D\u00e5 \u00e4r vi svaret p\u00e5 det du s\u00f6ker! Landsv\u00e4gscyklister t\u00e4vlar med specialanpassad<a href=\"https:\/\/scf.se\/paracykel\/satsa-mot-paralympics-och-en-internationell-karriar\/\" class=\"news-card__more\"> &#8230;<\/a><\/p>\n","protected":false},"author":43,"featured_media":3058,"comment_status":"open","ping_status":"open","sticky":false,"template":"","format":"standard","meta":{"_acf_changed":false,"footnotes":""},"categories":[1],"tags":[],"class_list":["post-3222","post","type-post","status-publish","format-standard","hentry","category-paracykel"],"acf":[],"_links":{"self":[{"href":"https:\/\/scf.se\/paracykel\/wp-json\/wp\/v2\/posts\/3222","targetHints":{"allow":["GET"]}}],"collection":[{"href":"https:\/\/scf.se\/paracykel\/wp-json\/wp\/v2\/posts"}],"about":[{"href":"https:\/\/scf.se\/paracykel\/wp-json\/wp\/v2\/types\/post"}],"author":[{"embeddable":true,"href":"https:\/\/scf.se\/paracykel\/wp-json\/wp\/v2\/users\/43"}],"replies":[{"embeddable":true,"href":"https:\/\/scf.se\/paracykel\/wp-json\/wp\/v2\/comments?post=3222"}],"version-history":[{"count":5,"href":"https:\/\/scf.se\/paracykel\/wp-json\/wp\/v2\/posts\/3222\/revisions"}],"predecessor-version":[{"id":4517,"href":"https:\/\/scf.se\/paracykel\/wp-json\/wp\/v2\/posts\/3222\/revisions\/4517"}],"wp:featuredmedia":[{"embeddable":true,"href":"https:\/\/scf.se\/paracykel\/wp-json\/wp\/v2\/media\/3058"}],"wp:attachment":[{"href":"https:\/\/scf.se\/paracykel\/wp-json\/wp\/v2\/media?parent=3222"}],"wp:term":[{"taxonomy":"category","embeddable":true,"href":"https:\/\/scf.se\/paracykel\/wp-json\/wp\/v2\/categories?post=3222"},{"taxonomy":"post_tag","embeddable":true,"href":"https:\/\/scf.se\/paracykel\/wp-json\/wp\/v2\/tags?post=3222"}],"curies":[{"name":"wp","href":"https:\/\/api.w.org\/{rel}","templated":true}]}}