
{"id":2232,"date":"2023-08-12T21:28:13","date_gmt":"2023-08-12T19:28:13","guid":{"rendered":"http:\/\/scf.se\/paracykel\/?p=2232"},"modified":"2023-08-17T14:32:42","modified_gmt":"2023-08-17T12:32:42","slug":"bildextra-anna-beck-femma-och-henrik-marvig-sexa-i-vm-linjeloppet","status":"publish","type":"post","link":"https:\/\/scf.se\/paracykel\/bildextra-anna-beck-femma-och-henrik-marvig-sexa-i-vm-linjeloppet\/","title":{"rendered":"BILDEXTRA: Henrik Marvig sexa och Anna Beck femma i VM-linjeloppet"},"content":{"rendered":"<p><strong>Anna Beck som tog VM-guld p\u00e5 tempo, f\u00f6rs\u00f6kte p\u00e5 alla s\u00e4tt att bli av med f\u00e4ltets vassaste spurtare. Men alla f\u00f6rsvann inte och hon slutade femma i VM-linjeloppet efter dessutom att ha blivit tr\u00e4ngd i inledningen av spurten. Riktigt fin storinternationell comeback av Henrik Marvig, som slutade sexa av 22 startande i MC3.<\/strong><\/p>\n<blockquote><p>&#8221;Kanonbra, Henrik har inte k\u00f6rt para sedan Tokyo&#8221;, s\u00e4ger f\u00f6rbundskaptenen Michael Lindgren.<\/p><\/blockquote>\n<div id=\"attachment_2255\" class=\"wp-caption alignnone\" ><a href=\"https:\/\/scf.se\/paracykel\/wp-content\/uploads\/sites\/7\/2023\/08\/53110255112_e1d0aa3739_c.jpg\"><img loading=\"lazy\" decoding=\"async\" class=\"size-full wp-image-2255\" src=\"https:\/\/scf.se\/paracykel\/wp-content\/uploads\/sites\/7\/2023\/08\/53110255112_e1d0aa3739_c.jpg\" alt=\"\" width=\"799\" height=\"533\" srcset=\"https:\/\/scf.se\/paracykel\/wp-content\/uploads\/sites\/7\/2023\/08\/53110255112_e1d0aa3739_c.jpg 799w, https:\/\/scf.se\/paracykel\/wp-content\/uploads\/sites\/7\/2023\/08\/53110255112_e1d0aa3739_c-300x200.jpg 300w, https:\/\/scf.se\/paracykel\/wp-content\/uploads\/sites\/7\/2023\/08\/53110255112_e1d0aa3739_c-768x512.jpg 768w\" sizes=\"auto, (max-width: 799px) 100vw, 799px\" \/><\/a><p class=\"wp-caption-text\"><em>Henrik Marvig \u00e4r tillbaka p\u00e5 den storinternationella parascenen och var sexa i VM-linjeloppet. Foto: Karl Nilsson\/ SPK<\/em><\/p><\/div>\n<a href=\"https:\/\/scf.se\/paracykel\/wp-content\/uploads\/sites\/7\/2023\/08\/53110255192_19f44ba800_k.jpg\"><img loading=\"lazy\" decoding=\"async\" class=\"alignnone size-full wp-image-2276\" src=\"https:\/\/scf.se\/paracykel\/wp-content\/uploads\/sites\/7\/2023\/08\/53110255192_19f44ba800_k.jpg\" alt=\"\" width=\"2048\" height=\"1365\" srcset=\"https:\/\/scf.se\/paracykel\/wp-content\/uploads\/sites\/7\/2023\/08\/53110255192_19f44ba800_k.jpg 2048w, https:\/\/scf.se\/paracykel\/wp-content\/uploads\/sites\/7\/2023\/08\/53110255192_19f44ba800_k-300x200.jpg 300w, https:\/\/scf.se\/paracykel\/wp-content\/uploads\/sites\/7\/2023\/08\/53110255192_19f44ba800_k-1024x683.jpg 1024w, https:\/\/scf.se\/paracykel\/wp-content\/uploads\/sites\/7\/2023\/08\/53110255192_19f44ba800_k-768x512.jpg 768w, https:\/\/scf.se\/paracykel\/wp-content\/uploads\/sites\/7\/2023\/08\/53110255192_19f44ba800_k-1536x1024.jpg 1536w\" sizes=\"auto, (max-width: 2048px) 100vw, 2048px\" \/><\/a> <a href=\"https:\/\/scf.se\/paracykel\/wp-content\/uploads\/sites\/7\/2023\/08\/53111335178_e7d4f38ad5_k.jpg\"><img loading=\"lazy\" decoding=\"async\" class=\"alignnone size-full wp-image-2277\" src=\"https:\/\/scf.se\/paracykel\/wp-content\/uploads\/sites\/7\/2023\/08\/53111335178_e7d4f38ad5_k.jpg\" alt=\"\" width=\"2048\" height=\"1365\" srcset=\"https:\/\/scf.se\/paracykel\/wp-content\/uploads\/sites\/7\/2023\/08\/53111335178_e7d4f38ad5_k.jpg 2048w, https:\/\/scf.se\/paracykel\/wp-content\/uploads\/sites\/7\/2023\/08\/53111335178_e7d4f38ad5_k-300x200.jpg 300w, https:\/\/scf.se\/paracykel\/wp-content\/uploads\/sites\/7\/2023\/08\/53111335178_e7d4f38ad5_k-1024x683.jpg 1024w, https:\/\/scf.se\/paracykel\/wp-content\/uploads\/sites\/7\/2023\/08\/53111335178_e7d4f38ad5_k-768x512.jpg 768w, https:\/\/scf.se\/paracykel\/wp-content\/uploads\/sites\/7\/2023\/08\/53111335178_e7d4f38ad5_k-1536x1024.jpg 1536w\" sizes=\"auto, (max-width: 2048px) 100vw, 2048px\" \/><\/a>\n<a href=\"https:\/\/scf.se\/paracykel\/wp-content\/uploads\/sites\/7\/2023\/08\/53111335203_d5e01320c3_c.jpg\"><img loading=\"lazy\" decoding=\"async\" class=\"alignnone size-full wp-image-2257\" src=\"https:\/\/scf.se\/paracykel\/wp-content\/uploads\/sites\/7\/2023\/08\/53111335203_d5e01320c3_c.jpg\" alt=\"\" width=\"799\" height=\"533\" srcset=\"https:\/\/scf.se\/paracykel\/wp-content\/uploads\/sites\/7\/2023\/08\/53111335203_d5e01320c3_c.jpg 799w, https:\/\/scf.se\/paracykel\/wp-content\/uploads\/sites\/7\/2023\/08\/53111335203_d5e01320c3_c-300x200.jpg 300w, https:\/\/scf.se\/paracykel\/wp-content\/uploads\/sites\/7\/2023\/08\/53111335203_d5e01320c3_c-768x512.jpg 768w\" sizes=\"auto, (max-width: 799px) 100vw, 799px\" \/><\/a>\n<p>Marvig \u00e4r en v\u00e4ldigt meriterad paracyklist men har haft ett l\u00e5ng skadeuppeh\u00e5ll. Nu positionerade han sig bra och vann l\u00e5ngspurten om sj\u00e4tteplatsen.<\/p>\n<a href=\"https:\/\/scf.se\/paracykel\/wp-content\/uploads\/sites\/7\/2023\/08\/53110606062_4e0b6035d9_k.jpg\"><img loading=\"lazy\" decoding=\"async\" class=\"alignnone size-full wp-image-2254\" src=\"https:\/\/scf.se\/paracykel\/wp-content\/uploads\/sites\/7\/2023\/08\/53110606062_4e0b6035d9_k.jpg\" alt=\"\" width=\"2048\" height=\"1365\" srcset=\"https:\/\/scf.se\/paracykel\/wp-content\/uploads\/sites\/7\/2023\/08\/53110606062_4e0b6035d9_k.jpg 2048w, https:\/\/scf.se\/paracykel\/wp-content\/uploads\/sites\/7\/2023\/08\/53110606062_4e0b6035d9_k-300x200.jpg 300w, https:\/\/scf.se\/paracykel\/wp-content\/uploads\/sites\/7\/2023\/08\/53110606062_4e0b6035d9_k-1024x683.jpg 1024w, https:\/\/scf.se\/paracykel\/wp-content\/uploads\/sites\/7\/2023\/08\/53110606062_4e0b6035d9_k-768x512.jpg 768w, https:\/\/scf.se\/paracykel\/wp-content\/uploads\/sites\/7\/2023\/08\/53110606062_4e0b6035d9_k-1536x1024.jpg 1536w\" sizes=\"auto, (max-width: 2048px) 100vw, 2048px\" \/><\/a> <a href=\"https:\/\/scf.se\/paracykel\/wp-content\/uploads\/sites\/7\/2023\/08\/53110605992_c5914ac919_c.jpg\"><img loading=\"lazy\" decoding=\"async\" class=\"alignnone size-full wp-image-2253\" src=\"https:\/\/scf.se\/paracykel\/wp-content\/uploads\/sites\/7\/2023\/08\/53110605992_c5914ac919_c.jpg\" alt=\"\" width=\"799\" height=\"533\" srcset=\"https:\/\/scf.se\/paracykel\/wp-content\/uploads\/sites\/7\/2023\/08\/53110605992_c5914ac919_c.jpg 799w, https:\/\/scf.se\/paracykel\/wp-content\/uploads\/sites\/7\/2023\/08\/53110605992_c5914ac919_c-300x200.jpg 300w, https:\/\/scf.se\/paracykel\/wp-content\/uploads\/sites\/7\/2023\/08\/53110605992_c5914ac919_c-768x512.jpg 768w\" sizes=\"auto, (max-width: 799px) 100vw, 799px\" \/><\/a> <a href=\"https:\/\/scf.se\/paracykel\/wp-content\/uploads\/sites\/7\/2023\/08\/53110606012_483d7802b4_c.jpg\"><img loading=\"lazy\" decoding=\"async\" class=\"alignnone size-full wp-image-2251\" src=\"https:\/\/scf.se\/paracykel\/wp-content\/uploads\/sites\/7\/2023\/08\/53110606012_483d7802b4_c.jpg\" alt=\"\" width=\"799\" height=\"533\" srcset=\"https:\/\/scf.se\/paracykel\/wp-content\/uploads\/sites\/7\/2023\/08\/53110606012_483d7802b4_c.jpg 799w, https:\/\/scf.se\/paracykel\/wp-content\/uploads\/sites\/7\/2023\/08\/53110606012_483d7802b4_c-300x200.jpg 300w, https:\/\/scf.se\/paracykel\/wp-content\/uploads\/sites\/7\/2023\/08\/53110606012_483d7802b4_c-768x512.jpg 768w\" sizes=\"auto, (max-width: 799px) 100vw, 799px\" \/><\/a>\n<p>Tandemparet med Louise Jannering och Catrin Nilsson slutade elva och s\u00e5 var det d\u00e5 dags f\u00f6r Anna Beck att \u00e5terigen f\u00f6rs\u00f6ka undvika att ha spurtkanoner som kinesiskan Xiaomei Wang med\u00a0 sig till upploppet.<\/p>\n<a href=\"https:\/\/scf.se\/paracykel\/wp-content\/uploads\/sites\/7\/2023\/08\/53111961403_e612d2e1fd_k.jpg\"><img loading=\"lazy\" decoding=\"async\" class=\"alignnone size-full wp-image-2244\" src=\"https:\/\/scf.se\/paracykel\/wp-content\/uploads\/sites\/7\/2023\/08\/53111961403_e612d2e1fd_k.jpg\" alt=\"\" width=\"2048\" height=\"1365\" srcset=\"https:\/\/scf.se\/paracykel\/wp-content\/uploads\/sites\/7\/2023\/08\/53111961403_e612d2e1fd_k.jpg 2048w, https:\/\/scf.se\/paracykel\/wp-content\/uploads\/sites\/7\/2023\/08\/53111961403_e612d2e1fd_k-300x200.jpg 300w, https:\/\/scf.se\/paracykel\/wp-content\/uploads\/sites\/7\/2023\/08\/53111961403_e612d2e1fd_k-1024x683.jpg 1024w, https:\/\/scf.se\/paracykel\/wp-content\/uploads\/sites\/7\/2023\/08\/53111961403_e612d2e1fd_k-768x512.jpg 768w, https:\/\/scf.se\/paracykel\/wp-content\/uploads\/sites\/7\/2023\/08\/53111961403_e612d2e1fd_k-1536x1024.jpg 1536w\" sizes=\"auto, (max-width: 2048px) 100vw, 2048px\" \/><\/a>\n<a href=\"https:\/\/scf.se\/paracykel\/wp-content\/uploads\/sites\/7\/2023\/08\/53111664074_675389eb42_c.jpg\"><img loading=\"lazy\" decoding=\"async\" class=\"alignnone size-full wp-image-2248\" src=\"https:\/\/scf.se\/paracykel\/wp-content\/uploads\/sites\/7\/2023\/08\/53111664074_675389eb42_c.jpg\" alt=\"\" width=\"799\" height=\"533\" srcset=\"https:\/\/scf.se\/paracykel\/wp-content\/uploads\/sites\/7\/2023\/08\/53111664074_675389eb42_c.jpg 799w, https:\/\/scf.se\/paracykel\/wp-content\/uploads\/sites\/7\/2023\/08\/53111664074_675389eb42_c-300x200.jpg 300w, https:\/\/scf.se\/paracykel\/wp-content\/uploads\/sites\/7\/2023\/08\/53111664074_675389eb42_c-768x512.jpg 768w\" sizes=\"auto, (max-width: 799px) 100vw, 799px\" \/><\/a> <a href=\"https:\/\/scf.se\/paracykel\/wp-content\/uploads\/sites\/7\/2023\/08\/53111455681_8e9a7fb9c4_c.jpg\"><img loading=\"lazy\" decoding=\"async\" class=\"alignnone size-full wp-image-2247\" src=\"https:\/\/scf.se\/paracykel\/wp-content\/uploads\/sites\/7\/2023\/08\/53111455681_8e9a7fb9c4_c.jpg\" alt=\"\" width=\"799\" height=\"533\" srcset=\"https:\/\/scf.se\/paracykel\/wp-content\/uploads\/sites\/7\/2023\/08\/53111455681_8e9a7fb9c4_c.jpg 799w, https:\/\/scf.se\/paracykel\/wp-content\/uploads\/sites\/7\/2023\/08\/53111455681_8e9a7fb9c4_c-300x200.jpg 300w, https:\/\/scf.se\/paracykel\/wp-content\/uploads\/sites\/7\/2023\/08\/53111455681_8e9a7fb9c4_c-768x512.jpg 768w\" sizes=\"auto, (max-width: 799px) 100vw, 799px\" \/><\/a> <a href=\"https:\/\/scf.se\/paracykel\/wp-content\/uploads\/sites\/7\/2023\/08\/53111664039_2e60de7251_c.jpg\"><img loading=\"lazy\" decoding=\"async\" class=\"alignnone size-full wp-image-2246\" src=\"https:\/\/scf.se\/paracykel\/wp-content\/uploads\/sites\/7\/2023\/08\/53111664039_2e60de7251_c.jpg\" alt=\"\" width=\"799\" height=\"533\" srcset=\"https:\/\/scf.se\/paracykel\/wp-content\/uploads\/sites\/7\/2023\/08\/53111664039_2e60de7251_c.jpg 799w, https:\/\/scf.se\/paracykel\/wp-content\/uploads\/sites\/7\/2023\/08\/53111664039_2e60de7251_c-300x200.jpg 300w, https:\/\/scf.se\/paracykel\/wp-content\/uploads\/sites\/7\/2023\/08\/53111664039_2e60de7251_c-768x512.jpg 768w\" sizes=\"auto, (max-width: 799px) 100vw, 799px\" \/><\/a>\n<p>Det gick i v\u00e4rldscupen i USA, men inte p\u00e5 VM i Skottland. N\u00e4r hon dessutom blev lite tr\u00e4ngd n\u00e4r spurten drogs upp var det k\u00f6rt om medalj.<\/p>\n<a href=\"https:\/\/scf.se\/paracykel\/wp-content\/uploads\/sites\/7\/2023\/08\/53110879802_f54aa177f6_c.jpg\"><img loading=\"lazy\" decoding=\"async\" class=\"alignnone size-full wp-image-2245\" src=\"https:\/\/scf.se\/paracykel\/wp-content\/uploads\/sites\/7\/2023\/08\/53110879802_f54aa177f6_c.jpg\" alt=\"\" width=\"799\" height=\"533\" srcset=\"https:\/\/scf.se\/paracykel\/wp-content\/uploads\/sites\/7\/2023\/08\/53110879802_f54aa177f6_c.jpg 799w, https:\/\/scf.se\/paracykel\/wp-content\/uploads\/sites\/7\/2023\/08\/53110879802_f54aa177f6_c-300x200.jpg 300w, https:\/\/scf.se\/paracykel\/wp-content\/uploads\/sites\/7\/2023\/08\/53110879802_f54aa177f6_c-768x512.jpg 768w\" sizes=\"auto, (max-width: 799px) 100vw, 799px\" \/><\/a>\n<blockquote><p>&#8221;Det var en dag d\u00e5 Henrik visade att han vill vara med och kriga om en plats till Paris 2024 och Paralympics. Tandemtjejerna har inte f\u00e5tt till det fullt ut, men det finns vilja och potential med att de kommer att forts\u00e4tta utvecklingen f\u00f6r att vara p\u00e5 en h\u00f6gre niv\u00e5 tillsammans 2024&#8221;, s\u00e4ger f\u00f6rbundskaptenen Michael Lindgren och forts\u00e4tter:<\/p>\n<p>&#8221;Anna var besviken efter att blivit tr\u00e4ngd innan spurten, hon gjorde ett ryck p\u00e5 sista varvet och k\u00f6rde solo i n\u00e5gra kilometer, innan hon blev ikappk\u00f6rd av de fyra f\u00f6re henne i m\u00e5l. Sammantaget ett bra VM och alla h\u00e4r f\u00e5r med sig n\u00e5got fr\u00e5n de h\u00e4r t\u00e4vlingarna. Det \u00e4r VM och alla vill ta hem m\u00e4startr\u00f6jan och minst en medalj. Vi har h\u00e4r p\u00e5 VM haft ett dreamteam med Philip Lindau som coach och Gustav H\u00f6\u00f6g som mekaniker. Vi tar med oss l\u00e4rdomar fr\u00e5n det h\u00e4r m\u00e4sterskapet och satsar mot s\u00e4songen 2024.&#8221;<\/p><\/blockquote>\n<p>N\u00e4sta s\u00e4song inneh\u00e5ller bland annat tre v\u00e4rldscuper p\u00e5 landsv\u00e4g, VM p\u00e5 bana i Rio Brasilien innan Paralympics i Paris 2024.<\/p>\n<h2>VM linjelopp para WC3<\/h2>\n<ol>\n<li><strong>Xiaomei Wang<\/strong>, Kina +29,41<\/li>\n<li><strong>Keiko Sugiura,<\/strong> Japan +0<\/li>\n<li><strong>Paige Greco,<\/strong> Australien +0<\/li>\n<li><strong>Aniek van den Aarssen<\/strong>, Nederl\u00e4nderna +0.03<\/li>\n<li><strong>Anna Beck<\/strong>, Sverige +0.04<\/li>\n<li><strong>Mel Pemble,<\/strong> Kanada +.0,53<\/li>\n<\/ol>\n<h2>VM linjelopp para MC3<\/h2>\n<ul>\n<li>1 <strong>Finlay Graham,<\/strong> Storbritannien 1:32:59<\/li>\n<li>2 <strong>Thomas Peyroton Dartet<\/strong>, Frankrike\u00a0 +0.02<\/li>\n<li>3 <strong>Benjamin Watson<\/strong>, Storbritannien +0.15<\/li>\n<li>6 <strong>Henrik Marvig<\/strong>, Sverige +1.41<\/li>\n<\/ul>\n<h2>VM linjelopp para tandem WB<\/h2>\n<ul>\n<li>1 <strong>Katie-George Dunlevy<\/strong>, Irland 1.59.49<\/li>\n<li>2 <strong>Otylia Marczuk<\/strong>, Polen +1.44<\/li>\n<li>3<strong> Sophie Unwin<\/strong>, Storbritannien +4.16<\/li>\n<li>11 <strong>Louise Jannering<\/strong>\/<strong> Catrin Nilsson<\/strong>, Sverige +14.25<\/li>\n<\/ul>\n<p><em>Text: Svenska Cykelf\u00f6rbundet<\/em><br \/>\n<em>Foto: Karl Nilsson\/ SPK<\/em><\/p>\n<hr \/>\n<p><em><strong>Svenska Cykelf\u00f6rbundet \u00e4r stolta \u00f6ver att presentera v\u00e5ra samarbetspartners. Tack vare dessa fantastiska f\u00f6retag kan v\u00e5ra cyklister oftare ta sig l\u00e4ngre ut i v\u00e4rlden.<\/strong><\/em><\/p>\n<h2><a href=\"https:\/\/scf.se\/forbundet\/sponsorer\/\"><img loading=\"lazy\" decoding=\"async\" class=\"alignnone size-full wp-image-3872\" src=\"https:\/\/scf.se\/landsvag\/wp-content\/uploads\/sites\/5\/2023\/02\/LiggandeBannerNyheterHemsida2023.png\" alt=\"\" width=\"1200\" height=\"200\" \/><\/a><\/h2>\n","protected":false},"excerpt":{"rendered":"<p>Anna Beck som tog VM-guld p\u00e5 tempo, f\u00f6rs\u00f6kte p\u00e5 alla s\u00e4tt att bli av med f\u00e4ltets vassaste spurtare. Men alla f\u00f6rsvann inte och hon slutade femma i VM-linjeloppet efter dessutom att ha blivit tr\u00e4ngd i inledningen av spurten. Riktigt fin storinternationell comeback av Henrik Marvig, som slutade sexa av 22 startande i MC3. &#8221;Kanonbra,<a href=\"https:\/\/scf.se\/paracykel\/bildextra-anna-beck-femma-och-henrik-marvig-sexa-i-vm-linjeloppet\/\" class=\"news-card__more\"> &#8230;<\/a><\/p>\n","protected":false},"author":41,"featured_media":2244,"comment_status":"open","ping_status":"open","sticky":false,"template":"","format":"standard","meta":{"_acf_changed":false,"footnotes":""},"categories":[1],"tags":[],"class_list":["post-2232","post","type-post","status-publish","format-standard","hentry","category-paracykel"],"acf":[],"_links":{"self":[{"href":"https:\/\/scf.se\/paracykel\/wp-json\/wp\/v2\/posts\/2232","targetHints":{"allow":["GET"]}}],"collection":[{"href":"https:\/\/scf.se\/paracykel\/wp-json\/wp\/v2\/posts"}],"about":[{"href":"https:\/\/scf.se\/paracykel\/wp-json\/wp\/v2\/types\/post"}],"author":[{"embeddable":true,"href":"https:\/\/scf.se\/paracykel\/wp-json\/wp\/v2\/users\/41"}],"replies":[{"embeddable":true,"href":"https:\/\/scf.se\/paracykel\/wp-json\/wp\/v2\/comments?post=2232"}],"version-history":[{"count":0,"href":"https:\/\/scf.se\/paracykel\/wp-json\/wp\/v2\/posts\/2232\/revisions"}],"wp:featuredmedia":[{"embeddable":true,"href":"https:\/\/scf.se\/paracykel\/wp-json\/wp\/v2\/media\/2244"}],"wp:attachment":[{"href":"https:\/\/scf.se\/paracykel\/wp-json\/wp\/v2\/media?parent=2232"}],"wp:term":[{"taxonomy":"category","embeddable":true,"href":"https:\/\/scf.se\/paracykel\/wp-json\/wp\/v2\/categories?post=2232"},{"taxonomy":"post_tag","embeddable":true,"href":"https:\/\/scf.se\/paracykel\/wp-json\/wp\/v2\/tags?post=2232"}],"curies":[{"name":"wp","href":"https:\/\/api.w.org\/{rel}","templated":true}]}}