
{"id":1665,"date":"2022-03-02T11:29:18","date_gmt":"2022-03-02T10:29:18","guid":{"rendered":"http:\/\/scf.se\/paracykel\/?p=1665"},"modified":"2022-03-02T16:27:51","modified_gmt":"2022-03-02T15:27:51","slug":"anna-beck-ledstjarna-for-fler-i-rorelse-och-siktar-pa-paris","status":"publish","type":"post","link":"https:\/\/scf.se\/paracykel\/anna-beck-ledstjarna-for-fler-i-rorelse-och-siktar-pa-paris\/","title":{"rendered":"Anna Beck ledstj\u00e4rna f\u00f6r att f\u00e5 fler i r\u00f6relse \u2013 och siktar p\u00e5 Paris"},"content":{"rendered":"<p><strong>N\u00e4r Anna Beck v\u00e4l hade landat efter en fullst\u00e4ndigt fantastisk s\u00e4song har hon nu beslutat sig f\u00f6r att det BLIR en satsning mot Paralympics i Paris 2024. En lika viktig som inspirerande del i att m\u00f6jligg\u00f6ra detta \u00e4r att hon kan kombinera satsningen mot Paris med att bli frontfigur i Svenska Cykelf\u00f6rbundets nya Projekt Ledstj\u00e4rna, med st\u00f6d av Riksidrottsf\u00f6rbundets och Svenska Spels initiativ Tillsammans f\u00f6r fler i r\u00f6relse.<\/strong><\/p>\n<p>Genom att anv\u00e4nda specialidrottsf\u00f6rbundens kunskap och kreativitet bidrar Svenska Spel till att fler blir fysiskt aktiva. Svensk paracykel nappade p\u00e5 id\u00e9n och nu \u00e4r det klart att det blir Anna Beck som fr\u00e5n 1 maj\u00a0 ska leda Projekt Ledstj\u00e4rna.<\/p>\n<blockquote><p>\u201dDet handlar om att f\u00e5 fler i r\u00f6relse och det \u00e4r n\u00e5got som jag brinner f\u00f6r \u2013 inkludera fler till v\u00e5r fantastiska sport och m\u00f6jligg\u00f6ra att fler f\u00e5r f\u00f6ruts\u00e4ttningar att r\u00f6ra p\u00e5 sig\u201d, s\u00e4ger Anna Beck.<\/p><\/blockquote>\n<p>Det handlar med andra ord absolut inte bara om t\u00e4vlingscykling.<\/p>\n<blockquote><p>\u201dDet g\u00e4ller precis alla omr\u00e5den, fr\u00e5n att f\u00e5 allt fler att t\u00e4nka sig cykeln som ett m\u00f6jligt f\u00e4rdmedel till att f\u00e5 i alla fall n\u00e5gra f\u00e5 att vilja t\u00e4vla h\u00f6g niv\u00e5 och komma ut p\u00e5 t\u00e4vlingar. Det m\u00e4rks ju att cykel blir allt mera popul\u00e4rt i st\u00e4llet f\u00f6r att ta bilen, s\u00e5 jag kommer in i ett bra l\u00e4ge&#8230;\u201d<\/p><\/blockquote>\n<p>Det \u00e4r f\u00f6rst\u00e5s extra l\u00e4tt att bli stillasittande om man, som Anna sj\u00e4lv, har en funktionsneds\u00e4ttning.<\/p>\n<blockquote><p>&#8221;Det blir en utmaning f\u00f6r mig. Vi har n\u00e5gra fantastiska dep\u00e5er i svensk paracykel. Men jag skulle vilja se fler f\u00f6reningar som erbjuder paracykel. Sedan kommer vi att arrangera prova p\u00e5-dagar (Falkenbergs motorbana \u00e4r 12 juni \u00e4r exempelvis inbokat) som det ju g\u00e4ller att marknadsf\u00f6ra p\u00e5 sociala medier. Det g\u00e4ller att f\u00e5 in k\u00e4nslan &#8217;det h\u00e4r vill jag g\u00f6ra&#8217; n\u00e4r n\u00e5gon till exempel ser det p\u00e5 Facebook, kan i sin tur m\u00f6jligg\u00f6ra att fler klubbar tar in paracykel&#8221;, s\u00e4ger Anna Beck entusiastiskt.<\/p><\/blockquote>\n<p><strong>Det k\u00e4nns som att du redan brinner f\u00f6r ditt nya jobb va?<\/strong><\/p>\n<blockquote><p>&#8221;Absolut! Det k\u00e4nns som att det h\u00e4r kommer passa mig bra. Tillsammans med teamet s\u00e5 kommer vi g\u00f6ra allt f\u00f6r att n\u00e5 ut till nya personer som vill b\u00f6rja cykla, cykla mer eller p\u00e5b\u00f6rja en egen satsning som t\u00e4vlingscyklist.&#8221;<\/p>\n<p>&nbsp;<\/p><\/blockquote>\n<div id=\"attachment_1669\" class=\"wp-caption alignnone\" ><a href=\"https:\/\/scf.se\/paracykel\/wp-content\/uploads\/sites\/7\/2022\/03\/Anna-Beck-VM-troja-1.jpg\"><img loading=\"lazy\" decoding=\"async\" class=\"size-full wp-image-1669\" src=\"https:\/\/scf.se\/paracykel\/wp-content\/uploads\/sites\/7\/2022\/03\/Anna-Beck-VM-troja-1.jpg\" alt=\"\" width=\"1872\" height=\"2073\" srcset=\"https:\/\/scf.se\/paracykel\/wp-content\/uploads\/sites\/7\/2022\/03\/Anna-Beck-VM-troja-1.jpg 1872w, https:\/\/scf.se\/paracykel\/wp-content\/uploads\/sites\/7\/2022\/03\/Anna-Beck-VM-troja-1-271x300.jpg 271w, https:\/\/scf.se\/paracykel\/wp-content\/uploads\/sites\/7\/2022\/03\/Anna-Beck-VM-troja-1-925x1024.jpg 925w, https:\/\/scf.se\/paracykel\/wp-content\/uploads\/sites\/7\/2022\/03\/Anna-Beck-VM-troja-1-768x850.jpg 768w, https:\/\/scf.se\/paracykel\/wp-content\/uploads\/sites\/7\/2022\/03\/Anna-Beck-VM-troja-1-1387x1536.jpg 1387w, https:\/\/scf.se\/paracykel\/wp-content\/uploads\/sites\/7\/2022\/03\/Anna-Beck-VM-troja-1-1849x2048.jpg 1849w\" sizes=\"auto, (max-width: 1872px) 100vw, 1872px\" \/><\/a><p class=\"wp-caption-text\">Anna Beck har sj\u00e4lv visat att det g\u00e5r att b\u00f6rja elitidrotta ganska sent. h\u00e4r har hon just vunnit VM-guld i linjeloppet i portugisiska Cascais. Nu ska Anna dela med sig av sina erfarenheter f\u00f6r att i Projekt Ledstj\u00e4rna f\u00e5 b\u00e5de vardagsmotion\u00e4rer att anv\u00e4nda cykeln och f\u00e5 fler s\u00f6ka sig till cykelt\u00e4vlingar. Och hon f\u00e5r fram till VM i Kanada p\u00e5 sensommaren k\u00f6ra i v\u00e4rldsm\u00e4startr\u00f6jan, b\u00e5de i tempo och linjelopp.<\/p><\/div>\n<h2>Regerande v\u00e4rldsm\u00e4stare tar nu sikte p\u00e5 VM i h\u00f6st och Paralympics 2024<\/h2>\n<p>N\u00e4r det g\u00e4ller den egna aktiva karri\u00e4ren tog sig Anna en rej\u00e4l funderare under vintern. Och efter att ha landat efter den s\u00e5 fantastiska s\u00e4songen 2021 med tv\u00e5 VM-guld och lika m\u00e5nga paralympiska silver samt en nominering p\u00e5 Idrottsgalan s\u00e5 \u00e4r det inte l\u00e4ngre n\u00e5got snack. Beslutet: fortsatt satsning mot Paris 2024.<\/p>\n<blockquote><p>\u201dNu k\u00e4nns det BRA, jag k\u00e4nde mig inte riktigt klar \u2013 trodde k\u00e4nna mig mer klar&#8221;, s\u00e4ger Anna Beck.<\/p><\/blockquote>\n<p>Kilcyklisten som t\u00e4vlar f\u00f6r Skoghalls CK tog av flera sk\u00e4l paus fr\u00e5n den extrema elitsatsningen. Hela \u00e5ret innan Paralympics i Tokyo tr\u00e4nade, \u00e5t och sov cykel hela dygnet \u2013 vecka in och vecka ut. Fr\u00e5n maj m\u00e5nad kommer hon kunna kombinera rollen i Projekt Ledstj\u00e4rna med en ordentlig satsning mot Paris.<\/p>\n<blockquote><p>&#8221;Tr\u00e4ningsm\u00e4ngden inf\u00f6r s\u00e4songen 2022 har varit begr\u00e4nsad eftersom jag jobbat vid sidan av. Men n\u00e4r jag p\u00e5b\u00f6rjar satsningen igen 1 maj \u00e4r tanken att det ska bli som inf\u00f6r Tokyo. Det ska kunna g\u00e5 bra \u00e4nd\u00e5. Kvalet till Paris b\u00f6rjar ocks\u00e5 redan i \u00e5r d\u00e5 det ju bara \u00e4r tre \u00e5r mellan de paralympiska spelen den h\u00e4r g\u00e5ngen. Jag kommer k\u00f6ra kvalt\u00e4vlingarna redan i maj, plus sikta p\u00e5 VM b\u00e5de p\u00e5 landsv\u00e4g och bana.&#8221;<\/p><\/blockquote>\n<p><strong>Hur kommer det sig att du blev s\u00e5 h\u00e4r inspirerad och hittade och motivationen igen?<\/strong><\/p>\n<blockquote><p>\u201dJag har kommit till insikt att det h\u00e4r livet som cyklist passar mig. Jag trivs bra med det i grunden. Sedan finns det ett sn\u00e4pp kvar p\u00e5 Paralympics&#8230;man k\u00f6r om guld. Den tredje grenen i Tokyo, bana, passade mig mindre bra. Konkurrensen hade v\u00e4ssats massor, s\u00e5 jag var inte direkt missn\u00f6jd \u2013 men vill mera med min bancykel de n\u00e4rmaste \u00e5ren. Bana och tempo \u00e4r det som passar mig b\u00e4st som cyklist.<\/p><\/blockquote>\n<p>P\u00e5 Paralympics i Tokyo var allt nytt f\u00f6r Anna.<\/p>\n<blockquote><p>\u201dI satsningen mot Paris vet man vet vad som kr\u00e4vs av en f\u00f6r att vara med d\u00e4r uppe; sk\u00f6nt att ha gjort resan en g\u00e5ng tidigare.\u201d<\/p><\/blockquote>\n<p>Erfarenheter som ocks\u00e5 kan inspirera fler till r\u00f6relse i Projekt Ledstj\u00e4rna&#8230;<\/p>\n<div id=\"attachment_1621\" class=\"wp-caption alignnone\" ><a href=\"https:\/\/scf.se\/paracykel\/wp-content\/uploads\/sites\/7\/2022\/01\/51421341184_50de2570ba_5k-1-scaled.jpg\"><img loading=\"lazy\" decoding=\"async\" class=\"size-full wp-image-1621\" src=\"https:\/\/scf.se\/paracykel\/wp-content\/uploads\/sites\/7\/2022\/01\/51421341184_50de2570ba_5k-1-scaled.jpg\" alt=\"\" width=\"2560\" height=\"1621\" srcset=\"https:\/\/scf.se\/paracykel\/wp-content\/uploads\/sites\/7\/2022\/01\/51421341184_50de2570ba_5k-1-scaled.jpg 2560w, https:\/\/scf.se\/paracykel\/wp-content\/uploads\/sites\/7\/2022\/01\/51421341184_50de2570ba_5k-1-300x190.jpg 300w, https:\/\/scf.se\/paracykel\/wp-content\/uploads\/sites\/7\/2022\/01\/51421341184_50de2570ba_5k-1-1024x648.jpg 1024w, https:\/\/scf.se\/paracykel\/wp-content\/uploads\/sites\/7\/2022\/01\/51421341184_50de2570ba_5k-1-768x486.jpg 768w, https:\/\/scf.se\/paracykel\/wp-content\/uploads\/sites\/7\/2022\/01\/51421341184_50de2570ba_5k-1-1536x972.jpg 1536w, https:\/\/scf.se\/paracykel\/wp-content\/uploads\/sites\/7\/2022\/01\/51421341184_50de2570ba_5k-1-2048x1296.jpg 2048w\" sizes=\"auto, (max-width: 2560px) 100vw, 2560px\" \/><\/a><p class=\"wp-caption-text\">P\u00e5 Paralympics i Tokyo var allt nytt f\u00f6r Anna Beck, som \u00e4nd\u00e5 ordnade tv\u00e5 silvermedaljer och senare blev nominerad p\u00e5 Idrottsgalan f\u00f6r den prestationen och de dubbla VM-gulden.<\/p><\/div>\n<p>&nbsp;<\/p>\n<p><em>Text: Tomas Larsson\/SCF\u00a0 \u00a0<\/em><em>Foto: Karl Nilsson\/SPK ovanst\u00e5ende bild fr\u00e5n Paralympics, \u00f6vriga bilder: SCF<\/em><\/p>\n<p>&nbsp;<\/p>\n<p>&nbsp;<\/p>\n","protected":false},"excerpt":{"rendered":"<p>N\u00e4r Anna Beck v\u00e4l hade landat efter en fullst\u00e4ndigt fantastisk s\u00e4song har hon nu beslutat sig f\u00f6r att det BLIR en satsning mot Paralympics i Paris 2024. En lika viktig som inspirerande del i att m\u00f6jligg\u00f6ra detta \u00e4r att hon kan kombinera satsningen mot Paris med att bli frontfigur i Svenska Cykelf\u00f6rbundets nya Projekt<a href=\"https:\/\/scf.se\/paracykel\/anna-beck-ledstjarna-for-fler-i-rorelse-och-siktar-pa-paris\/\" class=\"news-card__more\"> &#8230;<\/a><\/p>\n","protected":false},"author":41,"featured_media":1666,"comment_status":"open","ping_status":"open","sticky":false,"template":"","format":"standard","meta":{"_acf_changed":false,"footnotes":""},"categories":[1],"tags":[],"class_list":["post-1665","post","type-post","status-publish","format-standard","hentry","category-paracykel"],"acf":[],"_links":{"self":[{"href":"https:\/\/scf.se\/paracykel\/wp-json\/wp\/v2\/posts\/1665","targetHints":{"allow":["GET"]}}],"collection":[{"href":"https:\/\/scf.se\/paracykel\/wp-json\/wp\/v2\/posts"}],"about":[{"href":"https:\/\/scf.se\/paracykel\/wp-json\/wp\/v2\/types\/post"}],"author":[{"embeddable":true,"href":"https:\/\/scf.se\/paracykel\/wp-json\/wp\/v2\/users\/41"}],"replies":[{"embeddable":true,"href":"https:\/\/scf.se\/paracykel\/wp-json\/wp\/v2\/comments?post=1665"}],"version-history":[{"count":0,"href":"https:\/\/scf.se\/paracykel\/wp-json\/wp\/v2\/posts\/1665\/revisions"}],"wp:featuredmedia":[{"embeddable":true,"href":"https:\/\/scf.se\/paracykel\/wp-json\/wp\/v2\/media\/1666"}],"wp:attachment":[{"href":"https:\/\/scf.se\/paracykel\/wp-json\/wp\/v2\/media?parent=1665"}],"wp:term":[{"taxonomy":"category","embeddable":true,"href":"https:\/\/scf.se\/paracykel\/wp-json\/wp\/v2\/categories?post=1665"},{"taxonomy":"post_tag","embeddable":true,"href":"https:\/\/scf.se\/paracykel\/wp-json\/wp\/v2\/tags?post=1665"}],"curies":[{"name":"wp","href":"https:\/\/api.w.org\/{rel}","templated":true}]}}