
{"id":9527,"date":"2026-04-28T16:09:01","date_gmt":"2026-04-28T14:09:01","guid":{"rendered":"https:\/\/scf.se\/mountainbike\/?p=9527"},"modified":"2026-04-28T16:57:35","modified_gmt":"2026-04-28T14:57:35","slug":"lyckad-aterkomst-nar-swe-cup-1-i-enduro-kordes-i-goteborg","status":"publish","type":"post","link":"https:\/\/scf.se\/mountainbike\/lyckad-aterkomst-nar-swe-cup-1-i-enduro-kordes-i-goteborg\/","title":{"rendered":"Lyckad \u00e5terkomst n\u00e4r SWE Cup #1 i enduro k\u00f6rdes i G\u00f6teborg"},"content":{"rendered":"<p><strong>Det var en lika efterl\u00e4ngtad som bra \u00e5terkomst n\u00e4r G\u00f6teborgs Stigcyklister arrangerade premi\u00e4ren av \u00e5rets SWE Cup i enduro. Det var m\u00e5nga unga cyklister som gl\u00e4nste i G\u00f6teborgsenduron, inte minst Jon Dovemark i pojkar 15-16 som hade den snabbaste tiden av alla, d\u00e4refter junioren Linus Ryde. Ebba Johansson var v\u00e4ldigt vass i damklassen och i herrar t\u00e4vling segrade Olle Eriksson.<\/strong><\/p>\n<a href=\"https:\/\/scf.se\/mountainbike\/wp-content\/uploads\/sites\/6\/2026\/04\/SRS3704-2.jpg\"><img loading=\"lazy\" decoding=\"async\" class=\"alignnone size-full wp-image-9528\" src=\"https:\/\/scf.se\/mountainbike\/wp-content\/uploads\/sites\/6\/2026\/04\/SRS3704-2.jpg\" alt=\"\" width=\"1671\" height=\"2200\" srcset=\"https:\/\/scf.se\/mountainbike\/wp-content\/uploads\/sites\/6\/2026\/04\/SRS3704-2.jpg 1671w, https:\/\/scf.se\/mountainbike\/wp-content\/uploads\/sites\/6\/2026\/04\/SRS3704-2-228x300.jpg 228w, https:\/\/scf.se\/mountainbike\/wp-content\/uploads\/sites\/6\/2026\/04\/SRS3704-2-778x1024.jpg 778w, https:\/\/scf.se\/mountainbike\/wp-content\/uploads\/sites\/6\/2026\/04\/SRS3704-2-768x1011.jpg 768w, https:\/\/scf.se\/mountainbike\/wp-content\/uploads\/sites\/6\/2026\/04\/SRS3704-2-1167x1536.jpg 1167w, https:\/\/scf.se\/mountainbike\/wp-content\/uploads\/sites\/6\/2026\/04\/SRS3704-2-1556x2048.jpg 1556w\" sizes=\"auto, (max-width: 1671px) 100vw, 1671px\" \/><\/a>\n<a href=\"https:\/\/scf.se\/mountainbike\/wp-content\/uploads\/sites\/6\/2026\/04\/SRS3703-1.jpg\"><img loading=\"lazy\" decoding=\"async\" class=\"alignnone size-full wp-image-9534\" src=\"https:\/\/scf.se\/mountainbike\/wp-content\/uploads\/sites\/6\/2026\/04\/SRS3703-1.jpg\" alt=\"\" width=\"1590\" height=\"2200\" srcset=\"https:\/\/scf.se\/mountainbike\/wp-content\/uploads\/sites\/6\/2026\/04\/SRS3703-1.jpg 1590w, https:\/\/scf.se\/mountainbike\/wp-content\/uploads\/sites\/6\/2026\/04\/SRS3703-1-217x300.jpg 217w, https:\/\/scf.se\/mountainbike\/wp-content\/uploads\/sites\/6\/2026\/04\/SRS3703-1-740x1024.jpg 740w, https:\/\/scf.se\/mountainbike\/wp-content\/uploads\/sites\/6\/2026\/04\/SRS3703-1-768x1063.jpg 768w, https:\/\/scf.se\/mountainbike\/wp-content\/uploads\/sites\/6\/2026\/04\/SRS3703-1-1110x1536.jpg 1110w, https:\/\/scf.se\/mountainbike\/wp-content\/uploads\/sites\/6\/2026\/04\/SRS3703-1-1480x2048.jpg 1480w\" sizes=\"auto, (max-width: 1590px) 100vw, 1590px\" \/><\/a>\n<p>I damseniorernas t\u00e4vlingsklass blev det hemmaseger genom Ebba Johansson (#4) efter en mycket fin k\u00f6rning, tv\u00e5a var Mimmi Leiderth (#5).<\/p>\n<p>Det var en ung prispall i herrar t\u00e4vling. Olle Eriksson var bara tre sekunder f\u00f6re Lo Zetterlund i kampen om segern och nyblivna svenska m\u00e4staren i snowbike, Andreas Dahlgren, drog l\u00e4ngsta str\u00e5et i kampen om tredjeplatsen.<\/p>\n<p>Olles klubbkompis i CK Master, Linus Ryde, segrade i herrjuniorklassen och var n\u00e5gra tiondelar snabbare \u00f6ver de nio specialstr\u00e4ckorna.<\/p>\n<p>Men allra snabbast var faktiskt supertalangen i flera MTB-grenar, Jon Dovemark. han var den ende som var riktigt n\u00e4ra att ta sig under 11 minuter i totaltid.<\/p>\n<blockquote><p>&#8221;F\u00f6rsta plats i SWE Cup G\u00f6teborgsenduron och snabbast av alla klasser under dagen. Det k\u00e4nns helt overkligt. I \u00e5r kommer jag t\u00e4vla i U17 och jag ser verkligen fram emot mer konkurrens och fler str\u00e4ckor. Ser fram emot en riktigt bra s\u00e4song full av racing. Det var en grym helg med teamet p\u00e5 riktigt fina banor&#8221;, sa Jon p\u00e5 sina SoMe.<\/p><\/blockquote>\n<p>I damjunior segrade Emily Skeie-Lebreux, n\u00e4rmast f\u00f6re Ella M\u00e5rtensson. S\u00e5 h\u00e4r slutade G\u00f6teborgsenduron i siffror:<\/p>\n<h3>Herrar t\u00e4vling<\/h3>\n<p>1 <strong data-start=\"18\" data-end=\"35\">Olle Eriksson<\/strong>, CK Master<br \/>\n2 <strong data-start=\"49\" data-end=\"66\">Lo Zetterlund<\/strong>, OK Tyr\/Traildays<br \/>\n3 <strong data-start=\"87\" data-end=\"107\">Andreas Dahlgren<\/strong>, Borl\u00e4nge CK<br \/>\n4 <strong data-start=\"123\" data-end=\"142\">Eskil Hafskjold<\/strong>, SK Rye Enduro<br \/>\n5 <strong data-start=\"160\" data-end=\"179\">Hugo Zetterlund<\/strong>, ML Sports club<br \/>\n6 <strong data-start=\"198\" data-end=\"218\">Mattias Arnerdal<\/strong>, RND Racing\/Bankeryds Skid o Motionsklubb<\/p>\n<h3>Damer t\u00e4vling<\/h3>\n<p>1 <strong data-start=\"2\" data-end=\"20\">Ebba Johansson<\/strong>, G\u00f6teborgs Stigcyklister<br \/>\n2 <strong data-start=\"48\" data-end=\"66\">Mimmi Leiderth<\/strong>, The Unit\/Ulricehamns CK<br \/>\n3 <strong data-start=\"94\" data-end=\"112\">Tatiana Furnes<\/strong><br \/>\n4 <strong data-start=\"115\" data-end=\"132\">Clara Attermo<\/strong><br \/>\n5 <strong data-start=\"135\" data-end=\"154\">Emelie Selinder<\/strong><br \/>\n6 <strong data-start=\"157\" data-end=\"175\">Mari Aarrestad<\/strong>, Siggerud IL<\/p>\n<h3>Herrjunior<\/h3>\n<p>1 <strong data-start=\"2\" data-end=\"16\">Linus Ryde<\/strong>, CK Master\/Mtbstore<br \/>\n2 <strong data-start=\"39\" data-end=\"57\">Ivan Bergstr\u00f6m<\/strong>, RND Racing \/ CK Hymer<br \/>\n3 <strong data-start=\"83\" data-end=\"98\">Elias Landh<\/strong>, The Unit \/Velodrom CK<br \/>\n4 <strong data-start=\"124\" data-end=\"142\">Winston Grabbe<\/strong>, Knivsta CK<br \/>\n5 <strong data-start=\"157\" data-end=\"177\">Herman Ankarsten<\/strong>, CK Master<br \/>\n6 <strong data-start=\"191\" data-end=\"209\">Valter Axeland<\/strong>, Ulricehamns CK<\/p>\n<h3>Damjunior<\/h3>\n<p>1 <strong data-start=\"2\" data-end=\"25\">Emily Skeie-Lebreux<\/strong>, CK Nittedal<br \/>\n2 <strong data-start=\"41\" data-end=\"60\">Ella M\u00e5rtensson<\/strong>, Bor\u00e5s CA<br \/>\n3 <strong data-start=\"73\" data-end=\"97\">Liv Emilie Ammendrup<\/strong>, RMK<\/p>\n<p>&nbsp;<\/p>\n<div id=\"attachment_9535\" class=\"wp-caption alignnone\" ><a href=\"https:\/\/scf.se\/mountainbike\/wp-content\/uploads\/sites\/6\/2026\/04\/DSC07364-1.jpg\"><img loading=\"lazy\" decoding=\"async\" class=\"size-full wp-image-9535\" src=\"https:\/\/scf.se\/mountainbike\/wp-content\/uploads\/sites\/6\/2026\/04\/DSC07364-1.jpg\" alt=\"\" width=\"2300\" height=\"2219\" srcset=\"https:\/\/scf.se\/mountainbike\/wp-content\/uploads\/sites\/6\/2026\/04\/DSC07364-1.jpg 2300w, https:\/\/scf.se\/mountainbike\/wp-content\/uploads\/sites\/6\/2026\/04\/DSC07364-1-300x289.jpg 300w, https:\/\/scf.se\/mountainbike\/wp-content\/uploads\/sites\/6\/2026\/04\/DSC07364-1-1024x988.jpg 1024w, https:\/\/scf.se\/mountainbike\/wp-content\/uploads\/sites\/6\/2026\/04\/DSC07364-1-768x741.jpg 768w, https:\/\/scf.se\/mountainbike\/wp-content\/uploads\/sites\/6\/2026\/04\/DSC07364-1-1536x1482.jpg 1536w, https:\/\/scf.se\/mountainbike\/wp-content\/uploads\/sites\/6\/2026\/04\/DSC07364-1-2048x1976.jpg 2048w\" sizes=\"auto, (max-width: 2300px) 100vw, 2300px\" \/><\/a><p class=\"wp-caption-text\"><em>Jon Dovemark, The Unit\/ Varbergs MTB, in action p\u00e5 fredagstr\u00e4ningen innan han sedan satte den allra snabbaste totaltiden i SWE Cup #1. Vilken allroundtalang! Ni minns kanske hur Jon skapade en fantastisk st\u00e4mning genom sin offensivlusta i b\u00f6rjan av XCO-loppet p\u00e5 UEM i Hallby.\u00a0 \u00a0Foto: William Quist\/@wq_photo<\/em><\/p><\/div>\n<h3>Pojkar 15-16<\/h3>\n<p>1 <strong data-start=\"2\" data-end=\"18\">Jon Dovemark<\/strong>, The Unit\/ Varbergs MTB<br \/>\n2 <strong data-start=\"45\" data-end=\"62\">John Sandberg<\/strong>, RND racing\/Falk\u00f6ping CK<br \/>\n3 <strong data-start=\"90\" data-end=\"116\">Elmar Manninen H\u00f6glind<\/strong>, Bor\u00e5s GIF<\/p>\n<h3>Flickor 15-16<\/h3>\n<p>1 <strong>Ebba Melin<\/strong>, Friluftsfr\u00e4mjandet V\u00e4rnamo<\/p>\n<ul>\n<li><em><a href=\"https:\/\/scf.se\/mountainbike\/swe-cup-enduro-resultat\/\"><strong>Nytt f\u00f6r i \u00e5r \u00e4r en lika efterl\u00e4ngtad hela tiden uppdaterad po\u00e4ngst\u00e4llning i SWE Cup-totalen, ni hittar den h\u00e4r!<\/strong><\/a><\/em><\/li>\n<li><a href=\"https:\/\/results.neptron.se\/e\/swecup1gbg2026\/?category=125\"><em><strong>Och h\u00e4r hittar ni alla resultat med tider, samma system f\u00f6r resten av SWE Cup Enduro 2026.<\/strong><\/em><\/a><\/li>\n<li><a href=\"https:\/\/drive.google.com\/drive\/folders\/1k4s7G9aHQauHMIoGVatW1l6U-TyxqR4O\"><em><strong>Massor med grymma bilder fr\u00e5n SWE Cup #1 hittar ni h\u00e4r!<\/strong><\/em><\/a><\/li>\n<\/ul>\n<h2 class=\"xmsonormal\">SWE Cup Enduro 2026<\/h2>\n<ul>\n<li class=\"xmsonormal\"><strong>SWE Cup Enduro #1:<\/strong> G\u00f6teborg 25\u201326 april.<\/li>\n<li class=\"xmsonormal\"><strong>SWE Cup Enduro #2:<\/strong>\u00a0Sunne 6\u20137 juni.\u00a0<em><strong><a href=\"https:\/\/entrysystem.se\/form\/swecupsunne2026\/1\">Mer info och anm\u00e4lan h\u00e4r!<\/a><\/strong><\/em><\/li>\n<li class=\"xmsonormal\"><strong>SWE Cup Enduro #3:<\/strong>\u00a0Gesunda 27\u201328 juni.<em><strong>\u00a0<a href=\"https:\/\/entrysystem.se\/form\/swecup2026gesunda\/1\">Mer info och anm\u00e4lan h\u00e4r!<\/a><\/strong><\/em><\/li>\n<li class=\"xmsonormal\"><strong>SWE Cup Enduro #4:<\/strong>\u00a0Sundsvall 15\u201316 augusti.\u00a0<em><strong><a href=\"https:\/\/entrysystem.se\/form\/swecup2026sundsvall\/1\">Mer info och<\/a><\/strong><\/em><em><strong><a href=\"https:\/\/entrysystem.se\/form\/swecup2026sundsvall\/1\">\u00a0anm\u00e4lan\u00a0 h\u00e4r!<\/a><\/strong><\/em><\/li>\n<li class=\"xmsonormal\"><strong>SWE Cup Enduro #5:<\/strong>\u00a0Ulricehamn 5\u20136 september, \u00e4ven SM.\u00a0<em><strong><a href=\"https:\/\/entrysystem.se\/form\/swecup2026ulricehamn\/1\">Mer info och anm\u00e4lan h\u00e4r!<\/a><\/strong><\/em><\/li>\n<\/ul>\n<p><em>Text: SCF<\/em><br \/>\n<em>Foto: Mats Ryde\/ @mats.ryde samt William Quist\/@wq_photo (d\u00e4r s\u00e5 anges)<\/em><\/p>\n","protected":false},"excerpt":{"rendered":"<p>Det var en lika efterl\u00e4ngtad som bra \u00e5terkomst n\u00e4r G\u00f6teborgs Stigcyklister arrangerade premi\u00e4ren av \u00e5rets SWE Cup i enduro. Det var m\u00e5nga unga cyklister som gl\u00e4nste i G\u00f6teborgsenduron, inte minst Jon Dovemark i pojkar 15-16 som hade den snabbaste tiden av alla, d\u00e4refter junioren Linus Ryde. Ebba Johansson var v\u00e4ldigt vass i damklassen och<a href=\"https:\/\/scf.se\/mountainbike\/lyckad-aterkomst-nar-swe-cup-1-i-enduro-kordes-i-goteborg\/\" class=\"news-card__more\"> &#8230;<\/a><\/p>\n","protected":false},"author":41,"featured_media":9529,"comment_status":"open","ping_status":"open","sticky":true,"template":"","format":"standard","meta":{"_acf_changed":false,"footnotes":""},"categories":[1],"tags":[],"class_list":["post-9527","post","type-post","status-publish","format-standard","hentry","category-mountainbike"],"acf":[],"_links":{"self":[{"href":"https:\/\/scf.se\/mountainbike\/wp-json\/wp\/v2\/posts\/9527","targetHints":{"allow":["GET"]}}],"collection":[{"href":"https:\/\/scf.se\/mountainbike\/wp-json\/wp\/v2\/posts"}],"about":[{"href":"https:\/\/scf.se\/mountainbike\/wp-json\/wp\/v2\/types\/post"}],"author":[{"embeddable":true,"href":"https:\/\/scf.se\/mountainbike\/wp-json\/wp\/v2\/users\/41"}],"replies":[{"embeddable":true,"href":"https:\/\/scf.se\/mountainbike\/wp-json\/wp\/v2\/comments?post=9527"}],"version-history":[{"count":7,"href":"https:\/\/scf.se\/mountainbike\/wp-json\/wp\/v2\/posts\/9527\/revisions"}],"predecessor-version":[{"id":9538,"href":"https:\/\/scf.se\/mountainbike\/wp-json\/wp\/v2\/posts\/9527\/revisions\/9538"}],"wp:featuredmedia":[{"embeddable":true,"href":"https:\/\/scf.se\/mountainbike\/wp-json\/wp\/v2\/media\/9529"}],"wp:attachment":[{"href":"https:\/\/scf.se\/mountainbike\/wp-json\/wp\/v2\/media?parent=9527"}],"wp:term":[{"taxonomy":"category","embeddable":true,"href":"https:\/\/scf.se\/mountainbike\/wp-json\/wp\/v2\/categories?post=9527"},{"taxonomy":"post_tag","embeddable":true,"href":"https:\/\/scf.se\/mountainbike\/wp-json\/wp\/v2\/tags?post=9527"}],"curies":[{"name":"wp","href":"https:\/\/api.w.org\/{rel}","templated":true}]}}