
{"id":9280,"date":"2026-03-25T13:11:09","date_gmt":"2026-03-25T12:11:09","guid":{"rendered":"https:\/\/scf.se\/mountainbike\/?p=9280"},"modified":"2026-03-26T21:24:18","modified_gmt":"2026-03-26T20:24:18","slug":"experttipsen-infor-spannande-debut-for-snowbike-pa-sm-veckan-i-umea","status":"publish","type":"post","link":"https:\/\/scf.se\/mountainbike\/experttipsen-infor-spannande-debut-for-snowbike-pa-sm-veckan-i-umea\/","title":{"rendered":"Sp\u00e4nnande debut f\u00f6r snowbike p\u00e5 SM-veckan \u2013 cyklisterna och tiderna"},"content":{"rendered":"<div class=\"flex items-center justify-between\"><strong>En publikv\u00e4nlig backe p\u00e5 Br\u00e4ntberget i Ume\u00e5 och p\u00e5 f\u00f6rhand \u00f6ppna medaljkamper i b\u00e5de dam- och herrklassen. N\u00e4r snowbike 26\u201327 mars g\u00f6r debut p\u00e5 SM-veckan bad vi SVT:s expertkommentator Tommy \u201dCross-Tompa\u201d Johanson och f\u00f6rbundskapten Felix Beckeman, som \u00e4r f\u00f6rbundskapten i gravity, om sina stalltips.<\/strong> (Uppdaterad med startlista torsdag och finalpassets tider d\u00e5 det har tillkommit tv\u00e5 damer.)<\/div>\n<p>Tommy Johanson, som tack vare en glimrande teknik har b\u00e5de VM- och EM-silver i downhill p\u00e5 meritlistan, s\u00e4ger s\u00e5 h\u00e4r om den f\u00e4rska SM-grenen med den ovissa utg\u00e5ngen:<\/p>\n<blockquote><p>&#8221;Det \u00e4r alltid sv\u00e5rt i s\u00e5 h\u00e4r pass nya t\u00e4vlingsformat. Men jag har gjort vad jag kan med startlistan som den ser ut p\u00e5 tisdagsmorgonen som utg\u00e5ngspunkt&#8221;, s\u00e4ger MTB-pionj\u00e4ren Tommy som ocks\u00e5 kommer att vara SVT:s expert i SM-t\u00e4vlingen d\u00e4r anm\u00e4lan st\u00e4nger f\u00f6rst tisdag 24 mars klockan 23.59.<\/p><\/blockquote>\n<p>Herrklassen har ett r\u00e4tt bra startf\u00e4lt, \u00e4ven om det bara finns en gammal rutinerad stj\u00e4rna med storinternationella meriter.<\/p>\n<blockquote><p>&#8221;I startlistan ser vi dock en hel del up and coming-cyklister fr\u00e5n de olika fartgrenarna i BMX och MTB. <strong>Love Sylwan<\/strong> borde kunna g\u00f6ra bra ifr\u00e5n sig med sin stora erfarenhet fr\u00e5n internationella t\u00e4vlingar, men k\u00f6r som b\u00e4st om underlaget blir riktigt h\u00e5rt. <strong>Andreas Dahlgren<\/strong> \u00e4r mest allround i hela startf\u00e4ltet och har k\u00f6rt bra p\u00e5 sn\u00f6 tidigare, dessutom beh\u00e4rskar han alla typer av underlag. <strong>Sigsten Johanson<\/strong> har k\u00f6rt b\u00e4st av hela startf\u00e4ltet p\u00e5 sn\u00f6 tidigare och kan verkligen blixtra till om han \u00e4r p\u00e5 hum\u00f6r. Dessa tre har nog gemensamt att de verkligen skulle bli besvikna om de inte tog medalj&#8221;, s\u00e4ger Tommy Johanson.<\/p><\/blockquote>\n<p><strong>Hannes Sjudin, Love Engstr\u00f6m, Emil Kumlin<\/strong> och <strong>Moltas K\u00f6nig<\/strong> har liknande bakgrund och har g\u00e5tt tillsammans p\u00e5 samma cykelgymnasium.<\/p>\n<blockquote><p>&#8221;D\u00e4r har de fajtats dagligen, samtliga har bra erfarenheter fr\u00e5n bland annat BMX och downhill. Alla dessa har, en bra dag, chans p\u00e5 medaljplats.&#8221;<\/p>\n<p>&#8221;<strong>Johan Engstr\u00f6m<\/strong> \u00e4r startf\u00e4ltets enda &#8217;gamla&#8217; v\u00e4rldsstj\u00e4rna med gedigna framg\u00e5ngar i downhillv\u00e4rldscupen fr\u00e5n andra halvan av 90-talet och in p\u00e5 00-talet. Men \u00e5ret \u00e4r nu 2026, han \u00e4r 48 \u00e5r och b\u00e4st f\u00f6re-datum har egentligen passerat. Men lite &#8217;Posa&#8217; Serenius-varning p\u00e5 honom \u00e4nd\u00e5!&#8221;<\/p><\/blockquote>\n<p>Jan Holma \u00e4r \u00e4ven han gammal r\u00e4v i gejmet.<\/p>\n<blockquote><p>&#8221;Kul, men han borde inte ha med topplaceringar att g\u00f6ra. Resterande hemma\u00e5kare har jag mindre koll p\u00e5. Men n\u00e5gon borde kunna blixtra till, speciellt med tanke p\u00e5 hemmaarena \u2013 och det faktum att de haft goda m\u00f6jligheter att testa backen med sn\u00f6 och dubbd\u00e4ck sista veckorna&#8230;&#8221;<\/p><\/blockquote>\n<h3 data-start=\"0\" data-end=\"19\">SM snowbike herrar<\/h3>\n<ul data-start=\"21\" data-end=\"604\">\n<li data-section-id=\"1nz6mn1\" data-start=\"21\" data-end=\"75\"><strong data-start=\"23\" data-end=\"52\">Carl Chaleunsack Hedemalm<\/strong>, Kiruna Fj\u00e4llcyklister<\/li>\n<li data-section-id=\"k1b24m\" data-start=\"76\" data-end=\"111\"><strong data-start=\"78\" data-end=\"98\">Andreas Dahlgren<\/strong>, Borl\u00e4nge CK<\/li>\n<li data-section-id=\"1bmhq43\" data-start=\"112\" data-end=\"151\"><strong data-start=\"114\" data-end=\"132\">Johan Engstr\u00f6m<\/strong>, Pite MTB-f\u00f6rening<\/li>\n<li data-section-id=\"1x2vn41\" data-start=\"152\" data-end=\"190\"><strong data-start=\"154\" data-end=\"171\">Love Engstr\u00f6m<\/strong>, Pite MTB-f\u00f6rening<\/li>\n<li data-section-id=\"1rfb1zx\" data-start=\"191\" data-end=\"220\"><strong data-start=\"193\" data-end=\"208\">Harald From<\/strong>, Gimon\u00e4s CK<\/li>\n<li data-section-id=\"18ahr9a\" data-start=\"221\" data-end=\"259\"><strong data-start=\"223\" data-end=\"247\">Christoffer Granberg<\/strong>, Gimon\u00e4s CK<\/li>\n<li data-section-id=\"x9w4lp\" data-start=\"260\" data-end=\"303\"><strong data-start=\"262\" data-end=\"279\">Robert Gr\u00e4ntz<\/strong>, J\u00e4rvs\u00f6 Bergscykelklubb<\/li>\n<li data-section-id=\"q1e1n\" data-start=\"304\" data-end=\"331\"><strong data-start=\"306\" data-end=\"319\">Jan Holma<\/strong>, Gimon\u00e4s CK<\/li>\n<li data-section-id=\"1joilu8\" data-start=\"332\" data-end=\"371\"><strong data-start=\"334\" data-end=\"355\">Sigsten Johansson<\/strong>, CK Vansbro MTB<\/li>\n<li data-section-id=\"arfk5k\" data-start=\"372\" data-end=\"408\"><strong data-start=\"374\" data-end=\"390\">Moltas K\u00f6nig<\/strong>, \u00c4lvsj\u00f6 BMX-klubb<\/li>\n<li data-section-id=\"1kro7ev\" data-start=\"409\" data-end=\"435\"><strong data-start=\"411\" data-end=\"426\">Emil Kumlin<\/strong>, Falu CK<\/li>\n<li data-section-id=\"czgb19\" data-start=\"436\" data-end=\"471\"><strong data-start=\"438\" data-end=\"459\">Jonas Frans R\u00e5man<\/strong>, Gimon\u00e4s CK<\/li>\n<li data-section-id=\"wxl35m\" data-start=\"472\" data-end=\"504\"><strong data-start=\"474\" data-end=\"492\">Erik Sandstr\u00f6m<\/strong>, Gimon\u00e4s CK<\/li>\n<li data-section-id=\"1ryx3kx\" data-start=\"505\" data-end=\"537\"><strong data-start=\"507\" data-end=\"524\">Hannes Sjudin<\/strong>, OK Hammaren<\/li>\n<li data-section-id=\"gcabbn\" data-start=\"538\" data-end=\"573\"><strong data-start=\"540\" data-end=\"555\">Love Sylwan<\/strong>, \u00c4lvsj\u00f6 BMX-klubb<\/li>\n<li data-section-id=\"1b5hzaa\" data-start=\"574\" data-end=\"604\"><strong data-start=\"576\" data-end=\"592\">David \u00c5slund<\/strong>, Gimon\u00e4s CK<\/li>\n<\/ul>\n<p>F\u00f6rbundskaptenen i gravity, Felix Beckeman, \u00e4r sj\u00e4lv v\u00e4rldsm\u00e4stare i 4X och ett tag fanns faktiskt planer p\u00e5 att starta p\u00e5 SM i Ume\u00e5 tillsammans med elever fr\u00e5n Hagstr\u00f6mska, men en del adepter \u00e4r p\u00e5 l\u00e4ger s\u00f6der\u00f6ver och han har \u00e4ven en m\u00e4rkbart jobbig f\u00f6rkylning n\u00e4r SCF n\u00e5r Felix.<\/p>\n<p>Felix \u00e4r inne p\u00e5 ungef\u00e4r samma linje som Cross-Tompa nu n\u00e4r det \u00e4r ett stort startf\u00e4lt men utan de allra st\u00f6rsta stj\u00e4rnorna i downhill och enduro.<\/p>\n<blockquote><p>&#8221;Andreas Dahlgren fanns ju med p\u00e5 VM i enduro och kan s\u00e4kert bli sv\u00e5r att sl\u00e5 i det h\u00e4r startf\u00e4ltet. Love Sylwan tillh\u00f6r absolut inte bara v\u00e4rldstoppen i pumptrack. Han \u00e4r bra \u00e4ven i enduro och downhill s\u00e5 Love kan bli farlig. Vi ska inte r\u00e4kna bort veteranen Johan Engstr\u00f6m n\u00e4r det g\u00e4ller medaljerna. Sonen Love kan ocks\u00e5 k\u00f6ra fort och finns flera andra i en \u00f6ppen herrklass&#8221;, s\u00e4ger Felix Beckeman.<\/p><\/blockquote>\n<h3>* * *<\/h3>\n<p>\u00c4ven p\u00e5 damsidan finns det internationell rutin och en ung riktigt vass pumptrackcyklist att snacka upp.<\/p>\n<blockquote><p>&#8221;<strong>Irma Johansson<\/strong> i kraft av sin internationella erfarenhet i enduro kanske \u00e4r favorit. Det \u00e4r inte minst kul att det blir en damklass \u00e4ven fast det \u00e4r en bra bit f\u00f6r m\u00e5nga att \u00e5ka till Ume\u00e5 i en tid d\u00e4r m\u00e5nga s\u00f6ker tekniktr\u00e4ning s\u00f6derut. Det \u00e4r lovande f\u00f6r utvecklingen av snowbiken som en gren p\u00e5 SM-veckan. F\u00f6r n\u00e4sta \u00e5r i Sk\u00f6vde tror jag p\u00e5 dubbelt s\u00e5 stora startf\u00e4lt tack vare kortare resor f\u00f6r m\u00e5nga. Men f\u00f6rst ska det bli riktigt kul att f\u00f6lja detta SM i Ume\u00e5&#8221;, s\u00e4ger Felix Beckeman.<\/p><\/blockquote>\n<p>S\u00e5 h\u00e4r s\u00e4ger Cross-Tompa om damklassen p\u00e5 SM:<\/p>\n<blockquote><p>&#8221;Damklassen ser ju till slut riktigt bra ut, d\u00e5 det droppat in lite anm\u00e4lningar sista dagarna. Irma Johanson \u00e4r nog favorit med sin gedigna bakgrund fr\u00e5n b\u00e5de BMX och gravitygrenar. Dock har hon haft ett l\u00e4ngre uppeh\u00e5ll fr\u00e5n utf\u00f6rsgrenarna d\u00e5 hon har varit i det milit\u00e4ra i femton m\u00e5nader och nu Polish\u00f6gskolan, s\u00e5 vi f\u00e5r se vad \u00e5kningen duger till&#8221;, s\u00e4ger Tommy Johanson.<\/p><\/blockquote>\n<h3 data-start=\"606\" data-end=\"624\">SM snowbike damer<\/h3>\n<ul data-start=\"626\" data-end=\"804\" data-is-last-node=\"\" data-is-only-node=\"\">\n<li data-section-id=\"3yj76g\" data-start=\"626\" data-end=\"662\"><strong data-start=\"628\" data-end=\"650\">Emilia Maria Grahn<\/strong>, Gimon\u00e4s CK<\/li>\n<li data-section-id=\"1vygg5y\" data-start=\"663\" data-end=\"699\"><strong data-start=\"665\" data-end=\"683\">Irma Johansson<\/strong>, CK Vansbro MTB<\/li>\n<li data-section-id=\"c0zhf1\" data-start=\"700\" data-end=\"732\"><strong data-start=\"702\" data-end=\"720\">Josefin Pe\u010diva<\/strong>, Gimon\u00e4s CK<\/li>\n<li data-section-id=\"c0zhf1\" data-start=\"700\" data-end=\"732\"><strong>Maria Sandstr\u00f6m<\/strong>, Gimon\u00e4s CK<\/li>\n<li data-section-id=\"p8kc6n\" data-start=\"733\" data-end=\"774\"><strong data-start=\"735\" data-end=\"752\">Astrid Stoltz<\/strong>, Engelholms BMX-klubb<\/li>\n<li data-section-id=\"1808zxe\" data-start=\"775\" data-end=\"804\" data-is-last-node=\"\"><strong data-start=\"777\" data-end=\"795\">Elin Sundstedt<\/strong>, Falu CK<\/li>\n<li data-section-id=\"1808zxe\" data-start=\"775\" data-end=\"804\" data-is-last-node=\"\"><strong>Elma Wikstr\u00f6m<\/strong>, OK Hammaren<\/li>\n<\/ul>\n<blockquote><p>&#8221;<strong>Astrid Stoltz<\/strong> g\u00e5r sista \u00e5ret p\u00e5 Hagstr\u00f6mska cykelgymnasiet och har stora framg\u00e5ngar i Pumptrack och en gedigen BMX-karri\u00e4r och b\u00f6rjade t\u00e4vla redan runt fem\u00e5rs\u00e5ldern. <strong>Elin Sundstedt<\/strong> borde \u00e4ven hon ha goda m\u00f6jligheter p\u00e5 en medaljplats. Hemma\u00e5karna har ingen k\u00e4nd bakgrund i t\u00e4vlingssammanhang, men man vet som sagt aldrig med hemmatalanger, r\u00e4tt som det \u00e4r chockar de alla och vinner \u00f6ver samtliga etablerade!&#8221;<\/p><\/blockquote>\n<h2>SM i Snowbike i Ume\u00e5<\/h2>\n<ul>\n<li>SM i snowbike avg\u00f6rs 26\u201327 mars p\u00e5Br\u00e4ntberget, Harsp\u00e5ret, i samband med SM-veckan vinter i Ume\u00e5. M\u00e4sterskapet k\u00f6rs i en helt ny skicrossbana som byggs upp under vintern och sedan modifieras f\u00f6r cykel.<\/li>\n<li>Det v\u00e4ntar snabba dueller i pistad backe som ger teknisk inspirerande k\u00f6rning f\u00f6r alla gravitycyklister.<\/li>\n<li data-start=\"1324\" data-end=\"1733\">T\u00e4vlingsform 4X-liknande uppl\u00e4gg i skicrossbana anpassad f\u00f6r cykel<\/li>\n<li data-start=\"1324\" data-end=\"1733\">Kval torsdag 26 mars, tv\u00e5 kval\u00e5k per deltagare, b\u00e4sta tid r\u00e4knas<\/li>\n<li data-start=\"1324\" data-end=\"1733\">Finalheat fredag 27 mars enligt uppl\u00e4gg och tider i PM nedan.<\/li>\n<li>Lokala arrang\u00f6rerna Gimon\u00e4s CK och Ume\u00e5 Downhill arrangerar eventet tillsammans med Ume\u00e5 kommun och Svenska Cykelf\u00f6rbundet.<\/li>\n<li>Registreringen i anm\u00e4lan st\u00e4ngde tisdag 24 mars kl 23.59.<\/li>\n<\/ul>\n<h3 data-start=\"1324\" data-end=\"1733\"><a href=\"https:\/\/www.sportstiming.se\/event\/17746\"><em>L\u00e4s mer h\u00e4r i Sportstiming!<\/em><\/a><\/h3>\n<h3>Starttider fredagens kval<\/h3>\n<p><strong>Herrar <\/strong><\/p>\n<p data-start=\"8\" data-end=\"395\">48 Hannes Sjudin 19.10<br \/>\n55 Love Engstr\u00f6m 19.11<br \/>\n56 Love Sylwan 19.13<br \/>\n49 Harald From 19.14<br \/>\n44 David \u00c5slund 19.15<br \/>\n40 Andreas Dahlgren 19.16<br \/>\n52 Johan Engstr\u00f6m 19.17<br \/>\n58 Robert Gr\u00e4ntz 19.19<br \/>\n59 Sigsten Johansson 19.20<br \/>\n53 Jonas Frans R\u00e5man 19.21<br \/>\n42 Carl Chaleunsack Hedemalm 19.23<br \/>\n60 Erik Sandstr\u00f6m 19.25<br \/>\n51 Jan Holma 19.26<br \/>\n57 Moltas K\u00f6nig 19.27<br \/>\n43 Christoffer Granberg 19.28<br \/>\n46 Emil Kumlin 19.30<\/p>\n<p data-start=\"397\" data-end=\"402\"><strong>Damer<\/strong><\/p>\n<p data-start=\"404\" data-end=\"574\" data-is-last-node=\"\" data-is-only-node=\"\">45 Elin Sundstedt 19.12<br \/>\n54 Josefin Pe\u010diva 19.18<br \/>\n50 Irma Johansson 19.22<br \/>\n41 Astrid Stoltz 19.24<br \/>\n47 Emilia Maria Grahn 19.29<br \/>\n61 Elma Wikstr\u00f6m 19.31<br \/>\n62 Marie Sandstr\u00f6m 19.32<\/p>\n<p data-start=\"404\" data-end=\"574\" data-is-last-node=\"\" data-is-only-node=\"\"><em>Kl 19.40 inleds kvalomg\u00e5ng 2 med samma inb\u00f6rdes startordning.\u00a0<\/em><\/p>\n<h2>S\u00e5 s\u00e4nder SVT fr\u00e5n cykelgrenarna p\u00e5 SM-veckan i Ume\u00e5<\/h2>\n<h3>Fredag 27 mars:<\/h3>\n<ul>\n<li><strong>10.00\u201310.40:<\/strong> SVT Play: Snowbike, finalpass.<\/li>\n<li><strong>13.40\u201315.25:<\/strong> SVT Play: E-cycling.<\/li>\n<\/ul>\n<h3>L\u00f6rdag 28 mars:<\/h3>\n<ul>\n<li><strong>10.50\u201311.30:<\/strong> SVT Play, cykeltrial och X-trial, kval tredje och sista varvet.<\/li>\n<li><strong>14.20-15.15:<\/strong> SVT Play, cykeltrial och X-trial, finaler.<\/li>\n<\/ul>\n<p><strong><em>Notera att det har tillkommit ett par-tre i Snowbike, s\u00e5 nu \u00e4r det gl\u00e4djande nog bland annat sju damer som det ser ut i skrivande stund p\u00e5 onsdagsmorgonen, <a href=\"https:\/\/www.sportstiming.se\/event\/17746\/participants\">livestartlista h\u00e4r!<\/a><\/em><\/strong><\/p>\n<p><em>Text: Tommy Johanson och SCF<br \/>\nFoto: Privat och SCF<\/em><\/p>\n","protected":false},"excerpt":{"rendered":"<p>En publikv\u00e4nlig backe p\u00e5 Br\u00e4ntberget i Ume\u00e5 och p\u00e5 f\u00f6rhand \u00f6ppna medaljkamper i b\u00e5de dam- och herrklassen. N\u00e4r snowbike 26\u201327 mars g\u00f6r debut p\u00e5 SM-veckan bad vi SVT:s expertkommentator Tommy \u201dCross-Tompa\u201d Johanson och f\u00f6rbundskapten Felix Beckeman, som \u00e4r f\u00f6rbundskapten i gravity, om sina stalltips. (Uppdaterad med startlista torsdag och finalpassets tider d\u00e5 det har<a href=\"https:\/\/scf.se\/mountainbike\/experttipsen-infor-spannande-debut-for-snowbike-pa-sm-veckan-i-umea\/\" class=\"news-card__more\"> &#8230;<\/a><\/p>\n","protected":false},"author":41,"featured_media":9284,"comment_status":"open","ping_status":"open","sticky":false,"template":"","format":"standard","meta":{"_acf_changed":false,"footnotes":""},"categories":[1],"tags":[],"class_list":["post-9280","post","type-post","status-publish","format-standard","hentry","category-mountainbike"],"acf":[],"_links":{"self":[{"href":"https:\/\/scf.se\/mountainbike\/wp-json\/wp\/v2\/posts\/9280","targetHints":{"allow":["GET"]}}],"collection":[{"href":"https:\/\/scf.se\/mountainbike\/wp-json\/wp\/v2\/posts"}],"about":[{"href":"https:\/\/scf.se\/mountainbike\/wp-json\/wp\/v2\/types\/post"}],"author":[{"embeddable":true,"href":"https:\/\/scf.se\/mountainbike\/wp-json\/wp\/v2\/users\/41"}],"replies":[{"embeddable":true,"href":"https:\/\/scf.se\/mountainbike\/wp-json\/wp\/v2\/comments?post=9280"}],"version-history":[{"count":12,"href":"https:\/\/scf.se\/mountainbike\/wp-json\/wp\/v2\/posts\/9280\/revisions"}],"predecessor-version":[{"id":9297,"href":"https:\/\/scf.se\/mountainbike\/wp-json\/wp\/v2\/posts\/9280\/revisions\/9297"}],"wp:featuredmedia":[{"embeddable":true,"href":"https:\/\/scf.se\/mountainbike\/wp-json\/wp\/v2\/media\/9284"}],"wp:attachment":[{"href":"https:\/\/scf.se\/mountainbike\/wp-json\/wp\/v2\/media?parent=9280"}],"wp:term":[{"taxonomy":"category","embeddable":true,"href":"https:\/\/scf.se\/mountainbike\/wp-json\/wp\/v2\/categories?post=9280"},{"taxonomy":"post_tag","embeddable":true,"href":"https:\/\/scf.se\/mountainbike\/wp-json\/wp\/v2\/tags?post=9280"}],"curies":[{"name":"wp","href":"https:\/\/api.w.org\/{rel}","templated":true}]}}