
{"id":9080,"date":"2026-02-04T16:55:59","date_gmt":"2026-02-04T15:55:59","guid":{"rendered":"https:\/\/scf.se\/mountainbike\/?p=9080"},"modified":"2026-02-05T13:38:58","modified_gmt":"2026-02-05T12:38:58","slug":"uci-mtb-continental-series-i-goteborg-far-nu-aven-nm-status","status":"publish","type":"post","link":"https:\/\/scf.se\/mountainbike\/uci-mtb-continental-series-i-goteborg-far-nu-aven-nm-status\/","title":{"rendered":"UCI MTB Continental Series i G\u00f6teborg f\u00e5r nu ocks\u00e5 NM-status!"},"content":{"rendered":"<p><strong>G\u00f6teborg blir centrum f\u00f6r Nordens och Europas cykelelit redan 9\u201310 maj i v\u00e5r. N\u00e4r CK Master arrangerar UCI Mountain Bike Continental Series, som \u00e4r en generalrepetition inf\u00f6r EM 2027, f\u00e5r nu t\u00e4vlingen \u00e4ven status som Nordiska M\u00e4sterskapen. Samtidigt tar CK Master sikte p\u00e5 bredd och gemenskap med ett NM \u00e4ven f\u00f6r ungdoms- och masterscyklister.<\/strong><\/p>\n<p>Cykelklubben Master kan i dag meddela att v\u00e5rens stora cykelfest, Gothenburg MTB Race den 9\u201310 maj 2026, har tilldelats m\u00e4sterskapsstatus. T\u00e4vlingen blir officiellt Nordiska M\u00e4sterskapen (NM) i XCO (Cross Country Olympic). Helgen \u00e4r en viktig milstolpe i satsningen mot EM p\u00e5 hemmaplan 2027 och markerar G\u00f6teborgs position som en ledande cykelstad i Skandinavien.<\/p>\n<p>T\u00e4vlingen, som avg\u00f6rs p\u00e5 den kommande EM-banan i Skat\u00e5s, var sedan tidigare klar som en delt\u00e4vling i UCI Mountain Bike Continental Series \u2013 en niv\u00e5 d\u00e4r vinnarna kan knipa direktplatser till v\u00e4rldscupen. Ett f\u00f6r-EM helt enkelt.<\/p>\n<p>Nu st\u00e5r det klart att helgen \u00e4ven korar Nordens fr\u00e4msta cyklister, inte bara i elitklasserna f\u00f6r damer och herrar, utan \u00e4ven f\u00f6r juniorer, ungdomar och masterscyklister. En helg f\u00f6r b\u00e5de v\u00e4rldsstj\u00e4rnor och framtidens hopp<\/p>\n<blockquote><p>&#8221;Att f\u00e5 Nordiska M\u00e4sterskapen till G\u00f6teborg \u00e4r ett kvitto p\u00e5 att vi satsar r\u00e4tt. Det knyter ihop v\u00e5r vision om att inspirera ungdomar till r\u00f6relse med dr\u00f6mmen om att f\u00e5 t\u00e4vla mot de b\u00e4sta. Nu f\u00e5r v\u00e5ra ungdomar och veteraner (Masters) chansen att k\u00f6ra om m\u00e4sterskapsmedaljer p\u00e5 samma arena som den internationella eliten&#8221;, s\u00e4ger Daniel Dandenell L\u00e4gersten, evenemangs\/PR-ansvarig f\u00f6r CK Master.<\/p><\/blockquote>\n<p>Svenska Cykelf\u00f6rbundet ser mycket positivt p\u00e5 att samla den nordiska eliten i G\u00f6teborg inf\u00f6r det kommande Europam\u00e4sterskapet.<\/p>\n<blockquote><p>&#8221;H\u00e4rligt med Nordiska M\u00e4sterskapen p\u00e5 kommande EM-bana. Det blir en mycket bra genomk\u00f6rare f\u00f6r de nordiska \u00e5karna som \u00e4ven kommer f\u00e5 internationell konkurrens fr\u00e5n \u00f6vriga Europa p\u00e5 samma t\u00e4vling. Vi ser fram emot en riktig cykelfest i G\u00f6teborg i b\u00f6rjan p\u00e5 maj, s\u00e4ger Malin Lindgren Henttonen och Jonas Haglund fr\u00e5n Svenska Cykelf\u00f6rbundet.<\/p><\/blockquote>\n<p>F\u00f6r CK Master handlar arrangemanget om mer \u00e4n bara medaljer. Det \u00e4r en del av klubben l\u00e5ngsiktigt ungdomsarbete f\u00f6r psykisk h\u00e4lsa och gemenskap genom cykeltr\u00e4ning. Genom att inkludera NM-status f\u00f6r ungdomsklasser och masters visar arrang\u00f6ren att cykling \u00e4r en sport f\u00f6r hela livet. Planen \u00e4r att k\u00f6ra NM f\u00f6r de ungdomsklasser som ing\u00e5r i SM, flickor och pojkar 13\u201314 samt 15\u201316 \u00e5r.<\/p>\n<h2>Program f\u00f6r helgen 9\u201310 maj 2026<\/h2>\n<ul>\n<li><strong>L\u00f6rdag 9 maj:<\/strong> UCI Mountain Bike Continental Series och NM XCO f\u00f6r seniorelit och junior. H\u00e4r t\u00e4vlar internationella proffs sida vid sida med Nordens b\u00e4sta juniorer.<\/li>\n<li><strong>S\u00f6ndag 10 maj<\/strong>: Gothenburg MTB Race och NM XCO f\u00f6r masters och ungdom. En dag med fullt fokus p\u00e5 bredd, \u00e5terv\u00e4xt och de \u00e4ldre t\u00e4vlingsklasserna. Prelimin\u00e4rt \u00e4r det NM-status f\u00f6r F\/P 13\u201314 och 15\u201316 \u00e5r samt en rad mastersklasser. Vi \u00e5terkommer med mer detaljerad information.<\/li>\n<\/ul>\n<h3>L\u00f6rdagen 9 maj:<\/h3>\n<ul>\n<li>UCI Mountain Bike Continental Series &#8211; Gothenburg MTB Race &#8211; XCO f\u00f6r seniorelit, U23\u00a0 och junior. <a href=\"https:\/\/www.uci.org\/competition-details\/2026\/MTB\/77736\"><em><strong>L\u00e4s mycket mer h\u00e4r!<\/strong><\/em><\/a><\/li>\n<li>Denna t\u00e4vling \u00e4r nu \u00e4ven NM i XCO f\u00f6r f\u00f6r seniorelit och junior. <a href=\"https:\/\/www.nordiccycling.org\/en\/race-calendar\/\"><em><strong>L\u00e4s mycket mer h\u00e4r!<\/strong><\/em><\/a><\/li>\n<\/ul>\n<h3>S\u00f6ndag 10 maj<\/h3>\n<ul>\n<li>Gothenburg MTB Race \u2013 XCO Youth and Masters. <a href=\"https:\/\/www.nordiccycling.org\/en\/race-calendar\/\"><em><strong>L\u00e4s mycket mer h\u00e4r!<\/strong><\/em><\/a><\/li>\n<li>Denna t\u00e4vling \u00e4r \u00e4ven NM i XCO f\u00f6r masters och de \u00e4ldre ungdomsklasserna.<\/li>\n<\/ul>\n<h3>* * *<\/h3>\n<h3>F\u00f6r mer information kontakta:<\/h3>\n<ul>\n<li><strong>Simon Gunnarsson<\/strong>, t\u00e4vlingsledare CK Master: <a href=\"mailto:Simon@ckmaster.com\"><em><strong>Simon@ckmaster.com<\/strong><\/em><\/a><\/li>\n<li><strong>Daniel L\u00e4gersten<\/strong>, evenemangs\/PR-ansvarig, CK Master: <a href=\"mailto:Daniel@ckmaster.com\"><em><strong>Daniel@ckmaster.com<\/strong><\/em><\/a><\/li>\n<\/ul>\n<h3><em>Anm\u00e4lan till loppen <\/em><\/h3>\n<ul>\n<li><em><strong>Sker via<\/strong> <a href=\"http:\/\/Sportstiming.se\"><strong>Sportstiming<\/strong>. <\/a><\/em><em><strong>Registration to each race above will be available through<\/strong> <a href=\"http:\/\/Sportstiming.se\"><strong>Sportstiming<\/strong><\/a>.<\/em><\/li>\n<\/ul>\n<p>V\u00e4lkomna till UCI Mountain Bike Continental Series och NM!<\/p>\n<p><em>Text: CK Master och SCF<\/em><br \/>\n<em>Foto: Bulten foto\/@bultenphoto<\/em><\/p>\n","protected":false},"excerpt":{"rendered":"<p>G\u00f6teborg blir centrum f\u00f6r Nordens och Europas cykelelit redan 9\u201310 maj i v\u00e5r. N\u00e4r CK Master arrangerar UCI Mountain Bike Continental Series, som \u00e4r en generalrepetition inf\u00f6r EM 2027, f\u00e5r nu t\u00e4vlingen \u00e4ven status som Nordiska M\u00e4sterskapen. Samtidigt tar CK Master sikte p\u00e5 bredd och gemenskap med ett NM \u00e4ven f\u00f6r ungdoms- och masterscyklister.<a href=\"https:\/\/scf.se\/mountainbike\/uci-mtb-continental-series-i-goteborg-far-nu-aven-nm-status\/\" class=\"news-card__more\"> &#8230;<\/a><\/p>\n","protected":false},"author":41,"featured_media":9085,"comment_status":"open","ping_status":"open","sticky":true,"template":"","format":"standard","meta":{"_acf_changed":false,"footnotes":""},"categories":[1],"tags":[],"class_list":["post-9080","post","type-post","status-publish","format-standard","hentry","category-mountainbike"],"acf":[],"_links":{"self":[{"href":"https:\/\/scf.se\/mountainbike\/wp-json\/wp\/v2\/posts\/9080","targetHints":{"allow":["GET"]}}],"collection":[{"href":"https:\/\/scf.se\/mountainbike\/wp-json\/wp\/v2\/posts"}],"about":[{"href":"https:\/\/scf.se\/mountainbike\/wp-json\/wp\/v2\/types\/post"}],"author":[{"embeddable":true,"href":"https:\/\/scf.se\/mountainbike\/wp-json\/wp\/v2\/users\/41"}],"replies":[{"embeddable":true,"href":"https:\/\/scf.se\/mountainbike\/wp-json\/wp\/v2\/comments?post=9080"}],"version-history":[{"count":9,"href":"https:\/\/scf.se\/mountainbike\/wp-json\/wp\/v2\/posts\/9080\/revisions"}],"predecessor-version":[{"id":9088,"href":"https:\/\/scf.se\/mountainbike\/wp-json\/wp\/v2\/posts\/9080\/revisions\/9088"}],"wp:featuredmedia":[{"embeddable":true,"href":"https:\/\/scf.se\/mountainbike\/wp-json\/wp\/v2\/media\/9085"}],"wp:attachment":[{"href":"https:\/\/scf.se\/mountainbike\/wp-json\/wp\/v2\/media?parent=9080"}],"wp:term":[{"taxonomy":"category","embeddable":true,"href":"https:\/\/scf.se\/mountainbike\/wp-json\/wp\/v2\/categories?post=9080"},{"taxonomy":"post_tag","embeddable":true,"href":"https:\/\/scf.se\/mountainbike\/wp-json\/wp\/v2\/tags?post=9080"}],"curies":[{"name":"wp","href":"https:\/\/api.w.org\/{rel}","templated":true}]}}