
{"id":9054,"date":"2026-01-27T17:13:14","date_gmt":"2026-01-27T16:13:14","guid":{"rendered":"https:\/\/scf.se\/mountainbike\/?p=9054"},"modified":"2026-01-27T17:21:44","modified_gmt":"2026-01-27T16:21:44","slug":"lyckade-lager-pa-kanarieoarna-forst-for-tjejer-och-sedan-juniorer","status":"publish","type":"post","link":"https:\/\/scf.se\/mountainbike\/lyckade-lager-pa-kanarieoarna-forst-for-tjejer-och-sedan-juniorer\/","title":{"rendered":"Lyckade XCO-l\u00e4ger p\u00e5 Kanarie\u00f6arna \u2013 f\u00f6rst f\u00f6r tjejer och sedan juniorer"},"content":{"rendered":"<p><strong>Grengrupp mountainbike har genomf\u00f6rt tv\u00e5 tr\u00e4ningsl\u00e4ger under vintern. F\u00f6rst ett lyckat tjejl\u00e4ger och d\u00e4refter ett herrjuniorl\u00e4ger p\u00e5 Kanarie\u00f6arna, b\u00e5da i samarbete med Apollo Sports. Ledare f\u00f6r tjejl\u00e4gret var meriterade Linn Gustafzzon, medan juniorerna coachades av Erik \u00c5kesson och XCE-v\u00e4rldsm\u00e4staren Edvin Lindh.<\/strong><\/p>\n<p>Juniorl\u00e4gret hade tydligt fokus p\u00e5 volym, men ocks\u00e5 inslag av kvalitet n\u00e4r m\u00f6jligheten gavs. Med behagligare temperaturer \u00e4n hemma kunde passen genomf\u00f6ras med h\u00f6g kontinuitet och bra intensitet.<\/p>\n<a href=\"https:\/\/scf.se\/mountainbike\/wp-content\/uploads\/sites\/6\/2026\/01\/Racingteam_Edvin_Lindh_jump-free-to-use-for-this-article-1.jpg\"><img loading=\"lazy\" decoding=\"async\" class=\"alignnone size-full wp-image-9023\" src=\"https:\/\/scf.se\/mountainbike\/wp-content\/uploads\/sites\/6\/2026\/01\/Racingteam_Edvin_Lindh_jump-free-to-use-for-this-article-1.jpg\" alt=\"\" width=\"2200\" height=\"1467\" srcset=\"https:\/\/scf.se\/mountainbike\/wp-content\/uploads\/sites\/6\/2026\/01\/Racingteam_Edvin_Lindh_jump-free-to-use-for-this-article-1.jpg 2200w, https:\/\/scf.se\/mountainbike\/wp-content\/uploads\/sites\/6\/2026\/01\/Racingteam_Edvin_Lindh_jump-free-to-use-for-this-article-1-300x200.jpg 300w, https:\/\/scf.se\/mountainbike\/wp-content\/uploads\/sites\/6\/2026\/01\/Racingteam_Edvin_Lindh_jump-free-to-use-for-this-article-1-1024x683.jpg 1024w, https:\/\/scf.se\/mountainbike\/wp-content\/uploads\/sites\/6\/2026\/01\/Racingteam_Edvin_Lindh_jump-free-to-use-for-this-article-1-768x512.jpg 768w, https:\/\/scf.se\/mountainbike\/wp-content\/uploads\/sites\/6\/2026\/01\/Racingteam_Edvin_Lindh_jump-free-to-use-for-this-article-1-1536x1024.jpg 1536w, https:\/\/scf.se\/mountainbike\/wp-content\/uploads\/sites\/6\/2026\/01\/Racingteam_Edvin_Lindh_jump-free-to-use-for-this-article-1-2048x1366.jpg 2048w\" sizes=\"auto, (max-width: 2200px) 100vw, 2200px\" \/><\/a>\n<blockquote><p>\u201dDet \u00e4r en fantastisk m\u00f6jlighet att Cykelf\u00f6rbundet kan arrangera tr\u00e4ningsl\u00e4ger p\u00e5 Kanarie\u00f6arna, n\u00e5got som v\u00e5rt samarbete med Apollo g\u00f6r m\u00f6jligt. Att dessutom ha med Edvin Lindh i v\u00e4rldsm\u00e4startr\u00f6jan som tr\u00e4nare f\u00f6r killarna ger b\u00e5de motivation och inspiration\u201d, s\u00e4ger Johan Nielsen, administrativ f\u00f6rbundskapten.<\/p><\/blockquote>\n<p>Sportsligt ansvarige f\u00f6rbundskaptenen David Eriksson sammanfattar tjejl\u00e4gret.<\/p>\n<blockquote><p>\u201dDet var ett riktigt bra l\u00e4ger med Linn i spetsen. Fokus l\u00e5g p\u00e5 lite l\u00e4ngre pass och intervaller och vi hade ett starkt g\u00e4ng tjejer som fick till v\u00e4ldigt bra tr\u00e4ning i solen. Det h\u00e4r \u00e4r absolut n\u00e5got fler tjejer ska ta chansen att hoppa p\u00e5 n\u00e4sta \u00e5r.\u201d<\/p><\/blockquote>\n<p><em>Text: SCF<br \/>\n\u00d6vre bilden: foto SCF<br \/>\nArkivbilden: foto UCI Mountainbike Racingteam<\/em><\/p>\n","protected":false},"excerpt":{"rendered":"<p>Grengrupp mountainbike har genomf\u00f6rt tv\u00e5 tr\u00e4ningsl\u00e4ger under vintern. F\u00f6rst ett lyckat tjejl\u00e4ger och d\u00e4refter ett herrjuniorl\u00e4ger p\u00e5 Kanarie\u00f6arna, b\u00e5da i samarbete med Apollo Sports. Ledare f\u00f6r tjejl\u00e4gret var meriterade Linn Gustafzzon, medan juniorerna coachades av Erik \u00c5kesson och XCE-v\u00e4rldsm\u00e4staren Edvin Lindh. Juniorl\u00e4gret hade tydligt fokus p\u00e5 volym, men ocks\u00e5 inslag av kvalitet n\u00e4r m\u00f6jligheten<a href=\"https:\/\/scf.se\/mountainbike\/lyckade-lager-pa-kanarieoarna-forst-for-tjejer-och-sedan-juniorer\/\" class=\"news-card__more\"> &#8230;<\/a><\/p>\n","protected":false},"author":41,"featured_media":9056,"comment_status":"open","ping_status":"open","sticky":true,"template":"","format":"standard","meta":{"_acf_changed":false,"footnotes":""},"categories":[1],"tags":[],"class_list":["post-9054","post","type-post","status-publish","format-standard","hentry","category-mountainbike"],"acf":[],"_links":{"self":[{"href":"https:\/\/scf.se\/mountainbike\/wp-json\/wp\/v2\/posts\/9054","targetHints":{"allow":["GET"]}}],"collection":[{"href":"https:\/\/scf.se\/mountainbike\/wp-json\/wp\/v2\/posts"}],"about":[{"href":"https:\/\/scf.se\/mountainbike\/wp-json\/wp\/v2\/types\/post"}],"author":[{"embeddable":true,"href":"https:\/\/scf.se\/mountainbike\/wp-json\/wp\/v2\/users\/41"}],"replies":[{"embeddable":true,"href":"https:\/\/scf.se\/mountainbike\/wp-json\/wp\/v2\/comments?post=9054"}],"version-history":[{"count":5,"href":"https:\/\/scf.se\/mountainbike\/wp-json\/wp\/v2\/posts\/9054\/revisions"}],"predecessor-version":[{"id":9060,"href":"https:\/\/scf.se\/mountainbike\/wp-json\/wp\/v2\/posts\/9054\/revisions\/9060"}],"wp:featuredmedia":[{"embeddable":true,"href":"https:\/\/scf.se\/mountainbike\/wp-json\/wp\/v2\/media\/9056"}],"wp:attachment":[{"href":"https:\/\/scf.se\/mountainbike\/wp-json\/wp\/v2\/media?parent=9054"}],"wp:term":[{"taxonomy":"category","embeddable":true,"href":"https:\/\/scf.se\/mountainbike\/wp-json\/wp\/v2\/categories?post=9054"},{"taxonomy":"post_tag","embeddable":true,"href":"https:\/\/scf.se\/mountainbike\/wp-json\/wp\/v2\/tags?post=9054"}],"curies":[{"name":"wp","href":"https:\/\/api.w.org\/{rel}","templated":true}]}}