
{"id":9045,"date":"2026-01-23T17:11:44","date_gmt":"2026-01-23T16:11:44","guid":{"rendered":"https:\/\/scf.se\/mountainbike\/?p=9045"},"modified":"2026-01-23T17:19:09","modified_gmt":"2026-01-23T16:19:09","slug":"premiar-for-snow-bike-avgors-under-sm-veckan-i-umea","status":"publish","type":"post","link":"https:\/\/scf.se\/mountainbike\/premiar-for-snow-bike-avgors-under-sm-veckan-i-umea\/","title":{"rendered":"Premi\u00e4r f\u00f6r Snow Bike \u2013 avg\u00f6rs under SM-veckan i Ume\u00e5"},"content":{"rendered":"<p data-start=\"187\" data-end=\"458\"><strong>F\u00f6r f\u00f6rsta g\u00e5ngen arrangeras Svenska m\u00e4sterskapen i Snow Bike. Det<\/strong> <strong>avg\u00f6rs under SM-veckan vinter i Ume\u00e5 2026, den 26\u201327 mars, med en t\u00e4vlingsform som \u00e4r likt b\u00e5de den alpina OS-grenen skicross och cykelns 4X.<\/strong><\/p>\n<p data-start=\"187\" data-end=\"458\">SM-t\u00e4vlingarna i alpin Snow Bike k\u00f6rs p\u00e5 Br\u00e4ntberget utanf\u00f6r Ume\u00e5. Arrangemanget genomf\u00f6rs i samarbete mellan Gimon\u00e4s Cykelklubb, Ume\u00e5 Downhill och Svenska Cykelf\u00f6rbundet.<\/p>\n<p data-start=\"728\" data-end=\"1039\">T\u00e4vlingen k\u00f6rs i en skicrossinspirerad bana nedf\u00f6r backen. Kvalet avg\u00f6rs torsdagen den 26 mars p\u00e5 kv\u00e4llen. Finalerna k\u00f6rs fredagen den 27 mars, prelimin\u00e4rt p\u00e5 morgonen. Finalerna s\u00e4nds direkt i SVT i samband med SM-veckans s\u00e4ndningar.<\/p>\n<h3 data-start=\"1041\" data-end=\"1120\">S\u00e5 k\u00f6rs SM i Snow Bike 2026<\/h3>\n<ul>\n<li data-start=\"1041\" data-end=\"1120\">T\u00e4vlingen genomf\u00f6rs i ett uppl\u00e4gg likt 4X-format, i en skicrossbana anpassad f\u00f6r cykel.<\/li>\n<li data-start=\"1041\" data-end=\"1120\">Kval torsdag 26 mars. Varje deltagare genomf\u00f6r tv\u00e5 kval\u00e5k. B\u00e4sta tid av de tv\u00e5 \u00e5ken r\u00e4knas.<\/li>\n<li data-start=\"1041\" data-end=\"1120\">Finalheat fredag 27 mars, avg\u00f6rs i heat med fyra \u00e5kare.<\/li>\n<li data-start=\"1041\" data-end=\"1120\">M\u00e4sterskapet k\u00f6rs i dam- och herrklass och \u00e4r \u00f6ppet f\u00f6r deltagare fr\u00e5n 17 \u00e5r.<\/li>\n<\/ul>\n<h3 data-start=\"1041\" data-end=\"1120\"><a href=\"https:\/\/www.sportstiming.se\/event\/17746\"><em>Fullst\u00e4ndig inbjudan och anm\u00e4lan finns h\u00e4r via Sportstiming!<\/em><\/a><\/h3>\n<p data-start=\"1122\" data-end=\"1583\" data-is-last-node=\"\" data-is-only-node=\"\">Internationellt arrangeras v\u00e4rldsm\u00e4sterskapen i Snow Bike av nternationella cykelf\u00f6rbundet (UCI) och k\u00f6rs i tv\u00e5 huvudformat med tydlig inspiration fr\u00e5n alpina uppl\u00e4gg. Det ena \u00e4r Super-G, som k\u00f6rs ungef\u00e4r som den alpina grenen. Den andra \u00e4r dualslalom, d\u00e4r \u00e5karna m\u00f6ts i parallella heat med utslagning. Likt skicross och cykelns 4X. Det senare formatet anv\u00e4nds allts\u00e5 p\u00e5 SM.<\/p>\n<p data-start=\"1122\" data-end=\"1583\" data-is-last-node=\"\" data-is-only-node=\"\"><em>Text: SCF<\/em><\/p>\n<p data-start=\"1169\" data-end=\"1682\" data-is-last-node=\"\" data-is-only-node=\"\">\n","protected":false},"excerpt":{"rendered":"<p>F\u00f6r f\u00f6rsta g\u00e5ngen arrangeras Svenska m\u00e4sterskapen i Snow Bike. Det avg\u00f6rs under SM-veckan vinter i Ume\u00e5 2026, den 26\u201327 mars, med en t\u00e4vlingsform som \u00e4r likt b\u00e5de den alpina OS-grenen skicross och cykelns 4X. SM-t\u00e4vlingarna i alpin Snow Bike k\u00f6rs p\u00e5 Br\u00e4ntberget utanf\u00f6r Ume\u00e5. Arrangemanget genomf\u00f6rs i samarbete mellan Gimon\u00e4s Cykelklubb, Ume\u00e5 Downhill och<a href=\"https:\/\/scf.se\/mountainbike\/premiar-for-snow-bike-avgors-under-sm-veckan-i-umea\/\" class=\"news-card__more\"> &#8230;<\/a><\/p>\n","protected":false},"author":41,"featured_media":9048,"comment_status":"open","ping_status":"open","sticky":true,"template":"","format":"standard","meta":{"_acf_changed":false,"footnotes":""},"categories":[1],"tags":[],"class_list":["post-9045","post","type-post","status-publish","format-standard","hentry","category-mountainbike"],"acf":[],"_links":{"self":[{"href":"https:\/\/scf.se\/mountainbike\/wp-json\/wp\/v2\/posts\/9045","targetHints":{"allow":["GET"]}}],"collection":[{"href":"https:\/\/scf.se\/mountainbike\/wp-json\/wp\/v2\/posts"}],"about":[{"href":"https:\/\/scf.se\/mountainbike\/wp-json\/wp\/v2\/types\/post"}],"author":[{"embeddable":true,"href":"https:\/\/scf.se\/mountainbike\/wp-json\/wp\/v2\/users\/41"}],"replies":[{"embeddable":true,"href":"https:\/\/scf.se\/mountainbike\/wp-json\/wp\/v2\/comments?post=9045"}],"version-history":[{"count":5,"href":"https:\/\/scf.se\/mountainbike\/wp-json\/wp\/v2\/posts\/9045\/revisions"}],"predecessor-version":[{"id":9051,"href":"https:\/\/scf.se\/mountainbike\/wp-json\/wp\/v2\/posts\/9045\/revisions\/9051"}],"wp:featuredmedia":[{"embeddable":true,"href":"https:\/\/scf.se\/mountainbike\/wp-json\/wp\/v2\/media\/9048"}],"wp:attachment":[{"href":"https:\/\/scf.se\/mountainbike\/wp-json\/wp\/v2\/media?parent=9045"}],"wp:term":[{"taxonomy":"category","embeddable":true,"href":"https:\/\/scf.se\/mountainbike\/wp-json\/wp\/v2\/categories?post=9045"},{"taxonomy":"post_tag","embeddable":true,"href":"https:\/\/scf.se\/mountainbike\/wp-json\/wp\/v2\/tags?post=9045"}],"curies":[{"name":"wp","href":"https:\/\/api.w.org\/{rel}","templated":true}]}}