
{"id":9022,"date":"2026-01-16T10:34:26","date_gmt":"2026-01-16T09:34:26","guid":{"rendered":"https:\/\/scf.se\/mountainbike\/?p=9022"},"modified":"2026-04-13T15:20:17","modified_gmt":"2026-04-13T13:20:17","slug":"edvin-lind-far-langsiktigt-jattelyft-som-proffs-i-uci-mountainbike-racingteam","status":"publish","type":"post","link":"https:\/\/scf.se\/mountainbike\/edvin-lind-far-langsiktigt-jattelyft-som-proffs-i-uci-mountainbike-racingteam\/","title":{"rendered":"Edvin Lindh f\u00e5r l\u00e5ngsiktigt j\u00e4ttelyft som proffs i UCI MTB Racingteam"},"content":{"rendered":"<p data-start=\"0\" data-end=\"346\"><strong>Edvin Lindh tar n\u00e4sta steg i karri\u00e4ren och g\u00f6r det i en av mountainbikens mest internationella milj\u00f6er. V\u00e4rldsm\u00e4staren i XCE har ska k\u00f6ra f\u00f6r UCI Mountainbike Racingteam, ett lag med v\u00e4rldscup- och VM-meriter i flera discipliner. F\u00f6r Lindh handlar flytten om en fler\u00e5rig satsning d\u00e4r utveckling, struktur och l\u00e5ngsiktighet st\u00e5r i centrum.<\/strong><\/p>\n<p data-start=\"0\" data-end=\"346\"><a href=\"https:\/\/scf.se\/mountainbike\/wp-content\/uploads\/sites\/6\/2026\/01\/Racingteam_Edvin_Lindh_studio_2-free-to-use-for-this-article-1.jpg\"><img loading=\"lazy\" decoding=\"async\" class=\"alignnone size-full wp-image-9024\" src=\"https:\/\/scf.se\/mountainbike\/wp-content\/uploads\/sites\/6\/2026\/01\/Racingteam_Edvin_Lindh_studio_2-free-to-use-for-this-article-1.jpg\" alt=\"\" width=\"1467\" height=\"2200\" srcset=\"https:\/\/scf.se\/mountainbike\/wp-content\/uploads\/sites\/6\/2026\/01\/Racingteam_Edvin_Lindh_studio_2-free-to-use-for-this-article-1.jpg 1467w, https:\/\/scf.se\/mountainbike\/wp-content\/uploads\/sites\/6\/2026\/01\/Racingteam_Edvin_Lindh_studio_2-free-to-use-for-this-article-1-200x300.jpg 200w, https:\/\/scf.se\/mountainbike\/wp-content\/uploads\/sites\/6\/2026\/01\/Racingteam_Edvin_Lindh_studio_2-free-to-use-for-this-article-1-683x1024.jpg 683w, https:\/\/scf.se\/mountainbike\/wp-content\/uploads\/sites\/6\/2026\/01\/Racingteam_Edvin_Lindh_studio_2-free-to-use-for-this-article-1-768x1152.jpg 768w, https:\/\/scf.se\/mountainbike\/wp-content\/uploads\/sites\/6\/2026\/01\/Racingteam_Edvin_Lindh_studio_2-free-to-use-for-this-article-1-1024x1536.jpg 1024w, https:\/\/scf.se\/mountainbike\/wp-content\/uploads\/sites\/6\/2026\/01\/Racingteam_Edvin_Lindh_studio_2-free-to-use-for-this-article-1-1366x2048.jpg 1366w\" sizes=\"auto, (max-width: 1467px) 100vw, 1467px\" \/><\/a><\/p>\n<p data-start=\"348\" data-end=\"728\">Kontraktet skrevs under innan v\u00e4rldsm\u00e4startiteln s\u00e4krades. Regnb\u00e5gstr\u00f6jan blev d\u00e4rf\u00f6r inte orsaken till v\u00e4rvningen, utan en bekr\u00e4ftelse p\u00e5 en process som redan var ig\u00e5ng efter detaljerade samtal om f\u00f6rv\u00e4ntningar, utveckling och m\u00e5l.<\/p>\n<p data-start=\"348\" data-end=\"728\">Edvin Lindh tackade f\u00f6rra veckan sitt Team Norra f\u00f6r en mycket fin tid. Nu uppkom m\u00f6jligheten att bli proffs. Det nya teamet beskriver v\u00e4rvningen som en del av en tydlig linje: att identifiera \u00e5kare tidigt, bygga dem metodiskt och investera \u00f6ver tid.<\/p>\n<blockquote>\n<p data-start=\"730\" data-end=\"1022\">\u201dDet finns inte m\u00e5nga svenska professionella cyklister. Jag \u00e4r stolt \u00f6ver att vara en av dem. Att g\u00e5 till ett internationellt proffslag tar allt till en ny niv\u00e5. I den h\u00e4r globala milj\u00f6n vill jag representera mitt land med stolthet och bidra till lagets framg\u00e5ng \u00f6ver tid\u201d, s\u00e4ger Edvin Lindh som \u00e5ret innan vann den totala v\u00e4rldscupen i XCE och har en extremt h\u00f6g vinstprocent i det inledande tidskvalet som ocks\u00e5 ger po\u00e4ng.<\/p>\n<\/blockquote>\n<p data-start=\"730\" data-end=\"1022\"><a href=\"https:\/\/scf.se\/mountainbike\/wp-content\/uploads\/sites\/6\/2026\/01\/Racingteam_Edvin_Lindh_jeeptrack-free-to-use-for-this-article-1.jpg\"><img loading=\"lazy\" decoding=\"async\" class=\"alignnone size-full wp-image-9026\" src=\"https:\/\/scf.se\/mountainbike\/wp-content\/uploads\/sites\/6\/2026\/01\/Racingteam_Edvin_Lindh_jeeptrack-free-to-use-for-this-article-1.jpg\" alt=\"\" width=\"2200\" height=\"1467\" srcset=\"https:\/\/scf.se\/mountainbike\/wp-content\/uploads\/sites\/6\/2026\/01\/Racingteam_Edvin_Lindh_jeeptrack-free-to-use-for-this-article-1.jpg 2200w, https:\/\/scf.se\/mountainbike\/wp-content\/uploads\/sites\/6\/2026\/01\/Racingteam_Edvin_Lindh_jeeptrack-free-to-use-for-this-article-1-300x200.jpg 300w, https:\/\/scf.se\/mountainbike\/wp-content\/uploads\/sites\/6\/2026\/01\/Racingteam_Edvin_Lindh_jeeptrack-free-to-use-for-this-article-1-1024x683.jpg 1024w, https:\/\/scf.se\/mountainbike\/wp-content\/uploads\/sites\/6\/2026\/01\/Racingteam_Edvin_Lindh_jeeptrack-free-to-use-for-this-article-1-768x512.jpg 768w, https:\/\/scf.se\/mountainbike\/wp-content\/uploads\/sites\/6\/2026\/01\/Racingteam_Edvin_Lindh_jeeptrack-free-to-use-for-this-article-1-1536x1024.jpg 1536w, https:\/\/scf.se\/mountainbike\/wp-content\/uploads\/sites\/6\/2026\/01\/Racingteam_Edvin_Lindh_jeeptrack-free-to-use-for-this-article-1-2048x1366.jpg 2048w\" sizes=\"auto, (max-width: 2200px) 100vw, 2200px\" \/><\/a><\/p>\n<p data-start=\"1024\" data-end=\"1437\">Lindh, 25, har redan hunnit kliva in i den nya vardagen. Tr\u00e4ningsl\u00e4ger i Mellan\u00f6stern f\u00f6ljdes av f\u00f6rberedelseblock p\u00e5 Kanarie\u00f6arna, d\u00e4r fokus enligt teamet varit b\u00e5de fysisk uppbyggnad och att s\u00e4tta gemensamma rutiner i en ny struktur.<\/p>\n<p data-start=\"1024\" data-end=\"1437\">Senare i m\u00e5naden v\u00e4ntar ett skifte n\u00e4r lagkamraterna reser till Sverige f\u00f6r ett l\u00e4ger under helt andra f\u00f6rh\u00e5llanden, som en del av lagets id\u00e9 om att dela milj\u00f6er och standarder.<\/p>\n<blockquote>\n<p data-start=\"1439\" data-end=\"1744\">\u201dTemperaturer under minus 15 grader och mycket av sn\u00f6 eller en v\u00e4ldigt enkel milj\u00f6 \u00e4r en del av vardagen f\u00f6r m\u00e5nga idrottare. Att uppleva de h\u00e4r f\u00f6rh\u00e5llandena tillsammans st\u00e4rker f\u00f6rst\u00e5elsen och sammanh\u00e5llningen. I slut\u00e4ndan handlar framg\u00e5ng om att optimera dig sj\u00e4lv och din milj\u00f6 som lag\u201d, s\u00e4ger teamchefen Steffen Thum.<\/p>\n<\/blockquote>\n<p data-start=\"1746\" data-end=\"2230\">UCI Mountainbike Racingteam best\u00e5r av sex professionella \u00e5kare som t\u00e4vlar i v\u00e4rldscupen och internationella t\u00e4vlingar. Lagets discipliner sp\u00e4nner brett \u00f6ver MTB-discplinerna, d\u00e4r Edvin allts\u00e5 \u00e4r sprintcyklisten i XCE (cross-country eliminator).<\/p>\n<p data-start=\"1746\" data-end=\"2230\"><a href=\"https:\/\/scf.se\/mountainbike\/wp-content\/uploads\/sites\/6\/2026\/01\/Racingteam_Edvin_Lindh-free-to-use-for-this-article-1.jpg\"><img loading=\"lazy\" decoding=\"async\" class=\"alignnone size-full wp-image-9025\" src=\"https:\/\/scf.se\/mountainbike\/wp-content\/uploads\/sites\/6\/2026\/01\/Racingteam_Edvin_Lindh-free-to-use-for-this-article-1.jpg\" alt=\"\" width=\"1467\" height=\"2200\" srcset=\"https:\/\/scf.se\/mountainbike\/wp-content\/uploads\/sites\/6\/2026\/01\/Racingteam_Edvin_Lindh-free-to-use-for-this-article-1.jpg 1467w, https:\/\/scf.se\/mountainbike\/wp-content\/uploads\/sites\/6\/2026\/01\/Racingteam_Edvin_Lindh-free-to-use-for-this-article-1-200x300.jpg 200w, https:\/\/scf.se\/mountainbike\/wp-content\/uploads\/sites\/6\/2026\/01\/Racingteam_Edvin_Lindh-free-to-use-for-this-article-1-683x1024.jpg 683w, https:\/\/scf.se\/mountainbike\/wp-content\/uploads\/sites\/6\/2026\/01\/Racingteam_Edvin_Lindh-free-to-use-for-this-article-1-768x1152.jpg 768w, https:\/\/scf.se\/mountainbike\/wp-content\/uploads\/sites\/6\/2026\/01\/Racingteam_Edvin_Lindh-free-to-use-for-this-article-1-1024x1536.jpg 1024w, https:\/\/scf.se\/mountainbike\/wp-content\/uploads\/sites\/6\/2026\/01\/Racingteam_Edvin_Lindh-free-to-use-for-this-article-1-1366x2048.jpg 1366w\" sizes=\"auto, (max-width: 1467px) 100vw, 1467px\" \/><\/a><\/p>\n<p data-start=\"1746\" data-end=\"2230\">Den ramen \u00e4r viktig f\u00f6r Lindh, som kommer in som regerande v\u00e4rldsm\u00e4stare, men ocks\u00e5 som en \u00e5kare laget vill utveckla \u00f6ver flera \u00e5r.<\/p>\n<p data-start=\"2232\" data-end=\"2739\">F\u00f6r svensk cykel blir flytten \u00e4nnu ett exempel p\u00e5 att toppniv\u00e5n finns \u00e4ven n\u00e4r antalet svenska proffs \u00e4r begr\u00e4nsat. Lindh g\u00e5r in i ett lag som vill vara konkurrenskraftigt \u00f6ver tid och \u00f6ver discipliner, samtidigt som han sj\u00e4lv kliver in i en vardag d\u00e4r varje detalj m\u00e4ts, f\u00f6ljs upp och f\u00f6rb\u00e4ttras \u2013 l\u00e4ger f\u00f6r l\u00e4ger, s\u00e4song f\u00f6r s\u00e4song.<\/p>\n<p data-start=\"2232\" data-end=\"2739\">V\u00e4rldsm\u00e4staren f\u00e5r nu en ny scen, men ocks\u00e5 ett tydligt uppdrag: att forts\u00e4tta vinna, forts\u00e4tta utvecklas och g\u00f6ra det i en struktur som \u00e4r byggd f\u00f6r l\u00e5ngsiktig prestation.<\/p>\n<h3>UCI Mountainbike Racingteam<\/h3>\n<ul>\n<li>UCI Mountainbike Racingteam best\u00e5r av sex professionella \u00e5kare som t\u00e4vlar i v\u00e4rldscupen och andra internationella t\u00e4vlingar.<\/li>\n<li>Lagets discipliner sp\u00e4nner \u00f6ver XCE, XCO, XCM och XCS (stage race).<\/li>\n<li>Laget har vunnit fler \u00e4n tio UCI World Cup-segrar och v\u00e4rldsm\u00e4sterskapstitlar i b\u00e5de herr- och damklasser.<\/li>\n<li>Laget har \u00e4ven vunnit totalen i UCI MTB World Cup i sprint och maraton.<\/li>\n<li>L\u00e4s mer p\u00e5: mtb-racingteam.com och facebook.com\/MountainbikeRacingteam<\/li>\n<\/ul>\n<p><em>Text: SCF och pressmeddelande fr\u00e5n UCI Mountainbike Racingteam<\/em><br \/>\n<em>Foto: UCI Mountainbike Racingteam<\/em><\/p>\n","protected":false},"excerpt":{"rendered":"<p>Edvin Lindh tar n\u00e4sta steg i karri\u00e4ren och g\u00f6r det i en av mountainbikens mest internationella milj\u00f6er. V\u00e4rldsm\u00e4staren i XCE har ska k\u00f6ra f\u00f6r UCI Mountainbike Racingteam, ett lag med v\u00e4rldscup- och VM-meriter i flera discipliner. F\u00f6r Lindh handlar flytten om en fler\u00e5rig satsning d\u00e4r utveckling, struktur och l\u00e5ngsiktighet st\u00e5r i centrum. Kontraktet skrevs<a href=\"https:\/\/scf.se\/mountainbike\/edvin-lind-far-langsiktigt-jattelyft-som-proffs-i-uci-mountainbike-racingteam\/\" class=\"news-card__more\"> &#8230;<\/a><\/p>\n","protected":false},"author":41,"featured_media":9023,"comment_status":"open","ping_status":"open","sticky":true,"template":"","format":"standard","meta":{"_acf_changed":false,"footnotes":""},"categories":[1],"tags":[],"class_list":["post-9022","post","type-post","status-publish","format-standard","hentry","category-mountainbike"],"acf":[],"_links":{"self":[{"href":"https:\/\/scf.se\/mountainbike\/wp-json\/wp\/v2\/posts\/9022","targetHints":{"allow":["GET"]}}],"collection":[{"href":"https:\/\/scf.se\/mountainbike\/wp-json\/wp\/v2\/posts"}],"about":[{"href":"https:\/\/scf.se\/mountainbike\/wp-json\/wp\/v2\/types\/post"}],"author":[{"embeddable":true,"href":"https:\/\/scf.se\/mountainbike\/wp-json\/wp\/v2\/users\/41"}],"replies":[{"embeddable":true,"href":"https:\/\/scf.se\/mountainbike\/wp-json\/wp\/v2\/comments?post=9022"}],"version-history":[{"count":10,"href":"https:\/\/scf.se\/mountainbike\/wp-json\/wp\/v2\/posts\/9022\/revisions"}],"predecessor-version":[{"id":9399,"href":"https:\/\/scf.se\/mountainbike\/wp-json\/wp\/v2\/posts\/9022\/revisions\/9399"}],"wp:featuredmedia":[{"embeddable":true,"href":"https:\/\/scf.se\/mountainbike\/wp-json\/wp\/v2\/media\/9023"}],"wp:attachment":[{"href":"https:\/\/scf.se\/mountainbike\/wp-json\/wp\/v2\/media?parent=9022"}],"wp:term":[{"taxonomy":"category","embeddable":true,"href":"https:\/\/scf.se\/mountainbike\/wp-json\/wp\/v2\/categories?post=9022"},{"taxonomy":"post_tag","embeddable":true,"href":"https:\/\/scf.se\/mountainbike\/wp-json\/wp\/v2\/tags?post=9022"}],"curies":[{"name":"wp","href":"https:\/\/api.w.org\/{rel}","templated":true}]}}