
{"id":9006,"date":"2026-01-08T14:06:00","date_gmt":"2026-01-08T13:06:00","guid":{"rendered":"https:\/\/scf.se\/mountainbike\/?p=9006"},"modified":"2026-02-12T15:09:36","modified_gmt":"2026-02-12T14:09:36","slug":"mtb-forbundskapten-vill-ha-in-planer-infor-2026-och-traningsbakgrund","status":"publish","type":"post","link":"https:\/\/scf.se\/mountainbike\/mtb-forbundskapten-vill-ha-in-planer-infor-2026-och-traningsbakgrund\/","title":{"rendered":"MTB-f\u00f6rbundskapten vill ha in planer inf\u00f6r 2026 \u2013 och tr\u00e4ningsbakgrund"},"content":{"rendered":"<div class=\"text-base my-auto mx-auto pb-10 [--thread-content-margin:--spacing(4)] @w-sm\/main:[--thread-content-margin:--spacing(6)] @w-lg\/main:[--thread-content-margin:--spacing(16)] px-(--thread-content-margin)\">\n<div class=\"[--thread-content-max-width:40rem] @w-lg\/main:[--thread-content-max-width:48rem] mx-auto max-w-(--thread-content-max-width) flex-1 group\/turn-messages focus-visible:outline-hidden relative flex w-full min-w-0 flex-col agent-turn\">\n<div class=\"flex max-w-full flex-col grow\">\n<div class=\"min-h-8 text-message relative flex w-full flex-col items-end gap-2 text-start break-words whitespace-normal [.text-message+&amp;]:mt-1\" dir=\"auto\" data-message-author-role=\"assistant\" data-message-id=\"8351ef6a-cb5e-4bc7-9152-b63b68a8bbe2\" data-message-model-slug=\"gpt-5-2-thinking\">\n<div class=\"flex w-full flex-col gap-1 empty:hidden first:pt-[1px]\">\n<div class=\"markdown prose dark:prose-invert w-full break-words dark markdown-new-styling\">\n<p data-start=\"0\" data-end=\"320\"><strong>Nu vill MTB-f\u00f6rbundskaptenen David Eriksson f\u00e5 b\u00e4ttre koll p\u00e5 en bredare grupp duktiga cyklister med internationella ambitioner inom XC. Det handlar om tre h\u00e5llpunkter inf\u00f6r 2026: anm\u00e4l intresse, h\u00e5ll deadline och var beredd p\u00e5 uppf\u00f6ljning. M\u00e5let \u00e4r att g\u00f6ra uttagningar och planering vassare, inte minst p\u00e5 juniorsidan.<\/strong><\/p>\n<p data-start=\"322\" data-end=\"393\">H\u00e4r kommer instruktionerna och tankarna fr\u00e5n David Eriksson, som \u00e4r f\u00f6rbundskapten i XC-grenarna:<\/p>\n<ol data-start=\"395\" data-end=\"1107\" data-is-last-node=\"\" data-is-only-node=\"\">\n<li data-start=\"395\" data-end=\"554\">\n<p data-start=\"398\" data-end=\"554\">Alla cyklister som vill satsa internationellt inom XC och beh\u00f6ver st\u00f6d p\u00e5 n\u00e5got s\u00e4tt av landslaget ska anm\u00e4la sitt intresse genom att l\u00e4mna in dokumentet.<\/p>\n<\/li>\n<li data-start=\"555\" data-end=\"733\">\n<p data-start=\"558\" data-end=\"733\">Jag kan inte tvinga n\u00e5gon att g\u00f6ra detta men det f\u00f6renklar uttagningsprocessen f\u00f6r mig avsev\u00e4rt och underl\u00e4ttar uttagning till f\u00f6rs\u00e4songsl\u00e4ger, s\u00e4rskilt f\u00f6r juniorcyklister.<\/p>\n<\/li>\n<li data-start=\"734\" data-end=\"968\">\n<p data-start=\"737\" data-end=\"968\">Dokumentet ska vara skickat till min mail innan den 31 januari 2026. Kort d\u00e4refter kommer jag ha m\u00f6ten med cyklister med detta dokument som underlag. Jag kommer inte att s\u00f6ka upp cyklister som inte l\u00e4mnat in innan den 31 januari.<\/p>\n<\/li>\n<li data-start=\"969\" data-end=\"1107\" data-is-last-node=\"\">\n<p data-start=\"972\" data-end=\"1107\" data-is-last-node=\"\">Detta dokument \u00e4r en intresseanm\u00e4lan till landslaget 2026 och g\u00e4ller junior, U23 och elit. Inga andra klasser ber\u00f6rs av detta dokument.<\/p>\n<\/li>\n<\/ol>\n<p>Fyll i det bifogade dokumentet och mejla det till: <em><strong><a class=\"decorated-link cursor-pointer\" href=\"mailto:david.eriksson@scf.se\" rel=\"noopener\" data-start=\"372\" data-end=\"393\">david.eriksson@scf.se<\/a><\/strong><\/em><\/p>\n<h3><a href=\"https:\/\/scf.se\/mountainbike\/wp-content\/uploads\/sites\/6\/2026\/01\/UP-2026-MTB-1-2.docx\"><em>Dokumentet i Word h\u00e4r!<\/em><\/a><\/h3>\n<h3><a href=\"https:\/\/scf.se\/mountainbike\/wp-content\/uploads\/sites\/6\/2026\/01\/UP-2026-MTB-.pdf\"><em>Dokumentet i pdf h\u00e4r!<\/em><\/a><\/h3>\n<p>&nbsp;<\/p>\n<p><em>Text: Svenska Cykelf\u00f6rbundet<\/em><br \/>\n<em>Foto: Piper Albrecht<\/em><\/p>\n<p>&nbsp;<\/p>\n<\/div>\n<\/div>\n<\/div>\n<\/div>\n<\/div>\n<\/div>\n","protected":false},"excerpt":{"rendered":"<p>Nu vill MTB-f\u00f6rbundskaptenen David Eriksson f\u00e5 b\u00e4ttre koll p\u00e5 en bredare grupp duktiga cyklister med internationella ambitioner inom XC. Det handlar om tre h\u00e5llpunkter inf\u00f6r 2026: anm\u00e4l intresse, h\u00e5ll deadline och var beredd p\u00e5 uppf\u00f6ljning. M\u00e5let \u00e4r att g\u00f6ra uttagningar och planering vassare, inte minst p\u00e5 juniorsidan. H\u00e4r kommer instruktionerna och tankarna fr\u00e5n David<a href=\"https:\/\/scf.se\/mountainbike\/mtb-forbundskapten-vill-ha-in-planer-infor-2026-och-traningsbakgrund\/\" class=\"news-card__more\"> &#8230;<\/a><\/p>\n","protected":false},"author":41,"featured_media":9007,"comment_status":"open","ping_status":"open","sticky":true,"template":"","format":"standard","meta":{"_acf_changed":false,"footnotes":""},"categories":[1],"tags":[],"class_list":["post-9006","post","type-post","status-publish","format-standard","hentry","category-mountainbike"],"acf":[],"_links":{"self":[{"href":"https:\/\/scf.se\/mountainbike\/wp-json\/wp\/v2\/posts\/9006","targetHints":{"allow":["GET"]}}],"collection":[{"href":"https:\/\/scf.se\/mountainbike\/wp-json\/wp\/v2\/posts"}],"about":[{"href":"https:\/\/scf.se\/mountainbike\/wp-json\/wp\/v2\/types\/post"}],"author":[{"embeddable":true,"href":"https:\/\/scf.se\/mountainbike\/wp-json\/wp\/v2\/users\/41"}],"replies":[{"embeddable":true,"href":"https:\/\/scf.se\/mountainbike\/wp-json\/wp\/v2\/comments?post=9006"}],"version-history":[{"count":7,"href":"https:\/\/scf.se\/mountainbike\/wp-json\/wp\/v2\/posts\/9006\/revisions"}],"predecessor-version":[{"id":9021,"href":"https:\/\/scf.se\/mountainbike\/wp-json\/wp\/v2\/posts\/9006\/revisions\/9021"}],"wp:featuredmedia":[{"embeddable":true,"href":"https:\/\/scf.se\/mountainbike\/wp-json\/wp\/v2\/media\/9007"}],"wp:attachment":[{"href":"https:\/\/scf.se\/mountainbike\/wp-json\/wp\/v2\/media?parent=9006"}],"wp:term":[{"taxonomy":"category","embeddable":true,"href":"https:\/\/scf.se\/mountainbike\/wp-json\/wp\/v2\/categories?post=9006"},{"taxonomy":"post_tag","embeddable":true,"href":"https:\/\/scf.se\/mountainbike\/wp-json\/wp\/v2\/tags?post=9006"}],"curies":[{"name":"wp","href":"https:\/\/api.w.org\/{rel}","templated":true}]}}